{"id":65785,"date":"2021-03-03T15:55:22","date_gmt":"2021-03-03T18:55:22","guid":{"rendered":"http:\/\/www.portalmantena.com.br\/novo\/?p=65785"},"modified":"2021-03-05T14:14:17","modified_gmt":"2021-03-05T17:14:17","slug":"bsf-santos-realiza-peneira-para-avaliacao-tecnica-de-atletas","status":"publish","type":"post","link":"http:\/\/www.portalmantena.com.br\/novo\/?p=65785","title":{"rendered":"BSF: Santos realiza peneira para avalia\u00e7\u00e3o t\u00e9cnica de atletas"},"content":{"rendered":"<p><a href=\"http:\/\/www.portalmantena.com.br\/novo\/wp-content\/uploads\/2021\/03\/no030321santos.jpg\"><img loading=\"lazy\" class=\"alignnone size-full wp-image-65786\" src=\"http:\/\/www.portalmantena.com.br\/novo\/wp-content\/uploads\/2021\/03\/no030321santos.jpg\" alt=\"\" width=\"700\" height=\"450\" srcset=\"http:\/\/www.portalmantena.com.br\/novo\/wp-content\/uploads\/2021\/03\/no030321santos.jpg 700w, http:\/\/www.portalmantena.com.br\/novo\/wp-content\/uploads\/2021\/03\/no030321santos-300x193.jpg 300w, http:\/\/www.portalmantena.com.br\/novo\/wp-content\/uploads\/2021\/03\/no030321santos-696x447.jpg 696w, http:\/\/www.portalmantena.com.br\/novo\/wp-content\/uploads\/2021\/03\/no030321santos-653x420.jpg 653w\" sizes=\"(max-width: 700px) 100vw, 700px\" \/><\/a><\/p>\n<p><span style=\"font-size: 14pt;\">Nesta quinta-feira dia 04 de Mar\u00e7o a partir das 19 horas, acontecer\u00e1 na cidade de Barra de S\u00e3o Francisco, a 1\u00aa Super Peneira do Santos Futebol Clube, o Terror do Norte. <\/span><\/p>\n<p><span style=\"font-size: 14pt;\">A avalia\u00e7\u00e3o ser\u00e1 realizada nas depend\u00eancias do Est\u00e1dio Joaquim Alves de Souza, em Barra de S\u00e3o Francisco. <\/span><\/p>\n<p><span style=\"font-size: 14pt;\">De acordo com a divulga\u00e7\u00e3o do evento para avalia\u00e7\u00e3o t\u00e9cnica para comiss\u00e3o, a organiza\u00e7\u00e3o n\u00e3o ser\u00e1 respons\u00e1vel com gastos com transporte, alimenta\u00e7\u00e3o e hospedagem. <\/span><\/p>\n<p><span style=\"font-size: 14pt;\">A entrada ser\u00e1 permitida apenas para s\u00f3cios e atletas. <\/span><\/p>\n<p><span style=\"font-size: 18pt;\"><strong>Os atletas devem chegar 30 minutos antes para inscri\u00e7\u00e3o. <\/strong><\/span><\/p>\n<p><span style=\"font-size: 14pt;\">Menores de idade devem estar acompanhados dos pais ou respons\u00e1vel.<\/span><\/p>\n<p><a href=\"http:\/\/www.portalmantena.com.br\/novo\/\"><img loading=\"lazy\" class=\"alignnone size-full wp-image-37331\" src=\"http:\/\/www.portalmantena.com.br\/novo\/wp-content\/uploads\/2018\/05\/faixaportalnoticias5.jpg\" alt=\"\" width=\"700\" height=\"40\" srcset=\"http:\/\/www.portalmantena.com.br\/novo\/wp-content\/uploads\/2018\/05\/faixaportalnoticias5.jpg 700w, http:\/\/www.portalmantena.com.br\/novo\/wp-content\/uploads\/2018\/05\/faixaportalnoticias5-300x17.jpg 300w, http:\/\/www.portalmantena.com.br\/novo\/wp-content\/uploads\/2018\/05\/faixaportalnoticias5-696x40.jpg 696w\" sizes=\"(max-width: 700px) 100vw, 700px\" \/><\/a><\/p>\n<p><span style=\"font-size: 10pt;\">ESPA\u00c7O EMPRESARIAL<\/span><a href=\"https:\/\/www.facebook.com\/pg\/casadasbicicletas\/photos\/?ref=page_internal\"><img loading=\"lazy\" class=\"alignnone size-full wp-image-59877\" src=\"http:\/\/www.portalmantena.com.br\/novo\/wp-content\/uploads\/2018\/05\/bifao220420.jpg\" alt=\"\" width=\"700\" height=\"150\" srcset=\"http:\/\/www.portalmantena.com.br\/novo\/wp-content\/uploads\/2018\/05\/bifao220420.jpg 700w, http:\/\/www.portalmantena.com.br\/novo\/wp-content\/uploads\/2018\/05\/bifao220420-300x64.jpg 300w, http:\/\/www.portalmantena.com.br\/novo\/wp-content\/uploads\/2018\/05\/bifao220420-696x150.jpg 696w\" sizes=\"(max-width: 700px) 100vw, 700px\" \/><\/a><\/p>\n","protected":false},"excerpt":{"rendered":"<p>Nesta quinta-feira dia 04 de Mar\u00e7o a partir das 19 horas, acontecer\u00e1 na cidade de Barra de S\u00e3o Francisco, a 1\u00aa Super Peneira do Santos Futebol Clube, o Terror do Norte. A avalia\u00e7\u00e3o ser\u00e1 realizada nas depend\u00eancias do Est\u00e1dio Joaquim Alves de Souza, em Barra de S\u00e3o Francisco. De acordo com a divulga\u00e7\u00e3o do evento [&hellip;]<\/p>\n","protected":false},"author":1,"featured_media":65786,"comment_status":"open","ping_status":"open","sticky":false,"template":"","format":"standard","meta":[],"categories":[22],"tags":[],"_links":{"self":[{"href":"http:\/\/www.portalmantena.com.br\/novo\/index.php?rest_route=\/wp\/v2\/posts\/65785"}],"collection":[{"href":"http:\/\/www.portalmantena.com.br\/novo\/index.php?rest_route=\/wp\/v2\/posts"}],"about":[{"href":"http:\/\/www.portalmantena.com.br\/novo\/index.php?rest_route=\/wp\/v2\/types\/post"}],"author":[{"embeddable":true,"href":"http:\/\/www.portalmantena.com.br\/novo\/index.php?rest_route=\/wp\/v2\/users\/1"}],"replies":[{"embeddable":true,"href":"http:\/\/www.portalmantena.com.br\/novo\/index.php?rest_route=%2Fwp%2Fv2%2Fcomments&post=65785"}],"version-history":[{"count":1,"href":"http:\/\/www.portalmantena.com.br\/novo\/index.php?rest_route=\/wp\/v2\/posts\/65785\/revisions"}],"predecessor-version":[{"id":65788,"href":"http:\/\/www.portalmantena.com.br\/novo\/index.php?rest_route=\/wp\/v2\/posts\/65785\/revisions\/65788"}],"wp:featuredmedia":[{"embeddable":true,"href":"http:\/\/www.portalmantena.com.br\/novo\/index.php?rest_route=\/wp\/v2\/media\/65786"}],"wp:attachment":[{"href":"http:\/\/www.portalmantena.com.br\/novo\/index.php?rest_route=%2Fwp%2Fv2%2Fmedia&parent=65785"}],"wp:term":[{"taxonomy":"category","embeddable":true,"href":"http:\/\/www.portalmantena.com.br\/novo\/index.php?rest_route=%2Fwp%2Fv2%2Fcategories&post=65785"},{"taxonomy":"post_tag","embeddable":true,"href":"http:\/\/www.portalmantena.com.br\/novo\/index.php?rest_route=%2Fwp%2Fv2%2Ftags&post=65785"}],"curies":[{"name":"wp","href":"https:\/\/api.w.org\/{rel}","templated":true}]}}