{"id":65780,"date":"2021-03-03T14:50:19","date_gmt":"2021-03-03T17:50:19","guid":{"rendered":"http:\/\/www.portalmantena.com.br\/novo\/?p=65780"},"modified":"2021-03-03T15:55:01","modified_gmt":"2021-03-03T18:55:01","slug":"mantena-acumulado-de-chuva-em-fevereiro-foi-de-195-mm","status":"publish","type":"post","link":"http:\/\/www.portalmantena.com.br\/novo\/?p=65780","title":{"rendered":"Mantena: Acumulado de chuva em Fevereiro foi de 195 mm"},"content":{"rendered":"<p><a href=\"http:\/\/www.portalmantena.com.br\/novo\/wp-content\/uploads\/2021\/03\/no030321chuva1.jpg\"><img loading=\"lazy\" class=\"alignnone size-full wp-image-65781\" src=\"http:\/\/www.portalmantena.com.br\/novo\/wp-content\/uploads\/2021\/03\/no030321chuva1.jpg\" alt=\"\" width=\"700\" height=\"450\" srcset=\"http:\/\/www.portalmantena.com.br\/novo\/wp-content\/uploads\/2021\/03\/no030321chuva1.jpg 700w, http:\/\/www.portalmantena.com.br\/novo\/wp-content\/uploads\/2021\/03\/no030321chuva1-300x193.jpg 300w, http:\/\/www.portalmantena.com.br\/novo\/wp-content\/uploads\/2021\/03\/no030321chuva1-696x447.jpg 696w, http:\/\/www.portalmantena.com.br\/novo\/wp-content\/uploads\/2021\/03\/no030321chuva1-653x420.jpg 653w\" sizes=\"(max-width: 700px) 100vw, 700px\" \/><\/a><\/p>\n<p><span style=\"font-size: 14pt;\">O m\u00eas de Fevereiro deste ano de 2021 ficou marcado d<\/span><span style=\"font-size: 14pt;\">e forma diferente do que normalmente acontece nesta \u00e9poca do ano em Mantena. Foi um m\u00eas completamente chuvoso, com poucos dias onde a chuva n\u00e3o caiu sobre a cidade. <\/span><\/p>\n<p><span style=\"font-size: 18pt;\"><strong>Os registros meteorol\u00f3gicos obtivemos atrav\u00e9s da esta\u00e7\u00e3o autom\u00e1tica instalada da ETA\/SAAE. <\/strong><\/span><\/p>\n<p><span style=\"font-size: 14pt;\">De acordo com as informa\u00e7\u00f5es, a chuva caiu em 18 dias, dos 28 que compreende o m\u00eas, ou seja, em apenas 10 dias n\u00e3o choveu sobre Mantena. <\/span><\/p>\n<p><span style=\"font-size: 14pt;\">J\u00e1 o volume acumulado registrado neste per\u00edodo totalizou 195 mil\u00edmetros, ou seja, durante este m\u00eas de fevereiro at\u00edpico, foram mais de 190 litros por metro quadrado, despejados na regi\u00e3o central de cidade onde est\u00e1 situada a esta\u00e7\u00e3o meteorol\u00f3gica. <\/span><\/p>\n<p><span style=\"font-size: 14pt;\">Como as precipita\u00e7\u00f5es variam de regi\u00e3o para regi\u00e3o, sabemos que em algumas partes da cidade, bem como na zona rural, a chuva foi mais intensa em alguns per\u00edodos, podendo ter sito registrado um volume ainda maior durante o m\u00eas. <\/span><\/p>\n<p><span style=\"font-size: 14pt;\">Felizmente a chuva caiu moderada e n\u00e3o trouxe transtornos para a comunidade, ao contr\u00e1rio, trouxe b\u00ean\u00e7\u00e3os pois a terra estava mesmo necessitada de ser regada, pois o m\u00eas de janeiro foi deficit\u00e1rio em chuva como historicamente j\u00e1 se mostrou o contr\u00e1rio.<\/span><\/p>\n<p><a href=\"http:\/\/www.portalmantena.com.br\/novo\/wp-content\/uploads\/2021\/03\/no030321chuva2.jpg\"><img loading=\"lazy\" class=\"alignnone size-full wp-image-65782\" src=\"http:\/\/www.portalmantena.com.br\/novo\/wp-content\/uploads\/2021\/03\/no030321chuva2.jpg\" alt=\"\" width=\"700\" height=\"450\" srcset=\"http:\/\/www.portalmantena.com.br\/novo\/wp-content\/uploads\/2021\/03\/no030321chuva2.jpg 700w, http:\/\/www.portalmantena.com.br\/novo\/wp-content\/uploads\/2021\/03\/no030321chuva2-300x193.jpg 300w, http:\/\/www.portalmantena.com.br\/novo\/wp-content\/uploads\/2021\/03\/no030321chuva2-696x447.jpg 696w, http:\/\/www.portalmantena.com.br\/novo\/wp-content\/uploads\/2021\/03\/no030321chuva2-653x420.jpg 653w\" sizes=\"(max-width: 700px) 100vw, 700px\" \/><\/a> <a href=\"http:\/\/www.portalmantena.com.br\/novo\/wp-content\/uploads\/2021\/03\/no030321chuva3.jpg\"><img loading=\"lazy\" class=\"alignnone size-full wp-image-65783\" src=\"http:\/\/www.portalmantena.com.br\/novo\/wp-content\/uploads\/2021\/03\/no030321chuva3.jpg\" alt=\"\" width=\"700\" height=\"450\" srcset=\"http:\/\/www.portalmantena.com.br\/novo\/wp-content\/uploads\/2021\/03\/no030321chuva3.jpg 700w, http:\/\/www.portalmantena.com.br\/novo\/wp-content\/uploads\/2021\/03\/no030321chuva3-300x193.jpg 300w, http:\/\/www.portalmantena.com.br\/novo\/wp-content\/uploads\/2021\/03\/no030321chuva3-696x447.jpg 696w, http:\/\/www.portalmantena.com.br\/novo\/wp-content\/uploads\/2021\/03\/no030321chuva3-653x420.jpg 653w\" sizes=\"(max-width: 700px) 100vw, 700px\" \/><\/a><\/p>\n<p><a href=\"http:\/\/www.portalmantena.com.br\/novo\/\"><img loading=\"lazy\" class=\"alignnone size-full wp-image-37331\" src=\"http:\/\/www.portalmantena.com.br\/novo\/wp-content\/uploads\/2018\/05\/faixaportalnoticias5.jpg\" alt=\"\" width=\"700\" height=\"40\" srcset=\"http:\/\/www.portalmantena.com.br\/novo\/wp-content\/uploads\/2018\/05\/faixaportalnoticias5.jpg 700w, http:\/\/www.portalmantena.com.br\/novo\/wp-content\/uploads\/2018\/05\/faixaportalnoticias5-300x17.jpg 300w, http:\/\/www.portalmantena.com.br\/novo\/wp-content\/uploads\/2018\/05\/faixaportalnoticias5-696x40.jpg 696w\" sizes=\"(max-width: 700px) 100vw, 700px\" \/><\/a><\/p>\n<p><span style=\"font-size: 10pt;\">ESPA\u00c7O EMPRESARIAL<\/span><a href=\"http:\/\/www.portalmantena.com.br\/novo\/wp-content\/uploads\/2018\/05\/siqueira020321.jpg\"><img loading=\"lazy\" class=\"alignnone size-full wp-image-65773\" src=\"http:\/\/www.portalmantena.com.br\/novo\/wp-content\/uploads\/2018\/05\/siqueira020321.jpg\" alt=\"\" width=\"700\" height=\"150\" srcset=\"http:\/\/www.portalmantena.com.br\/novo\/wp-content\/uploads\/2018\/05\/siqueira020321.jpg 700w, http:\/\/www.portalmantena.com.br\/novo\/wp-content\/uploads\/2018\/05\/siqueira020321-300x64.jpg 300w, http:\/\/www.portalmantena.com.br\/novo\/wp-content\/uploads\/2018\/05\/siqueira020321-696x150.jpg 696w\" sizes=\"(max-width: 700px) 100vw, 700px\" \/><\/a><\/p>\n","protected":false},"excerpt":{"rendered":"<p>O m\u00eas de Fevereiro deste ano de 2021 ficou marcado de forma diferente do que normalmente acontece nesta \u00e9poca do ano em Mantena. Foi um m\u00eas completamente chuvoso, com poucos dias onde a chuva n\u00e3o caiu sobre a cidade. Os registros meteorol\u00f3gicos obtivemos atrav\u00e9s da esta\u00e7\u00e3o autom\u00e1tica instalada da ETA\/SAAE. De acordo com as informa\u00e7\u00f5es, [&hellip;]<\/p>\n","protected":false},"author":1,"featured_media":65783,"comment_status":"open","ping_status":"open","sticky":false,"template":"","format":"standard","meta":[],"categories":[12],"tags":[],"_links":{"self":[{"href":"http:\/\/www.portalmantena.com.br\/novo\/index.php?rest_route=\/wp\/v2\/posts\/65780"}],"collection":[{"href":"http:\/\/www.portalmantena.com.br\/novo\/index.php?rest_route=\/wp\/v2\/posts"}],"about":[{"href":"http:\/\/www.portalmantena.com.br\/novo\/index.php?rest_route=\/wp\/v2\/types\/post"}],"author":[{"embeddable":true,"href":"http:\/\/www.portalmantena.com.br\/novo\/index.php?rest_route=\/wp\/v2\/users\/1"}],"replies":[{"embeddable":true,"href":"http:\/\/www.portalmantena.com.br\/novo\/index.php?rest_route=%2Fwp%2Fv2%2Fcomments&post=65780"}],"version-history":[{"count":1,"href":"http:\/\/www.portalmantena.com.br\/novo\/index.php?rest_route=\/wp\/v2\/posts\/65780\/revisions"}],"predecessor-version":[{"id":65784,"href":"http:\/\/www.portalmantena.com.br\/novo\/index.php?rest_route=\/wp\/v2\/posts\/65780\/revisions\/65784"}],"wp:featuredmedia":[{"embeddable":true,"href":"http:\/\/www.portalmantena.com.br\/novo\/index.php?rest_route=\/wp\/v2\/media\/65783"}],"wp:attachment":[{"href":"http:\/\/www.portalmantena.com.br\/novo\/index.php?rest_route=%2Fwp%2Fv2%2Fmedia&parent=65780"}],"wp:term":[{"taxonomy":"category","embeddable":true,"href":"http:\/\/www.portalmantena.com.br\/novo\/index.php?rest_route=%2Fwp%2Fv2%2Fcategories&post=65780"},{"taxonomy":"post_tag","embeddable":true,"href":"http:\/\/www.portalmantena.com.br\/novo\/index.php?rest_route=%2Fwp%2Fv2%2Ftags&post=65780"}],"curies":[{"name":"wp","href":"https:\/\/api.w.org\/{rel}","templated":true}]}}