{"id":65775,"date":"2021-03-03T13:58:03","date_gmt":"2021-03-03T16:58:03","guid":{"rendered":"http:\/\/www.portalmantena.com.br\/novo\/?p=65775"},"modified":"2021-03-03T14:00:17","modified_gmt":"2021-03-03T17:00:17","slug":"covid-casos-voltam-a-subir-em-mantena-em-24-hs","status":"publish","type":"post","link":"http:\/\/www.portalmantena.com.br\/novo\/?p=65775","title":{"rendered":"Covid: Casos voltam \u00e0 subir em Mantena em 24hs"},"content":{"rendered":"<p><a href=\"http:\/\/www.portalmantena.com.br\/novo\/wp-content\/uploads\/2021\/03\/no030321covid.jpg\"><img loading=\"lazy\" class=\"alignnone size-full wp-image-65776\" src=\"http:\/\/www.portalmantena.com.br\/novo\/wp-content\/uploads\/2021\/03\/no030321covid.jpg\" alt=\"\" width=\"700\" height=\"450\" srcset=\"http:\/\/www.portalmantena.com.br\/novo\/wp-content\/uploads\/2021\/03\/no030321covid.jpg 700w, http:\/\/www.portalmantena.com.br\/novo\/wp-content\/uploads\/2021\/03\/no030321covid-300x193.jpg 300w, http:\/\/www.portalmantena.com.br\/novo\/wp-content\/uploads\/2021\/03\/no030321covid-696x447.jpg 696w, http:\/\/www.portalmantena.com.br\/novo\/wp-content\/uploads\/2021\/03\/no030321covid-653x420.jpg 653w\" sizes=\"(max-width: 700px) 100vw, 700px\" \/><\/a><\/p>\n<p><span style=\"font-size: 14pt;\">O boletim epidemiol\u00f3gico sobre o covid 19 no munic\u00edpio de Mantena divulgado na tarde desta ter\u00e7a-feira dia 02 de mar\u00e7o, apresenta um crescimento significativo no n\u00famero de casos bem como em pessoas em isolamento domiciliar.<\/span><\/p>\n<p><span style=\"font-size: 14pt;\"> O boletim apresenta nesta data, que Mantena passou dos 1.800 casos confirmados da doen\u00e7a desde o in\u00edcio da Pandemia, chegando a 1.805 sendo que deste total 1.748 pessoas j\u00e1 se curaram. <\/span><\/p>\n<p><span style=\"font-size: 18pt;\"><strong>Nas \u00faltimas 24 horas, foram registrados 12 novos casos confirmados da doen\u00e7a, sendo que os casos ativos totalizam 16. <\/strong><\/span><\/p>\n<p><span style=\"font-size: 14pt;\">Destes 16 casos ativos, 01 paciente est\u00e1 internado em Ala, 03 em UTI e 12 em isolamento domiciliar. <\/span><\/p>\n<p><span style=\"font-size: 14pt;\">Ali\u00e1s, se somarmos as pessoas em isolamento domiciliar dos casos confirmados e casos suspeitos em investiga\u00e7\u00e3o, totaliza nesta data 90 pessoas, um aumento de 20 novos casos suspeitos em 24 horas.<\/span><\/p>\n<p><span style=\"font-size: 14pt;\"> Infelizmente, desde o in\u00edcio da Pandemia, Mantena j\u00e1 registrou 41 \u00f3bitos.<\/span><\/p>\n<p><a href=\"http:\/\/www.portalmantena.com.br\/novo\/\"><img loading=\"lazy\" class=\"alignnone size-full wp-image-37331\" src=\"http:\/\/www.portalmantena.com.br\/novo\/wp-content\/uploads\/2018\/05\/faixaportalnoticias5.jpg\" alt=\"\" width=\"700\" height=\"40\" srcset=\"http:\/\/www.portalmantena.com.br\/novo\/wp-content\/uploads\/2018\/05\/faixaportalnoticias5.jpg 700w, http:\/\/www.portalmantena.com.br\/novo\/wp-content\/uploads\/2018\/05\/faixaportalnoticias5-300x17.jpg 300w, http:\/\/www.portalmantena.com.br\/novo\/wp-content\/uploads\/2018\/05\/faixaportalnoticias5-696x40.jpg 696w\" sizes=\"(max-width: 700px) 100vw, 700px\" \/><\/a><\/p>\n<p><span style=\"font-size: 10pt;\">ESPA\u00c7O EMPRESARIAL<\/span><a href=\"http:\/\/www.portalmantena.com.br\/novo\/?p=53568\"><img loading=\"lazy\" class=\"alignnone size-full wp-image-54066\" src=\"http:\/\/www.portalmantena.com.br\/novo\/wp-content\/uploads\/2018\/05\/valenteapp.jpg\" alt=\"\" width=\"700\" height=\"150\" srcset=\"http:\/\/www.portalmantena.com.br\/novo\/wp-content\/uploads\/2018\/05\/valenteapp.jpg 700w, http:\/\/www.portalmantena.com.br\/novo\/wp-content\/uploads\/2018\/05\/valenteapp-300x64.jpg 300w, http:\/\/www.portalmantena.com.br\/novo\/wp-content\/uploads\/2018\/05\/valenteapp-696x150.jpg 696w\" sizes=\"(max-width: 700px) 100vw, 700px\" \/><\/a><\/p>\n","protected":false},"excerpt":{"rendered":"<p>O boletim epidemiol\u00f3gico sobre o covid 19 no munic\u00edpio de Mantena divulgado na tarde desta ter\u00e7a-feira dia 02 de mar\u00e7o, apresenta um crescimento significativo no n\u00famero de casos bem como em pessoas em isolamento domiciliar. O boletim apresenta nesta data, que Mantena passou dos 1.800 casos confirmados da doen\u00e7a desde o in\u00edcio da Pandemia, chegando [&hellip;]<\/p>\n","protected":false},"author":1,"featured_media":65776,"comment_status":"open","ping_status":"open","sticky":false,"template":"","format":"standard","meta":[],"categories":[11],"tags":[],"_links":{"self":[{"href":"http:\/\/www.portalmantena.com.br\/novo\/index.php?rest_route=\/wp\/v2\/posts\/65775"}],"collection":[{"href":"http:\/\/www.portalmantena.com.br\/novo\/index.php?rest_route=\/wp\/v2\/posts"}],"about":[{"href":"http:\/\/www.portalmantena.com.br\/novo\/index.php?rest_route=\/wp\/v2\/types\/post"}],"author":[{"embeddable":true,"href":"http:\/\/www.portalmantena.com.br\/novo\/index.php?rest_route=\/wp\/v2\/users\/1"}],"replies":[{"embeddable":true,"href":"http:\/\/www.portalmantena.com.br\/novo\/index.php?rest_route=%2Fwp%2Fv2%2Fcomments&post=65775"}],"version-history":[{"count":2,"href":"http:\/\/www.portalmantena.com.br\/novo\/index.php?rest_route=\/wp\/v2\/posts\/65775\/revisions"}],"predecessor-version":[{"id":65778,"href":"http:\/\/www.portalmantena.com.br\/novo\/index.php?rest_route=\/wp\/v2\/posts\/65775\/revisions\/65778"}],"wp:featuredmedia":[{"embeddable":true,"href":"http:\/\/www.portalmantena.com.br\/novo\/index.php?rest_route=\/wp\/v2\/media\/65776"}],"wp:attachment":[{"href":"http:\/\/www.portalmantena.com.br\/novo\/index.php?rest_route=%2Fwp%2Fv2%2Fmedia&parent=65775"}],"wp:term":[{"taxonomy":"category","embeddable":true,"href":"http:\/\/www.portalmantena.com.br\/novo\/index.php?rest_route=%2Fwp%2Fv2%2Fcategories&post=65775"},{"taxonomy":"post_tag","embeddable":true,"href":"http:\/\/www.portalmantena.com.br\/novo\/index.php?rest_route=%2Fwp%2Fv2%2Ftags&post=65775"}],"curies":[{"name":"wp","href":"https:\/\/api.w.org\/{rel}","templated":true}]}}