{"id":65744,"date":"2021-03-02T09:29:39","date_gmt":"2021-03-02T12:29:39","guid":{"rendered":"http:\/\/www.portalmantena.com.br\/novo\/?p=65744"},"modified":"2021-03-03T14:05:53","modified_gmt":"2021-03-03T17:05:53","slug":"covid-mantena-tem-nesta-data-09-casos-ativos","status":"publish","type":"post","link":"http:\/\/www.portalmantena.com.br\/novo\/?p=65744","title":{"rendered":"Covid: Mantena tem nesta data 09 casos ativos"},"content":{"rendered":"<p><a href=\"http:\/\/www.portalmantena.com.br\/novo\/wp-content\/uploads\/2021\/03\/no020321covid.jpg\"><img loading=\"lazy\" class=\"alignnone size-full wp-image-65745\" src=\"http:\/\/www.portalmantena.com.br\/novo\/wp-content\/uploads\/2021\/03\/no020321covid.jpg\" alt=\"\" width=\"700\" height=\"450\" srcset=\"http:\/\/www.portalmantena.com.br\/novo\/wp-content\/uploads\/2021\/03\/no020321covid.jpg 700w, http:\/\/www.portalmantena.com.br\/novo\/wp-content\/uploads\/2021\/03\/no020321covid-300x193.jpg 300w, http:\/\/www.portalmantena.com.br\/novo\/wp-content\/uploads\/2021\/03\/no020321covid-696x447.jpg 696w, http:\/\/www.portalmantena.com.br\/novo\/wp-content\/uploads\/2021\/03\/no020321covid-653x420.jpg 653w\" sizes=\"(max-width: 700px) 100vw, 700px\" \/><\/a><\/p>\n<p><span style=\"font-size: 14pt;\">O boletim epidemiol\u00f3gico sobre o covid 19 em Mantena divulgado na tarde desta segunda-feira dia 1\u00ba de Mar\u00e7o, tr\u00e1s informa\u00e7\u00f5es importantes, entre elas o registro de 9 casos ativos da doen\u00e7a, sendo que deste total 1 paciente est\u00e1 internado em Ala, 02 em UTI e 06 em isolamento domiciliar. <\/span><\/p>\n<p><span style=\"font-size: 14pt;\">J\u00e1 foram registrados desde o in\u00edcio da Pandemia 1.793 casos confirmados da doen\u00e7a, sendo que 1.743 pessoas j\u00e1 se curraram. <\/span><\/p>\n<p><span style=\"font-size: 14pt;\">Infelizmente tamb\u00e9m desde o in\u00edcio da Pandemia, 41 \u00f3bitos foram registrados. <\/span><\/p>\n<p><span style=\"font-size: 18pt;\"><strong>J\u00e1 os casos de isolamento domiciliar somam nesta data 70 pessoas, entre os casos confirmados e casos suspeitos em investiga\u00e7\u00e3o.<\/strong><\/span><\/p>\n<p><a href=\"http:\/\/www.portalmantena.com.br\/novo\/\"><img loading=\"lazy\" class=\"alignnone size-full wp-image-37331\" src=\"http:\/\/www.portalmantena.com.br\/novo\/wp-content\/uploads\/2018\/05\/faixaportalnoticias5.jpg\" alt=\"\" width=\"700\" height=\"40\" srcset=\"http:\/\/www.portalmantena.com.br\/novo\/wp-content\/uploads\/2018\/05\/faixaportalnoticias5.jpg 700w, http:\/\/www.portalmantena.com.br\/novo\/wp-content\/uploads\/2018\/05\/faixaportalnoticias5-300x17.jpg 300w, http:\/\/www.portalmantena.com.br\/novo\/wp-content\/uploads\/2018\/05\/faixaportalnoticias5-696x40.jpg 696w\" sizes=\"(max-width: 700px) 100vw, 700px\" \/><\/a><\/p>\n<p><span style=\"font-size: 10pt;\">ESPA\u00c7O EMPRESARIAL<\/span><a href=\"https:\/\/www.facebook.com\/1148561818529027\/posts\/3085046094880580?d=w\"><img loading=\"lazy\" class=\"alignnone size-full wp-image-65103\" src=\"http:\/\/www.portalmantena.com.br\/novo\/wp-content\/uploads\/2018\/05\/tekolbasic010121.jpg\" alt=\"\" width=\"700\" height=\"150\" srcset=\"http:\/\/www.portalmantena.com.br\/novo\/wp-content\/uploads\/2018\/05\/tekolbasic010121.jpg 700w, http:\/\/www.portalmantena.com.br\/novo\/wp-content\/uploads\/2018\/05\/tekolbasic010121-300x64.jpg 300w, http:\/\/www.portalmantena.com.br\/novo\/wp-content\/uploads\/2018\/05\/tekolbasic010121-696x150.jpg 696w\" sizes=\"(max-width: 700px) 100vw, 700px\" \/><\/a><\/p>\n","protected":false},"excerpt":{"rendered":"<p>O boletim epidemiol\u00f3gico sobre o covid 19 em Mantena divulgado na tarde desta segunda-feira dia 1\u00ba de Mar\u00e7o, tr\u00e1s informa\u00e7\u00f5es importantes, entre elas o registro de 9 casos ativos da doen\u00e7a, sendo que deste total 1 paciente est\u00e1 internado em Ala, 02 em UTI e 06 em isolamento domiciliar. J\u00e1 foram registrados desde o in\u00edcio [&hellip;]<\/p>\n","protected":false},"author":1,"featured_media":65745,"comment_status":"open","ping_status":"open","sticky":false,"template":"","format":"standard","meta":[],"categories":[11],"tags":[],"_links":{"self":[{"href":"http:\/\/www.portalmantena.com.br\/novo\/index.php?rest_route=\/wp\/v2\/posts\/65744"}],"collection":[{"href":"http:\/\/www.portalmantena.com.br\/novo\/index.php?rest_route=\/wp\/v2\/posts"}],"about":[{"href":"http:\/\/www.portalmantena.com.br\/novo\/index.php?rest_route=\/wp\/v2\/types\/post"}],"author":[{"embeddable":true,"href":"http:\/\/www.portalmantena.com.br\/novo\/index.php?rest_route=\/wp\/v2\/users\/1"}],"replies":[{"embeddable":true,"href":"http:\/\/www.portalmantena.com.br\/novo\/index.php?rest_route=%2Fwp%2Fv2%2Fcomments&post=65744"}],"version-history":[{"count":1,"href":"http:\/\/www.portalmantena.com.br\/novo\/index.php?rest_route=\/wp\/v2\/posts\/65744\/revisions"}],"predecessor-version":[{"id":65746,"href":"http:\/\/www.portalmantena.com.br\/novo\/index.php?rest_route=\/wp\/v2\/posts\/65744\/revisions\/65746"}],"wp:featuredmedia":[{"embeddable":true,"href":"http:\/\/www.portalmantena.com.br\/novo\/index.php?rest_route=\/wp\/v2\/media\/65745"}],"wp:attachment":[{"href":"http:\/\/www.portalmantena.com.br\/novo\/index.php?rest_route=%2Fwp%2Fv2%2Fmedia&parent=65744"}],"wp:term":[{"taxonomy":"category","embeddable":true,"href":"http:\/\/www.portalmantena.com.br\/novo\/index.php?rest_route=%2Fwp%2Fv2%2Fcategories&post=65744"},{"taxonomy":"post_tag","embeddable":true,"href":"http:\/\/www.portalmantena.com.br\/novo\/index.php?rest_route=%2Fwp%2Fv2%2Ftags&post=65744"}],"curies":[{"name":"wp","href":"https:\/\/api.w.org\/{rel}","templated":true}]}}