{"id":65734,"date":"2021-03-01T16:08:48","date_gmt":"2021-03-01T19:08:48","guid":{"rendered":"http:\/\/www.portalmantena.com.br\/novo\/?p=65734"},"modified":"2021-03-01T16:38:43","modified_gmt":"2021-03-01T19:38:43","slug":"covid-mantena-vacinacao-acima-dos-80-anos-nesta-terca","status":"publish","type":"post","link":"http:\/\/www.portalmantena.com.br\/novo\/?p=65734","title":{"rendered":"Covid\/Mantena: Vacina\u00e7\u00e3o acima dos 80 anos nesta ter\u00e7a e quarta"},"content":{"rendered":"<p><a href=\"http:\/\/www.portalmantena.com.br\/novo\/wp-content\/uploads\/2021\/03\/no010321vacina.jpg\"><img loading=\"lazy\" class=\"alignnone size-full wp-image-65735\" src=\"http:\/\/www.portalmantena.com.br\/novo\/wp-content\/uploads\/2021\/03\/no010321vacina.jpg\" alt=\"\" width=\"700\" height=\"450\" srcset=\"http:\/\/www.portalmantena.com.br\/novo\/wp-content\/uploads\/2021\/03\/no010321vacina.jpg 700w, http:\/\/www.portalmantena.com.br\/novo\/wp-content\/uploads\/2021\/03\/no010321vacina-300x193.jpg 300w, http:\/\/www.portalmantena.com.br\/novo\/wp-content\/uploads\/2021\/03\/no010321vacina-696x447.jpg 696w, http:\/\/www.portalmantena.com.br\/novo\/wp-content\/uploads\/2021\/03\/no010321vacina-653x420.jpg 653w\" sizes=\"(max-width: 700px) 100vw, 700px\" \/><\/a><\/p>\n<p><span style=\"font-size: 14pt;\">A Secretaria municipal de Sa\u00fade do munic\u00edpio de Mantena, divulgou na tarde desta segunda-feira dia 1\u00ba de Mar\u00e7o, que estar\u00e1 iniciando a vacina\u00e7\u00e3o de idosos com idade de 80 a 89 anos, contra o covid 19.<\/span><\/p>\n<p><span style=\"font-size: 14pt;\"> Segundo informa\u00e7\u00f5es, esta etapa ter\u00e1 in\u00edcio nesta ter\u00e7a-feira dia 1\u00ba de Mar\u00e7o e se estender\u00e1 para a quarta-feira dia 3, a partir das 15 horas, se encerrando \u00e0s 19 horas. <\/span><\/p>\n<p><span style=\"font-size: 14pt;\">Os interessados devem se dirigir ao Centro de Refer\u00eancia COVID 19, situado no PSF Santo Ant\u00f4nio, em frente ao Est\u00e1dio Municipal Rafael de Carvalho. <\/span><\/p>\n<p><span style=\"font-size: 18pt;\"><strong>A vacina\u00e7\u00e3o ser\u00e1 realizada no sistema DRIVE THUH ou seja, dentro dos autom\u00f3veis &#8220;Passou, vacinou&#8230; n\u00e3o precisa sair do Carro&#8221;. <\/strong><\/span><\/p>\n<p><span style=\"font-size: 14pt;\">Os requisitos obrigat\u00f3rios para a vacina\u00e7\u00e3o: Ter 80 anos completos; levar cart\u00e3o de vacina, cart\u00e3o do SUS, CPF e documento com foto.<\/span><\/p>\n<p><a href=\"http:\/\/www.portalmantena.com.br\/novo\/\"><img loading=\"lazy\" class=\"alignnone size-full wp-image-37331\" src=\"http:\/\/www.portalmantena.com.br\/novo\/wp-content\/uploads\/2018\/05\/faixaportalnoticias5.jpg\" alt=\"\" width=\"700\" height=\"40\" srcset=\"http:\/\/www.portalmantena.com.br\/novo\/wp-content\/uploads\/2018\/05\/faixaportalnoticias5.jpg 700w, http:\/\/www.portalmantena.com.br\/novo\/wp-content\/uploads\/2018\/05\/faixaportalnoticias5-300x17.jpg 300w, http:\/\/www.portalmantena.com.br\/novo\/wp-content\/uploads\/2018\/05\/faixaportalnoticias5-696x40.jpg 696w\" sizes=\"(max-width: 700px) 100vw, 700px\" \/><\/a><\/p>\n<p><span style=\"font-size: 10pt;\">ESPA\u00c7O EMPRESARIA<\/span><a href=\"https:\/\/www.facebook.com\/realcecosmeticosmantena\"><img loading=\"lazy\" class=\"alignnone size-full wp-image-64138\" src=\"http:\/\/www.portalmantena.com.br\/novo\/wp-content\/uploads\/2018\/05\/realcebanner.jpg\" alt=\"\" width=\"700\" height=\"150\" srcset=\"http:\/\/www.portalmantena.com.br\/novo\/wp-content\/uploads\/2018\/05\/realcebanner.jpg 700w, http:\/\/www.portalmantena.com.br\/novo\/wp-content\/uploads\/2018\/05\/realcebanner-300x64.jpg 300w, http:\/\/www.portalmantena.com.br\/novo\/wp-content\/uploads\/2018\/05\/realcebanner-696x150.jpg 696w\" sizes=\"(max-width: 700px) 100vw, 700px\" \/><\/a><\/p>\n","protected":false},"excerpt":{"rendered":"<p>A Secretaria municipal de Sa\u00fade do munic\u00edpio de Mantena, divulgou na tarde desta segunda-feira dia 1\u00ba de Mar\u00e7o, que estar\u00e1 iniciando a vacina\u00e7\u00e3o de idosos com idade de 80 a 89 anos, contra o covid 19. Segundo informa\u00e7\u00f5es, esta etapa ter\u00e1 in\u00edcio nesta ter\u00e7a-feira dia 1\u00ba de Mar\u00e7o e se estender\u00e1 para a quarta-feira dia [&hellip;]<\/p>\n","protected":false},"author":1,"featured_media":65735,"comment_status":"open","ping_status":"open","sticky":false,"template":"","format":"standard","meta":[],"categories":[12],"tags":[],"_links":{"self":[{"href":"http:\/\/www.portalmantena.com.br\/novo\/index.php?rest_route=\/wp\/v2\/posts\/65734"}],"collection":[{"href":"http:\/\/www.portalmantena.com.br\/novo\/index.php?rest_route=\/wp\/v2\/posts"}],"about":[{"href":"http:\/\/www.portalmantena.com.br\/novo\/index.php?rest_route=\/wp\/v2\/types\/post"}],"author":[{"embeddable":true,"href":"http:\/\/www.portalmantena.com.br\/novo\/index.php?rest_route=\/wp\/v2\/users\/1"}],"replies":[{"embeddable":true,"href":"http:\/\/www.portalmantena.com.br\/novo\/index.php?rest_route=%2Fwp%2Fv2%2Fcomments&post=65734"}],"version-history":[{"count":2,"href":"http:\/\/www.portalmantena.com.br\/novo\/index.php?rest_route=\/wp\/v2\/posts\/65734\/revisions"}],"predecessor-version":[{"id":65737,"href":"http:\/\/www.portalmantena.com.br\/novo\/index.php?rest_route=\/wp\/v2\/posts\/65734\/revisions\/65737"}],"wp:featuredmedia":[{"embeddable":true,"href":"http:\/\/www.portalmantena.com.br\/novo\/index.php?rest_route=\/wp\/v2\/media\/65735"}],"wp:attachment":[{"href":"http:\/\/www.portalmantena.com.br\/novo\/index.php?rest_route=%2Fwp%2Fv2%2Fmedia&parent=65734"}],"wp:term":[{"taxonomy":"category","embeddable":true,"href":"http:\/\/www.portalmantena.com.br\/novo\/index.php?rest_route=%2Fwp%2Fv2%2Fcategories&post=65734"},{"taxonomy":"post_tag","embeddable":true,"href":"http:\/\/www.portalmantena.com.br\/novo\/index.php?rest_route=%2Fwp%2Fv2%2Ftags&post=65734"}],"curies":[{"name":"wp","href":"https:\/\/api.w.org\/{rel}","templated":true}]}}