{"id":65712,"date":"2021-03-01T10:27:31","date_gmt":"2021-03-01T13:27:31","guid":{"rendered":"http:\/\/www.portalmantena.com.br\/novo\/?p=65712"},"modified":"2021-03-02T09:41:13","modified_gmt":"2021-03-02T12:41:13","slug":"mantena-sonho-se-torna-realidade-com-5-leitos-de-uti","status":"publish","type":"post","link":"http:\/\/www.portalmantena.com.br\/novo\/?p=65712","title":{"rendered":"Mantena: Sonho se torna realidade com 5 leitos de UTI"},"content":{"rendered":"<p><a href=\"http:\/\/www.portalmantena.com.br\/novo\/wp-content\/uploads\/2021\/03\/no010321uti1.jpg\"><img loading=\"lazy\" class=\"alignnone size-full wp-image-65713\" src=\"http:\/\/www.portalmantena.com.br\/novo\/wp-content\/uploads\/2021\/03\/no010321uti1.jpg\" alt=\"\" width=\"700\" height=\"450\" srcset=\"http:\/\/www.portalmantena.com.br\/novo\/wp-content\/uploads\/2021\/03\/no010321uti1.jpg 700w, http:\/\/www.portalmantena.com.br\/novo\/wp-content\/uploads\/2021\/03\/no010321uti1-300x193.jpg 300w, http:\/\/www.portalmantena.com.br\/novo\/wp-content\/uploads\/2021\/03\/no010321uti1-696x447.jpg 696w, http:\/\/www.portalmantena.com.br\/novo\/wp-content\/uploads\/2021\/03\/no010321uti1-653x420.jpg 653w\" sizes=\"(max-width: 700px) 100vw, 700px\" \/><\/a><\/p>\n<p><span style=\"font-size: 14pt;\">Fruto de muitas lutas, reivindica\u00e7\u00f5es, projetos e dedica\u00e7\u00e3o de v\u00e1rias pessoas envolvidas resultou na realiza\u00e7\u00e3o de um grande sonho para os cidad\u00e3os mantenenses que foi concretizado na manh\u00e3 desta segunda-feira dia 1\u00ba de Mar\u00e7o, da inaugura\u00e7\u00e3o dos primeiros 5 leitos de UTI \u2013 Unidade de Tratamento Intensivo, instalados no Hospital Evang\u00e9lico de Mantena. <\/span><\/p>\n<p><span style=\"font-size: 18pt;\"><strong>A informa\u00e7\u00e3o \u00e9 que este n\u00famero de leitos ser\u00e1 ampliado, chegando a 10 no total. <\/strong><\/span><\/p>\n<p><span style=\"font-size: 14pt;\">Com os equipamentos j\u00e1 montados, o local agora passa a ser uma refer\u00eancia na regi\u00e3o, oferecendo mais qualidade no suporte e no atendimento de emerg\u00eancia. <\/span><\/p>\n<p><span style=\"font-size: 14pt;\">Um feito muito positivo n\u00e3o s\u00f3 para o munic\u00edpio de Mantena mas tamb\u00e9m para a regi\u00e3o, resultado das parcerias entre o Hospital Evang\u00e9lico de Mantena, Secretaria Municipal de Sa\u00fade e Superintend\u00eancia Regional de Sa\u00fade. <\/span><\/p>\n<p><span style=\"font-size: 14pt;\">Pr. Jos\u00e9 Ant\u00f4nio Benedito (diretor presidente do Hospital Evang\u00e9lico de Mantena, bem como sua equipe de frente respons\u00e1vel pelos trabalhos que resultaram nesta conquista, s\u00e3o gratos primeiramente a Deus que abriu as portas para que os mantenenses fossem atendidos nesta demanda, e tamb\u00e9m aos parceiros que viabilizaram a realiza\u00e7\u00e3o deste sonho, oferecer mais qualidade de vida aos mantenenses e cidad\u00e3os dos munic\u00edpios vizinhos.\u00a0 <\/span><\/p>\n<p><span style=\"font-size: 14pt;\">O diretor do Hospital Evang\u00e9lico lembra pessoas importantes nesta conquista e faz um agradecimento especial \u00e0 Dra. Aline (Coordenadora da UTI) ao Dr. Nilton Fialho (Farmac\u00eautico do hospital Evang\u00e9lico) ao Sr. Ocimar Rufino (Secret\u00e1rio Municipal de Sa\u00fade de Mantena) e ao R\u00f4mulo (Superintendente Regional da Sa\u00fade).<\/span><\/p>\n<p><span style=\"font-size: 14pt;\">(fonte\/foto:dire\u00e7\u00e3ohospitalevang\u00e9lico).<\/span><\/p>\n<p><a href=\"http:\/\/www.portalmantena.com.br\/novo\/wp-content\/uploads\/2021\/03\/no010321uti2.jpg\"><img loading=\"lazy\" class=\"alignnone size-full wp-image-65714\" src=\"http:\/\/www.portalmantena.com.br\/novo\/wp-content\/uploads\/2021\/03\/no010321uti2.jpg\" alt=\"\" width=\"700\" height=\"450\" srcset=\"http:\/\/www.portalmantena.com.br\/novo\/wp-content\/uploads\/2021\/03\/no010321uti2.jpg 700w, http:\/\/www.portalmantena.com.br\/novo\/wp-content\/uploads\/2021\/03\/no010321uti2-300x193.jpg 300w, http:\/\/www.portalmantena.com.br\/novo\/wp-content\/uploads\/2021\/03\/no010321uti2-696x447.jpg 696w, http:\/\/www.portalmantena.com.br\/novo\/wp-content\/uploads\/2021\/03\/no010321uti2-653x420.jpg 653w\" sizes=\"(max-width: 700px) 100vw, 700px\" \/><\/a> <a href=\"http:\/\/www.portalmantena.com.br\/novo\/wp-content\/uploads\/2021\/03\/no010321uti3.jpg\"><img loading=\"lazy\" class=\"alignnone size-full wp-image-65715\" src=\"http:\/\/www.portalmantena.com.br\/novo\/wp-content\/uploads\/2021\/03\/no010321uti3.jpg\" alt=\"\" width=\"700\" height=\"450\" srcset=\"http:\/\/www.portalmantena.com.br\/novo\/wp-content\/uploads\/2021\/03\/no010321uti3.jpg 700w, http:\/\/www.portalmantena.com.br\/novo\/wp-content\/uploads\/2021\/03\/no010321uti3-300x193.jpg 300w, http:\/\/www.portalmantena.com.br\/novo\/wp-content\/uploads\/2021\/03\/no010321uti3-696x447.jpg 696w, http:\/\/www.portalmantena.com.br\/novo\/wp-content\/uploads\/2021\/03\/no010321uti3-653x420.jpg 653w\" sizes=\"(max-width: 700px) 100vw, 700px\" \/><\/a> <a href=\"http:\/\/www.portalmantena.com.br\/novo\/wp-content\/uploads\/2021\/03\/no010321uti4.jpg\"><img loading=\"lazy\" class=\"alignnone size-full wp-image-65716\" src=\"http:\/\/www.portalmantena.com.br\/novo\/wp-content\/uploads\/2021\/03\/no010321uti4.jpg\" alt=\"\" width=\"700\" height=\"450\" srcset=\"http:\/\/www.portalmantena.com.br\/novo\/wp-content\/uploads\/2021\/03\/no010321uti4.jpg 700w, http:\/\/www.portalmantena.com.br\/novo\/wp-content\/uploads\/2021\/03\/no010321uti4-300x193.jpg 300w, http:\/\/www.portalmantena.com.br\/novo\/wp-content\/uploads\/2021\/03\/no010321uti4-696x447.jpg 696w, http:\/\/www.portalmantena.com.br\/novo\/wp-content\/uploads\/2021\/03\/no010321uti4-653x420.jpg 653w\" sizes=\"(max-width: 700px) 100vw, 700px\" \/><\/a> <a href=\"http:\/\/www.portalmantena.com.br\/novo\/wp-content\/uploads\/2021\/03\/no010321uti5.jpg\"><img loading=\"lazy\" class=\"alignnone size-full wp-image-65717\" src=\"http:\/\/www.portalmantena.com.br\/novo\/wp-content\/uploads\/2021\/03\/no010321uti5.jpg\" alt=\"\" width=\"700\" height=\"450\" srcset=\"http:\/\/www.portalmantena.com.br\/novo\/wp-content\/uploads\/2021\/03\/no010321uti5.jpg 700w, http:\/\/www.portalmantena.com.br\/novo\/wp-content\/uploads\/2021\/03\/no010321uti5-300x193.jpg 300w, http:\/\/www.portalmantena.com.br\/novo\/wp-content\/uploads\/2021\/03\/no010321uti5-696x447.jpg 696w, http:\/\/www.portalmantena.com.br\/novo\/wp-content\/uploads\/2021\/03\/no010321uti5-653x420.jpg 653w\" sizes=\"(max-width: 700px) 100vw, 700px\" \/><\/a> <a href=\"http:\/\/www.portalmantena.com.br\/novo\/wp-content\/uploads\/2021\/03\/no010321uti6.jpg\"><img loading=\"lazy\" class=\"alignnone size-full wp-image-65718\" src=\"http:\/\/www.portalmantena.com.br\/novo\/wp-content\/uploads\/2021\/03\/no010321uti6.jpg\" alt=\"\" width=\"700\" height=\"450\" srcset=\"http:\/\/www.portalmantena.com.br\/novo\/wp-content\/uploads\/2021\/03\/no010321uti6.jpg 700w, http:\/\/www.portalmantena.com.br\/novo\/wp-content\/uploads\/2021\/03\/no010321uti6-300x193.jpg 300w, http:\/\/www.portalmantena.com.br\/novo\/wp-content\/uploads\/2021\/03\/no010321uti6-696x447.jpg 696w, http:\/\/www.portalmantena.com.br\/novo\/wp-content\/uploads\/2021\/03\/no010321uti6-653x420.jpg 653w\" sizes=\"(max-width: 700px) 100vw, 700px\" \/><\/a><\/p>\n<p><a href=\"http:\/\/www.portalmantena.com.br\/novo\/\"><img loading=\"lazy\" class=\"alignnone size-full wp-image-37331\" src=\"http:\/\/www.portalmantena.com.br\/novo\/wp-content\/uploads\/2018\/05\/faixaportalnoticias5.jpg\" alt=\"\" width=\"700\" height=\"40\" srcset=\"http:\/\/www.portalmantena.com.br\/novo\/wp-content\/uploads\/2018\/05\/faixaportalnoticias5.jpg 700w, http:\/\/www.portalmantena.com.br\/novo\/wp-content\/uploads\/2018\/05\/faixaportalnoticias5-300x17.jpg 300w, http:\/\/www.portalmantena.com.br\/novo\/wp-content\/uploads\/2018\/05\/faixaportalnoticias5-696x40.jpg 696w\" sizes=\"(max-width: 700px) 100vw, 700px\" \/><\/a><\/p>\n<p><span style=\"font-size: 10pt;\">ESPA\u00c7O EMPRESARIAL<\/span><a href=\"https:\/\/www.facebook.com\/profile.php?id=100004934627949&amp;fref=ts\"><img loading=\"lazy\" class=\"alignnone size-full wp-image-59752\" src=\"http:\/\/www.portalmantena.com.br\/novo\/wp-content\/uploads\/2018\/05\/print150420.jpg\" alt=\"\" width=\"700\" height=\"150\" srcset=\"http:\/\/www.portalmantena.com.br\/novo\/wp-content\/uploads\/2018\/05\/print150420.jpg 700w, http:\/\/www.portalmantena.com.br\/novo\/wp-content\/uploads\/2018\/05\/print150420-300x64.jpg 300w, http:\/\/www.portalmantena.com.br\/novo\/wp-content\/uploads\/2018\/05\/print150420-696x150.jpg 696w\" sizes=\"(max-width: 700px) 100vw, 700px\" \/><\/a><\/p>\n","protected":false},"excerpt":{"rendered":"<p>Fruto de muitas lutas, reivindica\u00e7\u00f5es, projetos e dedica\u00e7\u00e3o de v\u00e1rias pessoas envolvidas resultou na realiza\u00e7\u00e3o de um grande sonho para os cidad\u00e3os mantenenses que foi concretizado na manh\u00e3 desta segunda-feira dia 1\u00ba de Mar\u00e7o, da inaugura\u00e7\u00e3o dos primeiros 5 leitos de UTI \u2013 Unidade de Tratamento Intensivo, instalados no Hospital Evang\u00e9lico de Mantena. A informa\u00e7\u00e3o [&hellip;]<\/p>\n","protected":false},"author":1,"featured_media":65714,"comment_status":"open","ping_status":"open","sticky":false,"template":"","format":"standard","meta":[],"categories":[11],"tags":[],"_links":{"self":[{"href":"http:\/\/www.portalmantena.com.br\/novo\/index.php?rest_route=\/wp\/v2\/posts\/65712"}],"collection":[{"href":"http:\/\/www.portalmantena.com.br\/novo\/index.php?rest_route=\/wp\/v2\/posts"}],"about":[{"href":"http:\/\/www.portalmantena.com.br\/novo\/index.php?rest_route=\/wp\/v2\/types\/post"}],"author":[{"embeddable":true,"href":"http:\/\/www.portalmantena.com.br\/novo\/index.php?rest_route=\/wp\/v2\/users\/1"}],"replies":[{"embeddable":true,"href":"http:\/\/www.portalmantena.com.br\/novo\/index.php?rest_route=%2Fwp%2Fv2%2Fcomments&post=65712"}],"version-history":[{"count":4,"href":"http:\/\/www.portalmantena.com.br\/novo\/index.php?rest_route=\/wp\/v2\/posts\/65712\/revisions"}],"predecessor-version":[{"id":65722,"href":"http:\/\/www.portalmantena.com.br\/novo\/index.php?rest_route=\/wp\/v2\/posts\/65712\/revisions\/65722"}],"wp:featuredmedia":[{"embeddable":true,"href":"http:\/\/www.portalmantena.com.br\/novo\/index.php?rest_route=\/wp\/v2\/media\/65714"}],"wp:attachment":[{"href":"http:\/\/www.portalmantena.com.br\/novo\/index.php?rest_route=%2Fwp%2Fv2%2Fmedia&parent=65712"}],"wp:term":[{"taxonomy":"category","embeddable":true,"href":"http:\/\/www.portalmantena.com.br\/novo\/index.php?rest_route=%2Fwp%2Fv2%2Fcategories&post=65712"},{"taxonomy":"post_tag","embeddable":true,"href":"http:\/\/www.portalmantena.com.br\/novo\/index.php?rest_route=%2Fwp%2Fv2%2Ftags&post=65712"}],"curies":[{"name":"wp","href":"https:\/\/api.w.org\/{rel}","templated":true}]}}