{"id":65697,"date":"2021-02-26T14:04:47","date_gmt":"2021-02-26T17:04:47","guid":{"rendered":"http:\/\/www.portalmantena.com.br\/novo\/?p=65697"},"modified":"2021-02-26T14:05:35","modified_gmt":"2021-02-26T17:05:35","slug":"em-prol-da-cidade-ver-wender-faz-a-1a-indicacao-de-2021","status":"publish","type":"post","link":"http:\/\/www.portalmantena.com.br\/novo\/?p=65697","title":{"rendered":"Em prol da cidade, Ver. Wendel faz 1\u00aa indica\u00e7\u00e3o de 2021"},"content":{"rendered":"<p><a href=\"http:\/\/www.portalmantena.com.br\/novo\/wp-content\/uploads\/2021\/02\/no260221vereador1.jpg\"><img loading=\"lazy\" class=\"alignnone size-full wp-image-65698\" src=\"http:\/\/www.portalmantena.com.br\/novo\/wp-content\/uploads\/2021\/02\/no260221vereador1.jpg\" alt=\"\" width=\"700\" height=\"450\" srcset=\"http:\/\/www.portalmantena.com.br\/novo\/wp-content\/uploads\/2021\/02\/no260221vereador1.jpg 700w, http:\/\/www.portalmantena.com.br\/novo\/wp-content\/uploads\/2021\/02\/no260221vereador1-300x193.jpg 300w, http:\/\/www.portalmantena.com.br\/novo\/wp-content\/uploads\/2021\/02\/no260221vereador1-696x447.jpg 696w, http:\/\/www.portalmantena.com.br\/novo\/wp-content\/uploads\/2021\/02\/no260221vereador1-653x420.jpg 653w\" sizes=\"(max-width: 700px) 100vw, 700px\" \/><\/a><\/p>\n<p><span style=\"font-size: 14pt;\">O vereador mantenense Wendel Satil Valadares, estreando no legislativo local, n\u00e3o perdeu tempo e j\u00e1 no exerc\u00edcio de seu mandato fez a primeira indica\u00e7\u00e3o do ano ao executivo municipal, visando o bem estrar, qualidade de vida e o progresso para os conterr\u00e2neos. <\/span><\/p>\n<p><span style=\"font-size: 18pt;\"><strong>A indica\u00e7\u00e3o 001\/21 com data do dia 09 de fevereiro de 2021 tr\u00e1s o pedido do vereador, respaldado pela comunidade no sentido da constru\u00e7\u00e3o de uma ponte no bairro 13 de Maio em Mantena. <\/strong><\/span><\/p>\n<p><span style=\"font-size: 14pt;\">A indica\u00e7\u00e3o tr\u00e1s a necessidade de intervir junto ao setor competente afim de que seja constru\u00edda uma ponte lingado a rua A do bairro 13 de Junho, \u00e0 avenida Agenor Vaz Bragan\u00e7a, no bairro Bela Vista. <\/span><\/p>\n<p><span style=\"font-size: 14pt;\">O benef\u00edcio \u00e9 facilidade na locomo\u00e7\u00e3o, principalmente para moradores, beneficiando diretamente tr\u00eas bairros (Santos Prates, 13 de Maio e Bela Vista), e ainda indiretamente outros bairros nas imedia\u00e7\u00f5es. <\/span><\/p>\n<p><span style=\"font-size: 14pt;\">O vereador aproveita para agradecer a aten\u00e7\u00e3o do executivo municipal no sentido de atender a esta reivindica\u00e7\u00e3o da comunidade, que vem em forma desta indica\u00e7\u00e3o respeitosa do legislador.<\/span><\/p>\n<p><a href=\"http:\/\/www.portalmantena.com.br\/novo\/wp-content\/uploads\/2021\/02\/no260221vereador2.jpg\"><img loading=\"lazy\" class=\"alignnone size-full wp-image-65699\" src=\"http:\/\/www.portalmantena.com.br\/novo\/wp-content\/uploads\/2021\/02\/no260221vereador2.jpg\" alt=\"\" width=\"700\" height=\"450\" srcset=\"http:\/\/www.portalmantena.com.br\/novo\/wp-content\/uploads\/2021\/02\/no260221vereador2.jpg 700w, http:\/\/www.portalmantena.com.br\/novo\/wp-content\/uploads\/2021\/02\/no260221vereador2-300x193.jpg 300w, http:\/\/www.portalmantena.com.br\/novo\/wp-content\/uploads\/2021\/02\/no260221vereador2-696x447.jpg 696w, http:\/\/www.portalmantena.com.br\/novo\/wp-content\/uploads\/2021\/02\/no260221vereador2-653x420.jpg 653w\" sizes=\"(max-width: 700px) 100vw, 700px\" \/><\/a> <a href=\"http:\/\/www.portalmantena.com.br\/novo\/wp-content\/uploads\/2021\/02\/no260221vereador3.jpg\"><img loading=\"lazy\" class=\"alignnone size-full wp-image-65700\" src=\"http:\/\/www.portalmantena.com.br\/novo\/wp-content\/uploads\/2021\/02\/no260221vereador3.jpg\" alt=\"\" width=\"700\" height=\"450\" srcset=\"http:\/\/www.portalmantena.com.br\/novo\/wp-content\/uploads\/2021\/02\/no260221vereador3.jpg 700w, http:\/\/www.portalmantena.com.br\/novo\/wp-content\/uploads\/2021\/02\/no260221vereador3-300x193.jpg 300w, http:\/\/www.portalmantena.com.br\/novo\/wp-content\/uploads\/2021\/02\/no260221vereador3-696x447.jpg 696w, http:\/\/www.portalmantena.com.br\/novo\/wp-content\/uploads\/2021\/02\/no260221vereador3-653x420.jpg 653w\" sizes=\"(max-width: 700px) 100vw, 700px\" \/><\/a><\/p>\n<p><a href=\"http:\/\/www.portalmantena.com.br\/novo\/\"><img loading=\"lazy\" class=\"alignnone size-full wp-image-37331\" src=\"http:\/\/www.portalmantena.com.br\/novo\/wp-content\/uploads\/2018\/05\/faixaportalnoticias5.jpg\" alt=\"\" width=\"700\" height=\"40\" srcset=\"http:\/\/www.portalmantena.com.br\/novo\/wp-content\/uploads\/2018\/05\/faixaportalnoticias5.jpg 700w, http:\/\/www.portalmantena.com.br\/novo\/wp-content\/uploads\/2018\/05\/faixaportalnoticias5-300x17.jpg 300w, http:\/\/www.portalmantena.com.br\/novo\/wp-content\/uploads\/2018\/05\/faixaportalnoticias5-696x40.jpg 696w\" sizes=\"(max-width: 700px) 100vw, 700px\" \/><\/a><\/p>\n<p><span style=\"font-size: 10pt;\">ESPA\u00c7O EMPRESARIAL<\/span><a href=\"http:\/\/www.portalmantena.com.br\/novo\/wp-content\/uploads\/2018\/05\/postoterraboa.jpg\"><img loading=\"lazy\" class=\"alignnone size-full wp-image-29172\" src=\"http:\/\/www.portalmantena.com.br\/novo\/wp-content\/uploads\/2018\/05\/postoterraboa.jpg\" alt=\"\" width=\"700\" height=\"150\" srcset=\"http:\/\/www.portalmantena.com.br\/novo\/wp-content\/uploads\/2018\/05\/postoterraboa.jpg 700w, http:\/\/www.portalmantena.com.br\/novo\/wp-content\/uploads\/2018\/05\/postoterraboa-300x64.jpg 300w, http:\/\/www.portalmantena.com.br\/novo\/wp-content\/uploads\/2018\/05\/postoterraboa-696x150.jpg 696w\" sizes=\"(max-width: 700px) 100vw, 700px\" \/><\/a><\/p>\n","protected":false},"excerpt":{"rendered":"<p>O vereador mantenense Wendel Satil Valadares, estreando no legislativo local, n\u00e3o perdeu tempo e j\u00e1 no exerc\u00edcio de seu mandato fez a primeira indica\u00e7\u00e3o do ano ao executivo municipal, visando o bem estrar, qualidade de vida e o progresso para os conterr\u00e2neos. A indica\u00e7\u00e3o 001\/21 com data do dia 09 de fevereiro de 2021 tr\u00e1s [&hellip;]<\/p>\n","protected":false},"author":1,"featured_media":65698,"comment_status":"open","ping_status":"open","sticky":false,"template":"","format":"standard","meta":[],"categories":[11],"tags":[],"_links":{"self":[{"href":"http:\/\/www.portalmantena.com.br\/novo\/index.php?rest_route=\/wp\/v2\/posts\/65697"}],"collection":[{"href":"http:\/\/www.portalmantena.com.br\/novo\/index.php?rest_route=\/wp\/v2\/posts"}],"about":[{"href":"http:\/\/www.portalmantena.com.br\/novo\/index.php?rest_route=\/wp\/v2\/types\/post"}],"author":[{"embeddable":true,"href":"http:\/\/www.portalmantena.com.br\/novo\/index.php?rest_route=\/wp\/v2\/users\/1"}],"replies":[{"embeddable":true,"href":"http:\/\/www.portalmantena.com.br\/novo\/index.php?rest_route=%2Fwp%2Fv2%2Fcomments&post=65697"}],"version-history":[{"count":3,"href":"http:\/\/www.portalmantena.com.br\/novo\/index.php?rest_route=\/wp\/v2\/posts\/65697\/revisions"}],"predecessor-version":[{"id":65704,"href":"http:\/\/www.portalmantena.com.br\/novo\/index.php?rest_route=\/wp\/v2\/posts\/65697\/revisions\/65704"}],"wp:featuredmedia":[{"embeddable":true,"href":"http:\/\/www.portalmantena.com.br\/novo\/index.php?rest_route=\/wp\/v2\/media\/65698"}],"wp:attachment":[{"href":"http:\/\/www.portalmantena.com.br\/novo\/index.php?rest_route=%2Fwp%2Fv2%2Fmedia&parent=65697"}],"wp:term":[{"taxonomy":"category","embeddable":true,"href":"http:\/\/www.portalmantena.com.br\/novo\/index.php?rest_route=%2Fwp%2Fv2%2Fcategories&post=65697"},{"taxonomy":"post_tag","embeddable":true,"href":"http:\/\/www.portalmantena.com.br\/novo\/index.php?rest_route=%2Fwp%2Fv2%2Ftags&post=65697"}],"curies":[{"name":"wp","href":"https:\/\/api.w.org\/{rel}","templated":true}]}}