{"id":65692,"date":"2021-03-03T03:43:23","date_gmt":"2021-03-03T06:43:23","guid":{"rendered":"http:\/\/www.portalmantena.com.br\/novo\/?p=65692"},"modified":"2021-03-04T10:09:41","modified_gmt":"2021-03-04T13:09:41","slug":"mantena-reuniao-da-pm-faz-balanco-de-desempenho","status":"publish","type":"post","link":"http:\/\/www.portalmantena.com.br\/novo\/?p=65692","title":{"rendered":"Mantena: Reuni\u00e3o da PM faz balan\u00e7o de Desempenho"},"content":{"rendered":"<p><a href=\"http:\/\/www.portalmantena.com.br\/novo\/wp-content\/uploads\/2021\/02\/no260221pm1.jpg\"><img loading=\"lazy\" class=\"alignnone size-full wp-image-65693\" src=\"http:\/\/www.portalmantena.com.br\/novo\/wp-content\/uploads\/2021\/02\/no260221pm1.jpg\" alt=\"\" width=\"700\" height=\"450\" srcset=\"http:\/\/www.portalmantena.com.br\/novo\/wp-content\/uploads\/2021\/02\/no260221pm1.jpg 700w, http:\/\/www.portalmantena.com.br\/novo\/wp-content\/uploads\/2021\/02\/no260221pm1-300x193.jpg 300w, http:\/\/www.portalmantena.com.br\/novo\/wp-content\/uploads\/2021\/02\/no260221pm1-696x447.jpg 696w, http:\/\/www.portalmantena.com.br\/novo\/wp-content\/uploads\/2021\/02\/no260221pm1-653x420.jpg 653w\" sizes=\"(max-width: 700px) 100vw, 700px\" \/><\/a><\/p>\n<p><span style=\"font-size: 14pt;\">A segunda Reuni\u00e3o da Gest\u00e3o do Desempenho Operacional da 18\u00aa Cia PM Ind ocorreu na \u00faltima quarta-feira, dia 24 de fevereiro e contou com a presen\u00e7a dos Oficiais da Unidade. <\/span><\/p>\n<p><span style=\"font-size: 14pt;\">O Comandante, Ten. Cel PM Ant\u00f4nio Jos\u00e9 de Resende, iniciou a reuni\u00e3o enaltecendo e agradecendo o empenho de todos os Comandantes de Pelot\u00f5es e Chefes de Se\u00e7\u00f5es, pelos bons resultados obtidos no decorrer de janeiro e fevereiro do corrente ano. <\/span><\/p>\n<p><span style=\"font-size: 14pt;\">Em seguida, foram apresentadas as a\u00e7\u00f5es e os resultados atrav\u00e9s de levantamento estat\u00edstico no per\u00edodo, finalizando com as metas institucionais propostas para o ano. (fonte\/foto:PMMG).<\/span><\/p>\n<p><a href=\"http:\/\/www.portalmantena.com.br\/novo\/wp-content\/uploads\/2021\/02\/no260221pm2.jpg\"><img loading=\"lazy\" class=\"alignnone size-full wp-image-65694\" src=\"http:\/\/www.portalmantena.com.br\/novo\/wp-content\/uploads\/2021\/02\/no260221pm2.jpg\" alt=\"\" width=\"700\" height=\"450\" srcset=\"http:\/\/www.portalmantena.com.br\/novo\/wp-content\/uploads\/2021\/02\/no260221pm2.jpg 700w, http:\/\/www.portalmantena.com.br\/novo\/wp-content\/uploads\/2021\/02\/no260221pm2-300x193.jpg 300w, http:\/\/www.portalmantena.com.br\/novo\/wp-content\/uploads\/2021\/02\/no260221pm2-696x447.jpg 696w, http:\/\/www.portalmantena.com.br\/novo\/wp-content\/uploads\/2021\/02\/no260221pm2-653x420.jpg 653w\" sizes=\"(max-width: 700px) 100vw, 700px\" \/><\/a> <a href=\"http:\/\/www.portalmantena.com.br\/novo\/wp-content\/uploads\/2021\/02\/no260221pm3.jpg\"><img loading=\"lazy\" class=\"alignnone size-full wp-image-65695\" src=\"http:\/\/www.portalmantena.com.br\/novo\/wp-content\/uploads\/2021\/02\/no260221pm3.jpg\" alt=\"\" width=\"700\" height=\"450\" srcset=\"http:\/\/www.portalmantena.com.br\/novo\/wp-content\/uploads\/2021\/02\/no260221pm3.jpg 700w, http:\/\/www.portalmantena.com.br\/novo\/wp-content\/uploads\/2021\/02\/no260221pm3-300x193.jpg 300w, http:\/\/www.portalmantena.com.br\/novo\/wp-content\/uploads\/2021\/02\/no260221pm3-696x447.jpg 696w, http:\/\/www.portalmantena.com.br\/novo\/wp-content\/uploads\/2021\/02\/no260221pm3-653x420.jpg 653w\" sizes=\"(max-width: 700px) 100vw, 700px\" \/><\/a><\/p>\n<p><a href=\"http:\/\/www.portalmantena.com.br\/novo\/\"><img loading=\"lazy\" class=\"alignnone size-full wp-image-37331\" src=\"http:\/\/www.portalmantena.com.br\/novo\/wp-content\/uploads\/2018\/05\/faixaportalnoticias5.jpg\" alt=\"\" width=\"700\" height=\"40\" srcset=\"http:\/\/www.portalmantena.com.br\/novo\/wp-content\/uploads\/2018\/05\/faixaportalnoticias5.jpg 700w, http:\/\/www.portalmantena.com.br\/novo\/wp-content\/uploads\/2018\/05\/faixaportalnoticias5-300x17.jpg 300w, http:\/\/www.portalmantena.com.br\/novo\/wp-content\/uploads\/2018\/05\/faixaportalnoticias5-696x40.jpg 696w\" sizes=\"(max-width: 700px) 100vw, 700px\" \/><\/a><\/p>\n<p><span style=\"font-size: 10pt;\">ESPA\u00c7O EMPRESARIAL<\/span><a href=\"https:\/\/www.facebook.com\/lojaeletrocellcelulares\/\"><img loading=\"lazy\" class=\"alignnone size-full wp-image-37660\" src=\"http:\/\/www.portalmantena.com.br\/novo\/wp-content\/uploads\/2018\/05\/eletrocel1.jpg\" alt=\"\" width=\"700\" height=\"150\" srcset=\"http:\/\/www.portalmantena.com.br\/novo\/wp-content\/uploads\/2018\/05\/eletrocel1.jpg 700w, http:\/\/www.portalmantena.com.br\/novo\/wp-content\/uploads\/2018\/05\/eletrocel1-300x64.jpg 300w, http:\/\/www.portalmantena.com.br\/novo\/wp-content\/uploads\/2018\/05\/eletrocel1-696x150.jpg 696w\" sizes=\"(max-width: 700px) 100vw, 700px\" \/><\/a><\/p>\n","protected":false},"excerpt":{"rendered":"<p>A segunda Reuni\u00e3o da Gest\u00e3o do Desempenho Operacional da 18\u00aa Cia PM Ind ocorreu na \u00faltima quarta-feira, dia 24 de fevereiro e contou com a presen\u00e7a dos Oficiais da Unidade. O Comandante, Ten. Cel PM Ant\u00f4nio Jos\u00e9 de Resende, iniciou a reuni\u00e3o enaltecendo e agradecendo o empenho de todos os Comandantes de Pelot\u00f5es e Chefes [&hellip;]<\/p>\n","protected":false},"author":1,"featured_media":65694,"comment_status":"open","ping_status":"open","sticky":false,"template":"","format":"standard","meta":[],"categories":[69],"tags":[],"_links":{"self":[{"href":"http:\/\/www.portalmantena.com.br\/novo\/index.php?rest_route=\/wp\/v2\/posts\/65692"}],"collection":[{"href":"http:\/\/www.portalmantena.com.br\/novo\/index.php?rest_route=\/wp\/v2\/posts"}],"about":[{"href":"http:\/\/www.portalmantena.com.br\/novo\/index.php?rest_route=\/wp\/v2\/types\/post"}],"author":[{"embeddable":true,"href":"http:\/\/www.portalmantena.com.br\/novo\/index.php?rest_route=\/wp\/v2\/users\/1"}],"replies":[{"embeddable":true,"href":"http:\/\/www.portalmantena.com.br\/novo\/index.php?rest_route=%2Fwp%2Fv2%2Fcomments&post=65692"}],"version-history":[{"count":1,"href":"http:\/\/www.portalmantena.com.br\/novo\/index.php?rest_route=\/wp\/v2\/posts\/65692\/revisions"}],"predecessor-version":[{"id":65696,"href":"http:\/\/www.portalmantena.com.br\/novo\/index.php?rest_route=\/wp\/v2\/posts\/65692\/revisions\/65696"}],"wp:featuredmedia":[{"embeddable":true,"href":"http:\/\/www.portalmantena.com.br\/novo\/index.php?rest_route=\/wp\/v2\/media\/65694"}],"wp:attachment":[{"href":"http:\/\/www.portalmantena.com.br\/novo\/index.php?rest_route=%2Fwp%2Fv2%2Fmedia&parent=65692"}],"wp:term":[{"taxonomy":"category","embeddable":true,"href":"http:\/\/www.portalmantena.com.br\/novo\/index.php?rest_route=%2Fwp%2Fv2%2Fcategories&post=65692"},{"taxonomy":"post_tag","embeddable":true,"href":"http:\/\/www.portalmantena.com.br\/novo\/index.php?rest_route=%2Fwp%2Fv2%2Ftags&post=65692"}],"curies":[{"name":"wp","href":"https:\/\/api.w.org\/{rel}","templated":true}]}}