{"id":65689,"date":"2021-02-26T13:32:10","date_gmt":"2021-02-26T16:32:10","guid":{"rendered":"http:\/\/www.portalmantena.com.br\/novo\/?p=65689"},"modified":"2021-02-26T13:32:10","modified_gmt":"2021-02-26T16:32:10","slug":"flamenguista-mantenense-comemora-mais-um-titulo","status":"publish","type":"post","link":"http:\/\/www.portalmantena.com.br\/novo\/?p=65689","title":{"rendered":"Flamenguista mantenense comemora mais um T\u00edtulo"},"content":{"rendered":"<p><a href=\"http:\/\/www.portalmantena.com.br\/novo\/wp-content\/uploads\/2021\/02\/vi260221rafinha.jpg\"><img loading=\"lazy\" class=\"alignnone size-full wp-image-65690\" src=\"http:\/\/www.portalmantena.com.br\/novo\/wp-content\/uploads\/2021\/02\/vi260221rafinha.jpg\" alt=\"\" width=\"700\" height=\"450\" srcset=\"http:\/\/www.portalmantena.com.br\/novo\/wp-content\/uploads\/2021\/02\/vi260221rafinha.jpg 700w, http:\/\/www.portalmantena.com.br\/novo\/wp-content\/uploads\/2021\/02\/vi260221rafinha-300x193.jpg 300w, http:\/\/www.portalmantena.com.br\/novo\/wp-content\/uploads\/2021\/02\/vi260221rafinha-696x447.jpg 696w, http:\/\/www.portalmantena.com.br\/novo\/wp-content\/uploads\/2021\/02\/vi260221rafinha-653x420.jpg 653w\" sizes=\"(max-width: 700px) 100vw, 700px\" \/><\/a><\/p>\n<p><span style=\"font-size: 14pt;\">Quem est\u00e1 muito feliz, e comemorou bastante na noite desta quinta-feira (26), diante da TV, foi o nosso amigo, o mantenense e flamenguista Rafael Francisco Costa, o Rafinha da Ford. <\/span><\/p>\n<p><span style=\"font-size: 14pt;\">Ele que nunca deixou de acreditar em mais uma conquista de seu time do cora\u00e7\u00e3o, comemorou nesta quinta-feira mais um t\u00edtulo, desta feita, o de Campe\u00e3o Brasileiro de 2020, um ano completamente diferente no que se refere \u00e0 disputa esportiva, principalmente sem torcida nos est\u00e1dios.<\/span><\/p>\n<p><span style=\"font-size: 14pt;\"> Em frente \u00e0 TV, viu mais uma conquista, mesmo com a derrota para o S\u00e3o Paulo, que venceu o jogo pelo placar de 2 x 1. <\/span><\/p>\n<p><span style=\"font-size: 14pt;\">Parab\u00e9ns Rafinha e \u00e0 na\u00e7\u00e3o rubro-negra por mais um t\u00edtulo.<\/span><\/p>\n<p><a href=\"http:\/\/www.portalmantena.com.br\/novo\/\"><img loading=\"lazy\" class=\"alignnone size-full wp-image-37296\" src=\"http:\/\/www.portalmantena.com.br\/novo\/wp-content\/uploads\/2018\/05\/faixavitrine2.jpg\" alt=\"\" width=\"700\" height=\"40\" srcset=\"http:\/\/www.portalmantena.com.br\/novo\/wp-content\/uploads\/2018\/05\/faixavitrine2.jpg 700w, http:\/\/www.portalmantena.com.br\/novo\/wp-content\/uploads\/2018\/05\/faixavitrine2-300x17.jpg 300w, http:\/\/www.portalmantena.com.br\/novo\/wp-content\/uploads\/2018\/05\/faixavitrine2-696x40.jpg 696w\" sizes=\"(max-width: 700px) 100vw, 700px\" \/><\/a><\/p>\n<p><span style=\"font-size: 10pt;\">ESPA\u00c7O EMPRESARIAL<\/span><a href=\"https:\/\/www.facebook.com\/redecasasdastintas\/?__xts__[0]=68.ARBvBkEV-xf0LmeoVmLkmSNYi2fkJzyH_VdImjnJBqA-OJQ8WAGhfxFzuODZeXT97StHLCU2lui2hNiBS9juZZIIH59sSIfo9vM1711g7hmVObiniGMIKpCnGYGx_YmAkGj8o0shglKSje-m1cISUC5fXmbbIDZHgBn9rbll8J1_u-sWBptuc70mqMQ5dXSVaEbLcv7md0y1MndLTPX1QVF6vv_p8UwvHEYJiMzOeJ27-SNULvH_Ia_jzPUIPLemEjFfBOB1GDY2bKOl-hHJ82NDCthVWvRTDkLv5Ac-BJxkK8AMjv3yPHiiz_fTfCghxAzXR4kngL0HN5fNO2PSBWMM9g&amp;__tn__=HHH-R\"><img loading=\"lazy\" class=\"alignnone size-full wp-image-45727\" src=\"http:\/\/www.portalmantena.com.br\/novo\/wp-content\/uploads\/2018\/05\/casatintas120419.jpg\" alt=\"\" width=\"700\" height=\"150\" srcset=\"http:\/\/www.portalmantena.com.br\/novo\/wp-content\/uploads\/2018\/05\/casatintas120419.jpg 700w, http:\/\/www.portalmantena.com.br\/novo\/wp-content\/uploads\/2018\/05\/casatintas120419-300x64.jpg 300w, http:\/\/www.portalmantena.com.br\/novo\/wp-content\/uploads\/2018\/05\/casatintas120419-696x150.jpg 696w\" sizes=\"(max-width: 700px) 100vw, 700px\" \/><\/a><\/p>\n","protected":false},"excerpt":{"rendered":"<p>Quem est\u00e1 muito feliz, e comemorou bastante na noite desta quinta-feira (26), diante da TV, foi o nosso amigo, o mantenense e flamenguista Rafael Francisco Costa, o Rafinha da Ford. Ele que nunca deixou de acreditar em mais uma conquista de seu time do cora\u00e7\u00e3o, comemorou nesta quinta-feira mais um t\u00edtulo, desta feita, o de [&hellip;]<\/p>\n","protected":false},"author":1,"featured_media":65690,"comment_status":"open","ping_status":"open","sticky":false,"template":"","format":"standard","meta":[],"categories":[7],"tags":[],"_links":{"self":[{"href":"http:\/\/www.portalmantena.com.br\/novo\/index.php?rest_route=\/wp\/v2\/posts\/65689"}],"collection":[{"href":"http:\/\/www.portalmantena.com.br\/novo\/index.php?rest_route=\/wp\/v2\/posts"}],"about":[{"href":"http:\/\/www.portalmantena.com.br\/novo\/index.php?rest_route=\/wp\/v2\/types\/post"}],"author":[{"embeddable":true,"href":"http:\/\/www.portalmantena.com.br\/novo\/index.php?rest_route=\/wp\/v2\/users\/1"}],"replies":[{"embeddable":true,"href":"http:\/\/www.portalmantena.com.br\/novo\/index.php?rest_route=%2Fwp%2Fv2%2Fcomments&post=65689"}],"version-history":[{"count":1,"href":"http:\/\/www.portalmantena.com.br\/novo\/index.php?rest_route=\/wp\/v2\/posts\/65689\/revisions"}],"predecessor-version":[{"id":65691,"href":"http:\/\/www.portalmantena.com.br\/novo\/index.php?rest_route=\/wp\/v2\/posts\/65689\/revisions\/65691"}],"wp:featuredmedia":[{"embeddable":true,"href":"http:\/\/www.portalmantena.com.br\/novo\/index.php?rest_route=\/wp\/v2\/media\/65690"}],"wp:attachment":[{"href":"http:\/\/www.portalmantena.com.br\/novo\/index.php?rest_route=%2Fwp%2Fv2%2Fmedia&parent=65689"}],"wp:term":[{"taxonomy":"category","embeddable":true,"href":"http:\/\/www.portalmantena.com.br\/novo\/index.php?rest_route=%2Fwp%2Fv2%2Fcategories&post=65689"},{"taxonomy":"post_tag","embeddable":true,"href":"http:\/\/www.portalmantena.com.br\/novo\/index.php?rest_route=%2Fwp%2Fv2%2Ftags&post=65689"}],"curies":[{"name":"wp","href":"https:\/\/api.w.org\/{rel}","templated":true}]}}