{"id":65643,"date":"2021-02-24T22:38:40","date_gmt":"2021-02-25T01:38:40","guid":{"rendered":"http:\/\/www.portalmantena.com.br\/novo\/?p=65643"},"modified":"2021-02-24T16:52:01","modified_gmt":"2021-02-24T19:52:01","slug":"regiao-homem-e-detido-com-arma-de-fogo-na-cintura","status":"publish","type":"post","link":"http:\/\/www.portalmantena.com.br\/novo\/?p=65643","title":{"rendered":"Regi\u00e3o: Homem \u00e9 detido com arma de fogo na cintura"},"content":{"rendered":"<p><a href=\"http:\/\/www.portalmantena.com.br\/novo\/wp-content\/uploads\/2021\/02\/no240221arma4.jpg\"><img loading=\"lazy\" class=\"alignnone size-full wp-image-65648\" src=\"http:\/\/www.portalmantena.com.br\/novo\/wp-content\/uploads\/2021\/02\/no240221arma4.jpg\" alt=\"\" width=\"700\" height=\"450\" srcset=\"http:\/\/www.portalmantena.com.br\/novo\/wp-content\/uploads\/2021\/02\/no240221arma4.jpg 700w, http:\/\/www.portalmantena.com.br\/novo\/wp-content\/uploads\/2021\/02\/no240221arma4-300x193.jpg 300w, http:\/\/www.portalmantena.com.br\/novo\/wp-content\/uploads\/2021\/02\/no240221arma4-696x447.jpg 696w, http:\/\/www.portalmantena.com.br\/novo\/wp-content\/uploads\/2021\/02\/no240221arma4-653x420.jpg 653w\" sizes=\"(max-width: 700px) 100vw, 700px\" \/><\/a><\/p>\n<p><span style=\"font-size: 14pt;\">Durante a realiza\u00e7\u00e3o de Opera\u00e7\u00e3o Batida Policial realizada nesta ter\u00e7a-feira dia 23 de fevereiro, os militares do munic\u00edpio de Galil\u00e9ia receberam den\u00fancia de que um homem estaria portando uma arma de fogo na cintura, estando sem camisa, na inten\u00e7\u00e3o de coagir terceiro envolvido em uma contenda a respeito dos limites de duas propriedades rurais. <\/span><\/p>\n<p><span style=\"font-size: 14pt;\">No local dos fatos, os Policiais Militares efetuaram a abordagem do autor, apreendendo com o mesmo uma pistola Taurus 9mm com um carregador e 18 (dezoito) cartuchos intactos de calibre id\u00eantico ao da arma. <\/span><\/p>\n<p><span style=\"font-size: 14pt;\">O autor e os materiais apreendidos foram conduzidos para a Delegacia de Pol\u00edcia Civil de Galil\u00e9ia. (fonte\/foto:PMMG).<\/span><\/p>\n<p><a href=\"http:\/\/www.portalmantena.com.br\/novo\/wp-content\/uploads\/2021\/02\/no240221arma5.jpg\"><img loading=\"lazy\" class=\"alignnone size-full wp-image-65649\" src=\"http:\/\/www.portalmantena.com.br\/novo\/wp-content\/uploads\/2021\/02\/no240221arma5.jpg\" alt=\"\" width=\"700\" height=\"450\" srcset=\"http:\/\/www.portalmantena.com.br\/novo\/wp-content\/uploads\/2021\/02\/no240221arma5.jpg 700w, http:\/\/www.portalmantena.com.br\/novo\/wp-content\/uploads\/2021\/02\/no240221arma5-300x193.jpg 300w, http:\/\/www.portalmantena.com.br\/novo\/wp-content\/uploads\/2021\/02\/no240221arma5-696x447.jpg 696w, http:\/\/www.portalmantena.com.br\/novo\/wp-content\/uploads\/2021\/02\/no240221arma5-653x420.jpg 653w\" sizes=\"(max-width: 700px) 100vw, 700px\" \/><\/a><\/p>\n<p><a href=\"http:\/\/www.portalmantena.com.br\/novo\/\"><img loading=\"lazy\" class=\"alignnone size-full wp-image-37331\" src=\"http:\/\/www.portalmantena.com.br\/novo\/wp-content\/uploads\/2018\/05\/faixaportalnoticias5.jpg\" alt=\"\" width=\"700\" height=\"40\" srcset=\"http:\/\/www.portalmantena.com.br\/novo\/wp-content\/uploads\/2018\/05\/faixaportalnoticias5.jpg 700w, http:\/\/www.portalmantena.com.br\/novo\/wp-content\/uploads\/2018\/05\/faixaportalnoticias5-300x17.jpg 300w, http:\/\/www.portalmantena.com.br\/novo\/wp-content\/uploads\/2018\/05\/faixaportalnoticias5-696x40.jpg 696w\" sizes=\"(max-width: 700px) 100vw, 700px\" \/><\/a><\/p>\n<p><span style=\"font-size: 10pt;\">ESPA\u00c7O EMPRESARIAL<\/span><a href=\"https:\/\/www.facebook.com\/1148561818529027\/posts\/3085046094880580?d=w\"><img loading=\"lazy\" class=\"alignnone size-full wp-image-65103\" src=\"http:\/\/www.portalmantena.com.br\/novo\/wp-content\/uploads\/2018\/05\/tekolbasic010121.jpg\" alt=\"\" width=\"700\" height=\"150\" srcset=\"http:\/\/www.portalmantena.com.br\/novo\/wp-content\/uploads\/2018\/05\/tekolbasic010121.jpg 700w, http:\/\/www.portalmantena.com.br\/novo\/wp-content\/uploads\/2018\/05\/tekolbasic010121-300x64.jpg 300w, http:\/\/www.portalmantena.com.br\/novo\/wp-content\/uploads\/2018\/05\/tekolbasic010121-696x150.jpg 696w\" sizes=\"(max-width: 700px) 100vw, 700px\" \/><\/a><\/p>\n","protected":false},"excerpt":{"rendered":"<p>Durante a realiza\u00e7\u00e3o de Opera\u00e7\u00e3o Batida Policial realizada nesta ter\u00e7a-feira dia 23 de fevereiro, os militares do munic\u00edpio de Galil\u00e9ia receberam den\u00fancia de que um homem estaria portando uma arma de fogo na cintura, estando sem camisa, na inten\u00e7\u00e3o de coagir terceiro envolvido em uma contenda a respeito dos limites de duas propriedades rurais. No [&hellip;]<\/p>\n","protected":false},"author":1,"featured_media":65649,"comment_status":"open","ping_status":"open","sticky":false,"template":"","format":"standard","meta":[],"categories":[11,34],"tags":[],"_links":{"self":[{"href":"http:\/\/www.portalmantena.com.br\/novo\/index.php?rest_route=\/wp\/v2\/posts\/65643"}],"collection":[{"href":"http:\/\/www.portalmantena.com.br\/novo\/index.php?rest_route=\/wp\/v2\/posts"}],"about":[{"href":"http:\/\/www.portalmantena.com.br\/novo\/index.php?rest_route=\/wp\/v2\/types\/post"}],"author":[{"embeddable":true,"href":"http:\/\/www.portalmantena.com.br\/novo\/index.php?rest_route=\/wp\/v2\/users\/1"}],"replies":[{"embeddable":true,"href":"http:\/\/www.portalmantena.com.br\/novo\/index.php?rest_route=%2Fwp%2Fv2%2Fcomments&post=65643"}],"version-history":[{"count":3,"href":"http:\/\/www.portalmantena.com.br\/novo\/index.php?rest_route=\/wp\/v2\/posts\/65643\/revisions"}],"predecessor-version":[{"id":65650,"href":"http:\/\/www.portalmantena.com.br\/novo\/index.php?rest_route=\/wp\/v2\/posts\/65643\/revisions\/65650"}],"wp:featuredmedia":[{"embeddable":true,"href":"http:\/\/www.portalmantena.com.br\/novo\/index.php?rest_route=\/wp\/v2\/media\/65649"}],"wp:attachment":[{"href":"http:\/\/www.portalmantena.com.br\/novo\/index.php?rest_route=%2Fwp%2Fv2%2Fmedia&parent=65643"}],"wp:term":[{"taxonomy":"category","embeddable":true,"href":"http:\/\/www.portalmantena.com.br\/novo\/index.php?rest_route=%2Fwp%2Fv2%2Fcategories&post=65643"},{"taxonomy":"post_tag","embeddable":true,"href":"http:\/\/www.portalmantena.com.br\/novo\/index.php?rest_route=%2Fwp%2Fv2%2Ftags&post=65643"}],"curies":[{"name":"wp","href":"https:\/\/api.w.org\/{rel}","templated":true}]}}