{"id":65639,"date":"2021-02-25T06:19:58","date_gmt":"2021-02-25T09:19:58","guid":{"rendered":"http:\/\/www.portalmantena.com.br\/novo\/?p=65639"},"modified":"2021-02-24T16:38:28","modified_gmt":"2021-02-24T19:38:28","slug":"regiao-defeito-em-roda-faz-carga-de-carreta-tombar-na-pista","status":"publish","type":"post","link":"http:\/\/www.portalmantena.com.br\/novo\/?p=65639","title":{"rendered":"Regi\u00e3o: Defeito em roda faz carga de carreta tombar na pista"},"content":{"rendered":"<p><a href=\"http:\/\/www.portalmantena.com.br\/novo\/wp-content\/uploads\/2021\/02\/no240221aci2.jpg\"><img loading=\"lazy\" class=\"alignnone size-full wp-image-65640\" src=\"http:\/\/www.portalmantena.com.br\/novo\/wp-content\/uploads\/2021\/02\/no240221aci2.jpg\" alt=\"\" width=\"700\" height=\"450\" srcset=\"http:\/\/www.portalmantena.com.br\/novo\/wp-content\/uploads\/2021\/02\/no240221aci2.jpg 700w, http:\/\/www.portalmantena.com.br\/novo\/wp-content\/uploads\/2021\/02\/no240221aci2-300x193.jpg 300w, http:\/\/www.portalmantena.com.br\/novo\/wp-content\/uploads\/2021\/02\/no240221aci2-696x447.jpg 696w, http:\/\/www.portalmantena.com.br\/novo\/wp-content\/uploads\/2021\/02\/no240221aci2-653x420.jpg 653w\" sizes=\"(max-width: 700px) 100vw, 700px\" \/><\/a><\/p>\n<p><span style=\"font-size: 14pt;\">Um acidente envolvendo uma Scania carregada de madeira foi registrado na manh\u00e3 desta quarta-feira dia 24 de fevereiro, na altura do Km 140 da Rodovia BR 259. <\/span><\/p>\n<p><span style=\"font-size: 18pt;\"><strong>Quando a Pol\u00edcia Militar Rodovi\u00e1ria chegou ao local, encontrou a rodovia interditada nos 2 sentidos, e a carga de madeira espalhada em parte da pista e acostamento. <\/strong><\/span><\/p>\n<p><span style=\"font-size: 14pt;\">O condutor do ve\u00edculo relatou aos militares que transitava com seu ve\u00edculo no sentido Governador Valadares ao distrito de S\u00e3o Vitor, e quando fez a curva no local, a carreta apresentou problemas mec\u00e2nicos na roda dianteira esquerda, fazendo com que perdesse o controle derramando toda carga que transportava. <\/span><\/p>\n<p><span style=\"font-size: 14pt;\">Apesar do susto n\u00e3o houve feridos. (fonte:noticiasnoleste\/fotos: Daniel Victor).<\/span><\/p>\n<p><a href=\"http:\/\/www.portalmantena.com.br\/novo\/wp-content\/uploads\/2021\/02\/no240221aci1.jpg\"><img loading=\"lazy\" class=\"alignnone size-full wp-image-65641\" src=\"http:\/\/www.portalmantena.com.br\/novo\/wp-content\/uploads\/2021\/02\/no240221aci1.jpg\" alt=\"\" width=\"700\" height=\"450\" srcset=\"http:\/\/www.portalmantena.com.br\/novo\/wp-content\/uploads\/2021\/02\/no240221aci1.jpg 700w, http:\/\/www.portalmantena.com.br\/novo\/wp-content\/uploads\/2021\/02\/no240221aci1-300x193.jpg 300w, http:\/\/www.portalmantena.com.br\/novo\/wp-content\/uploads\/2021\/02\/no240221aci1-696x447.jpg 696w, http:\/\/www.portalmantena.com.br\/novo\/wp-content\/uploads\/2021\/02\/no240221aci1-653x420.jpg 653w\" sizes=\"(max-width: 700px) 100vw, 700px\" \/><\/a><\/p>\n<p><a href=\"http:\/\/www.portalmantena.com.br\/novo\/\"><img loading=\"lazy\" class=\"alignnone size-full wp-image-37331\" src=\"http:\/\/www.portalmantena.com.br\/novo\/wp-content\/uploads\/2018\/05\/faixaportalnoticias5.jpg\" alt=\"\" width=\"700\" height=\"40\" srcset=\"http:\/\/www.portalmantena.com.br\/novo\/wp-content\/uploads\/2018\/05\/faixaportalnoticias5.jpg 700w, http:\/\/www.portalmantena.com.br\/novo\/wp-content\/uploads\/2018\/05\/faixaportalnoticias5-300x17.jpg 300w, http:\/\/www.portalmantena.com.br\/novo\/wp-content\/uploads\/2018\/05\/faixaportalnoticias5-696x40.jpg 696w\" sizes=\"(max-width: 700px) 100vw, 700px\" \/><\/a><\/p>\n<p><span style=\"font-size: 10pt;\">ESPA\u00c7O EMPRESARIAL<\/span><a href=\"http:\/\/www.portalmantena.com.br\/novo\/?p=53568\"><img loading=\"lazy\" class=\"alignnone size-full wp-image-54066\" src=\"http:\/\/www.portalmantena.com.br\/novo\/wp-content\/uploads\/2018\/05\/valenteapp.jpg\" alt=\"\" width=\"700\" height=\"150\" srcset=\"http:\/\/www.portalmantena.com.br\/novo\/wp-content\/uploads\/2018\/05\/valenteapp.jpg 700w, http:\/\/www.portalmantena.com.br\/novo\/wp-content\/uploads\/2018\/05\/valenteapp-300x64.jpg 300w, http:\/\/www.portalmantena.com.br\/novo\/wp-content\/uploads\/2018\/05\/valenteapp-696x150.jpg 696w\" sizes=\"(max-width: 700px) 100vw, 700px\" \/><\/a><\/p>\n","protected":false},"excerpt":{"rendered":"<p>Um acidente envolvendo uma Scania carregada de madeira foi registrado na manh\u00e3 desta quarta-feira dia 24 de fevereiro, na altura do Km 140 da Rodovia BR 259. Quando a Pol\u00edcia Militar Rodovi\u00e1ria chegou ao local, encontrou a rodovia interditada nos 2 sentidos, e a carga de madeira espalhada em parte da pista e acostamento. O [&hellip;]<\/p>\n","protected":false},"author":1,"featured_media":65641,"comment_status":"open","ping_status":"open","sticky":false,"template":"","format":"standard","meta":[],"categories":[11],"tags":[],"_links":{"self":[{"href":"http:\/\/www.portalmantena.com.br\/novo\/index.php?rest_route=\/wp\/v2\/posts\/65639"}],"collection":[{"href":"http:\/\/www.portalmantena.com.br\/novo\/index.php?rest_route=\/wp\/v2\/posts"}],"about":[{"href":"http:\/\/www.portalmantena.com.br\/novo\/index.php?rest_route=\/wp\/v2\/types\/post"}],"author":[{"embeddable":true,"href":"http:\/\/www.portalmantena.com.br\/novo\/index.php?rest_route=\/wp\/v2\/users\/1"}],"replies":[{"embeddable":true,"href":"http:\/\/www.portalmantena.com.br\/novo\/index.php?rest_route=%2Fwp%2Fv2%2Fcomments&post=65639"}],"version-history":[{"count":1,"href":"http:\/\/www.portalmantena.com.br\/novo\/index.php?rest_route=\/wp\/v2\/posts\/65639\/revisions"}],"predecessor-version":[{"id":65642,"href":"http:\/\/www.portalmantena.com.br\/novo\/index.php?rest_route=\/wp\/v2\/posts\/65639\/revisions\/65642"}],"wp:featuredmedia":[{"embeddable":true,"href":"http:\/\/www.portalmantena.com.br\/novo\/index.php?rest_route=\/wp\/v2\/media\/65641"}],"wp:attachment":[{"href":"http:\/\/www.portalmantena.com.br\/novo\/index.php?rest_route=%2Fwp%2Fv2%2Fmedia&parent=65639"}],"wp:term":[{"taxonomy":"category","embeddable":true,"href":"http:\/\/www.portalmantena.com.br\/novo\/index.php?rest_route=%2Fwp%2Fv2%2Fcategories&post=65639"},{"taxonomy":"post_tag","embeddable":true,"href":"http:\/\/www.portalmantena.com.br\/novo\/index.php?rest_route=%2Fwp%2Fv2%2Ftags&post=65639"}],"curies":[{"name":"wp","href":"https:\/\/api.w.org\/{rel}","templated":true}]}}