{"id":64975,"date":"2020-12-21T09:58:21","date_gmt":"2020-12-21T11:58:21","guid":{"rendered":"http:\/\/www.portalmantena.com.br\/novo\/?p=64975"},"modified":"2020-12-21T09:58:21","modified_gmt":"2020-12-21T11:58:21","slug":"regiao-carro-bate-contra-arvore-uma-pessoa-morre","status":"publish","type":"post","link":"http:\/\/www.portalmantena.com.br\/novo\/?p=64975","title":{"rendered":"Regi\u00e3o: Carro bate contra \u00e1rvore, uma pessoa morre"},"content":{"rendered":"<p><a href=\"http:\/\/www.portalmantena.com.br\/novo\/wp-content\/uploads\/2020\/12\/no211220aci1.jpg\"><img loading=\"lazy\" class=\"alignnone size-full wp-image-64976\" src=\"http:\/\/www.portalmantena.com.br\/novo\/wp-content\/uploads\/2020\/12\/no211220aci1.jpg\" alt=\"\" width=\"700\" height=\"450\" srcset=\"http:\/\/www.portalmantena.com.br\/novo\/wp-content\/uploads\/2020\/12\/no211220aci1.jpg 700w, http:\/\/www.portalmantena.com.br\/novo\/wp-content\/uploads\/2020\/12\/no211220aci1-300x193.jpg 300w, http:\/\/www.portalmantena.com.br\/novo\/wp-content\/uploads\/2020\/12\/no211220aci1-696x447.jpg 696w, http:\/\/www.portalmantena.com.br\/novo\/wp-content\/uploads\/2020\/12\/no211220aci1-653x420.jpg 653w\" sizes=\"(max-width: 700px) 100vw, 700px\" \/><\/a><\/p>\n<p><span style=\"font-size: 14pt;\">Um grave acidente foi registrado na tarde do \u00faltimo s\u00e1bado dia 19 de dezembro, na altura do km 24 da rodovia BR 259 pr\u00f3ximo a cidade de Itu\u00eata, deixando uma pessoa morta. <\/span><\/p>\n<p><span style=\"font-size: 14pt;\">Um Honda City foi encontrado pelos militares fora da estrada, completamente preso a uma \u00e1rvore.<\/span><\/p>\n<p><span style=\"font-size: 14pt;\"> Segundo informa\u00e7\u00f5es, a passageira Gislaine Gomes de Almeida, de 37 anos, morreu presa \u00e0s ferragens. <\/span><\/p>\n<p><span style=\"font-size: 14pt;\">O condutor (seu esposo) foi levado para o Hospital de Resplendor, conforme consta do Boletim de Ocorr\u00eancias, apenas com ferimentos leves.<\/span><\/p>\n<p><span style=\"font-size: 14pt;\"> No hospital, ele relatou aos militares que seguia de Vit\u00f3ria\/ES para Governador Valadares, e n\u00e3o se lembrava o que aconteceu, apenas lembrando de uma pessoa o ajudando a sair do ve\u00edculo, depois de ter batido, n\u00e3o sabendo dizer como o acidente ocorreu nem o que levou a sair da pista com o ve\u00edculo. <\/span><\/p>\n<p><span style=\"font-size: 14pt;\">Oficiais do Corpo de Bombeiros estiveram no local, para retirar o corpo da passageira de dentro das ferragens, sendo ele encaminhado para funer\u00e1ria. O condutor, ficou internado no hospital de Resplendor em observa\u00e7\u00e3o. (fonte\/foto:noticiasnoleste).<\/span><\/p>\n<p><a href=\"http:\/\/www.portalmantena.com.br\/novo\/\"><img loading=\"lazy\" class=\"alignnone size-full wp-image-37331\" src=\"http:\/\/www.portalmantena.com.br\/novo\/wp-content\/uploads\/2018\/05\/faixaportalnoticias5.jpg\" alt=\"\" width=\"700\" height=\"40\" srcset=\"http:\/\/www.portalmantena.com.br\/novo\/wp-content\/uploads\/2018\/05\/faixaportalnoticias5.jpg 700w, http:\/\/www.portalmantena.com.br\/novo\/wp-content\/uploads\/2018\/05\/faixaportalnoticias5-300x17.jpg 300w, http:\/\/www.portalmantena.com.br\/novo\/wp-content\/uploads\/2018\/05\/faixaportalnoticias5-696x40.jpg 696w\" sizes=\"(max-width: 700px) 100vw, 700px\" \/><\/a><\/p>\n<p><span style=\"font-size: 10pt;\">ESPA\u00c7O EMPRESARIA<\/span><a href=\"https:\/\/www.facebook.com\/realcecosmeticosmantena\"><img loading=\"lazy\" class=\"alignnone size-full wp-image-64138\" src=\"http:\/\/www.portalmantena.com.br\/novo\/wp-content\/uploads\/2018\/05\/realcebanner.jpg\" alt=\"\" width=\"700\" height=\"150\" srcset=\"http:\/\/www.portalmantena.com.br\/novo\/wp-content\/uploads\/2018\/05\/realcebanner.jpg 700w, http:\/\/www.portalmantena.com.br\/novo\/wp-content\/uploads\/2018\/05\/realcebanner-300x64.jpg 300w, http:\/\/www.portalmantena.com.br\/novo\/wp-content\/uploads\/2018\/05\/realcebanner-696x150.jpg 696w\" sizes=\"(max-width: 700px) 100vw, 700px\" \/><\/a><\/p>\n","protected":false},"excerpt":{"rendered":"<p>Um grave acidente foi registrado na tarde do \u00faltimo s\u00e1bado dia 19 de dezembro, na altura do km 24 da rodovia BR 259 pr\u00f3ximo a cidade de Itu\u00eata, deixando uma pessoa morta. Um Honda City foi encontrado pelos militares fora da estrada, completamente preso a uma \u00e1rvore. Segundo informa\u00e7\u00f5es, a passageira Gislaine Gomes de Almeida, [&hellip;]<\/p>\n","protected":false},"author":1,"featured_media":64976,"comment_status":"open","ping_status":"open","sticky":false,"template":"","format":"standard","meta":[],"categories":[11,39],"tags":[],"_links":{"self":[{"href":"http:\/\/www.portalmantena.com.br\/novo\/index.php?rest_route=\/wp\/v2\/posts\/64975"}],"collection":[{"href":"http:\/\/www.portalmantena.com.br\/novo\/index.php?rest_route=\/wp\/v2\/posts"}],"about":[{"href":"http:\/\/www.portalmantena.com.br\/novo\/index.php?rest_route=\/wp\/v2\/types\/post"}],"author":[{"embeddable":true,"href":"http:\/\/www.portalmantena.com.br\/novo\/index.php?rest_route=\/wp\/v2\/users\/1"}],"replies":[{"embeddable":true,"href":"http:\/\/www.portalmantena.com.br\/novo\/index.php?rest_route=%2Fwp%2Fv2%2Fcomments&post=64975"}],"version-history":[{"count":1,"href":"http:\/\/www.portalmantena.com.br\/novo\/index.php?rest_route=\/wp\/v2\/posts\/64975\/revisions"}],"predecessor-version":[{"id":64977,"href":"http:\/\/www.portalmantena.com.br\/novo\/index.php?rest_route=\/wp\/v2\/posts\/64975\/revisions\/64977"}],"wp:featuredmedia":[{"embeddable":true,"href":"http:\/\/www.portalmantena.com.br\/novo\/index.php?rest_route=\/wp\/v2\/media\/64976"}],"wp:attachment":[{"href":"http:\/\/www.portalmantena.com.br\/novo\/index.php?rest_route=%2Fwp%2Fv2%2Fmedia&parent=64975"}],"wp:term":[{"taxonomy":"category","embeddable":true,"href":"http:\/\/www.portalmantena.com.br\/novo\/index.php?rest_route=%2Fwp%2Fv2%2Fcategories&post=64975"},{"taxonomy":"post_tag","embeddable":true,"href":"http:\/\/www.portalmantena.com.br\/novo\/index.php?rest_route=%2Fwp%2Fv2%2Ftags&post=64975"}],"curies":[{"name":"wp","href":"https:\/\/api.w.org\/{rel}","templated":true}]}}