{"id":64968,"date":"2020-12-18T12:29:11","date_gmt":"2020-12-18T14:29:11","guid":{"rendered":"http:\/\/www.portalmantena.com.br\/novo\/?p=64968"},"modified":"2020-12-18T14:11:51","modified_gmt":"2020-12-18T16:11:51","slug":"mantenense-e-selecionado-para-mestrado-em-direito-na-fdv","status":"publish","type":"post","link":"http:\/\/www.portalmantena.com.br\/novo\/?p=64968","title":{"rendered":"Mantenense \u00e9 selecionado para Doutorado em Direito na FDV"},"content":{"rendered":"<p><a href=\"http:\/\/www.portalmantena.com.br\/novo\/wp-content\/uploads\/2020\/12\/no181220ronaldo.jpg\"><img loading=\"lazy\" class=\"alignnone size-full wp-image-64969\" src=\"http:\/\/www.portalmantena.com.br\/novo\/wp-content\/uploads\/2020\/12\/no181220ronaldo.jpg\" alt=\"\" width=\"700\" height=\"450\" srcset=\"http:\/\/www.portalmantena.com.br\/novo\/wp-content\/uploads\/2020\/12\/no181220ronaldo.jpg 700w, http:\/\/www.portalmantena.com.br\/novo\/wp-content\/uploads\/2020\/12\/no181220ronaldo-300x193.jpg 300w, http:\/\/www.portalmantena.com.br\/novo\/wp-content\/uploads\/2020\/12\/no181220ronaldo-696x447.jpg 696w, http:\/\/www.portalmantena.com.br\/novo\/wp-content\/uploads\/2020\/12\/no181220ronaldo-653x420.jpg 653w\" sizes=\"(max-width: 700px) 100vw, 700px\" \/><\/a><\/p>\n<p><span style=\"font-size: 14pt;\">Mais um jovem mantenense, filho da terra boa \u00e9 destaque por este imenso pa\u00eds, dando orgulho n\u00e3o apenas \u00e0 sua fam\u00edlia mas tamb\u00e9m aos amigos conterr\u00e2neos, sendo destaque como um dos 5 selecionados para o Curso de Doutorado na Faculdade de Direito de Vit\u00f3ria\/ES &#8211; (FDV). <\/span><\/p>\n<p><span style=\"font-size: 14pt;\">O jovem Ronaldo F\u00e9lix Moreira Jr \u00e9 filho do casal Ronaldo F\u00e9lix e Yeda Maria Vasconcelos. <\/span><\/p>\n<p><span style=\"font-size: 14pt;\">Ele foi aprovado no processo seletivo de 2021\/1 para o curso de Doutorado do Programa de P\u00f3s-Gradua\u00e7\u00e3o Stricto Sensu em Direito (PPGD) da Faculdade de Direito de Vit\u00f3ria\/ES. <\/span><\/p>\n<p><span style=\"font-size: 14pt;\">Isso significa que ele ser\u00e1 em breve um doutor de um dos principais programas do pa\u00eds, com padr\u00e3o de excel\u00eancia comprovado pela CAPES e reconhecido no meio jur\u00eddico nacional e internacional. <\/span><\/p>\n<p><span style=\"font-size: 14pt;\">L\u00f3gico que esta conquista foi o resultado de anos de estudo, pesquisas, mestrado e agora estar\u00e1 doutorando em uma das renomadas faculdade de Direito do Esp\u00edrito Santo. <\/span><\/p>\n<p><span style=\"font-size: 14pt;\"><em><strong>\u201cS\u00f3 temos a agradecer ao Grande Arquiteto do Universo que \u00e9 Deus por tudo e pedir a ele direcionamento e sa\u00fade ao Ronaldo Jr para essa nova empreitada do Universo Acad\u00eamico. Breve Doutor em Direito\u201d<\/strong><\/em>, foi o que disse seu pai Ronaldo, orgulhoso e emocionado pela conquista do filho. <\/span><\/p>\n<p><span style=\"font-size: 14pt;\">Ronaldo Jr que j\u00e1 tem um caminho percorrido, ele j\u00e1 foi professor em Diamantina em 2019 na UEMG. <\/span><\/p>\n<p><span style=\"font-size: 14pt;\">Na foto Ronaldo Jr. ao lado dos pais Ronaldo e Yeda, e da irm\u00e3 Poliana Ferreira Roncetti (Psic\u00f3loga), pela Multivix em Vit\u00f3ria\/ES.<\/span><\/p>\n<p><a href=\"http:\/\/www.portalmantena.com.br\/novo\/\"><img loading=\"lazy\" class=\"alignnone size-full wp-image-37331\" src=\"http:\/\/www.portalmantena.com.br\/novo\/wp-content\/uploads\/2018\/05\/faixaportalnoticias5.jpg\" alt=\"\" width=\"700\" height=\"40\" srcset=\"http:\/\/www.portalmantena.com.br\/novo\/wp-content\/uploads\/2018\/05\/faixaportalnoticias5.jpg 700w, http:\/\/www.portalmantena.com.br\/novo\/wp-content\/uploads\/2018\/05\/faixaportalnoticias5-300x17.jpg 300w, http:\/\/www.portalmantena.com.br\/novo\/wp-content\/uploads\/2018\/05\/faixaportalnoticias5-696x40.jpg 696w\" sizes=\"(max-width: 700px) 100vw, 700px\" \/><\/a><\/p>\n<p><span style=\"font-size: 10pt;\">ESPA\u00c7O EMPRESARIAL<\/span><a href=\"http:\/\/www.temposolar.com.br\/\"><img loading=\"lazy\" class=\"alignnone size-full wp-image-44084\" src=\"http:\/\/www.portalmantena.com.br\/novo\/wp-content\/uploads\/2018\/05\/temposolarbb.jpg\" alt=\"\" width=\"700\" height=\"150\" srcset=\"http:\/\/www.portalmantena.com.br\/novo\/wp-content\/uploads\/2018\/05\/temposolarbb.jpg 700w, http:\/\/www.portalmantena.com.br\/novo\/wp-content\/uploads\/2018\/05\/temposolarbb-300x64.jpg 300w, http:\/\/www.portalmantena.com.br\/novo\/wp-content\/uploads\/2018\/05\/temposolarbb-696x150.jpg 696w\" sizes=\"(max-width: 700px) 100vw, 700px\" \/><\/a><\/p>\n","protected":false},"excerpt":{"rendered":"<p>Mais um jovem mantenense, filho da terra boa \u00e9 destaque por este imenso pa\u00eds, dando orgulho n\u00e3o apenas \u00e0 sua fam\u00edlia mas tamb\u00e9m aos amigos conterr\u00e2neos, sendo destaque como um dos 5 selecionados para o Curso de Doutorado na Faculdade de Direito de Vit\u00f3ria\/ES &#8211; (FDV). O jovem Ronaldo F\u00e9lix Moreira Jr \u00e9 filho do [&hellip;]<\/p>\n","protected":false},"author":1,"featured_media":64969,"comment_status":"open","ping_status":"open","sticky":false,"template":"","format":"standard","meta":[],"categories":[11],"tags":[],"_links":{"self":[{"href":"http:\/\/www.portalmantena.com.br\/novo\/index.php?rest_route=\/wp\/v2\/posts\/64968"}],"collection":[{"href":"http:\/\/www.portalmantena.com.br\/novo\/index.php?rest_route=\/wp\/v2\/posts"}],"about":[{"href":"http:\/\/www.portalmantena.com.br\/novo\/index.php?rest_route=\/wp\/v2\/types\/post"}],"author":[{"embeddable":true,"href":"http:\/\/www.portalmantena.com.br\/novo\/index.php?rest_route=\/wp\/v2\/users\/1"}],"replies":[{"embeddable":true,"href":"http:\/\/www.portalmantena.com.br\/novo\/index.php?rest_route=%2Fwp%2Fv2%2Fcomments&post=64968"}],"version-history":[{"count":4,"href":"http:\/\/www.portalmantena.com.br\/novo\/index.php?rest_route=\/wp\/v2\/posts\/64968\/revisions"}],"predecessor-version":[{"id":64973,"href":"http:\/\/www.portalmantena.com.br\/novo\/index.php?rest_route=\/wp\/v2\/posts\/64968\/revisions\/64973"}],"wp:featuredmedia":[{"embeddable":true,"href":"http:\/\/www.portalmantena.com.br\/novo\/index.php?rest_route=\/wp\/v2\/media\/64969"}],"wp:attachment":[{"href":"http:\/\/www.portalmantena.com.br\/novo\/index.php?rest_route=%2Fwp%2Fv2%2Fmedia&parent=64968"}],"wp:term":[{"taxonomy":"category","embeddable":true,"href":"http:\/\/www.portalmantena.com.br\/novo\/index.php?rest_route=%2Fwp%2Fv2%2Fcategories&post=64968"},{"taxonomy":"post_tag","embeddable":true,"href":"http:\/\/www.portalmantena.com.br\/novo\/index.php?rest_route=%2Fwp%2Fv2%2Ftags&post=64968"}],"curies":[{"name":"wp","href":"https:\/\/api.w.org\/{rel}","templated":true}]}}