{"id":64965,"date":"2020-12-18T12:06:44","date_gmt":"2020-12-18T14:06:44","guid":{"rendered":"http:\/\/www.portalmantena.com.br\/novo\/?p=64965"},"modified":"2020-12-18T12:06:44","modified_gmt":"2020-12-18T14:06:44","slug":"casal-mantenense-soprando-velinhas-parabens","status":"publish","type":"post","link":"http:\/\/www.portalmantena.com.br\/novo\/?p=64965","title":{"rendered":"Casal mantenense soprando velinhas, Parab\u00e9ns"},"content":{"rendered":"<p><a href=\"http:\/\/www.portalmantena.com.br\/novo\/wp-content\/uploads\/2020\/12\/vi181220carminha.jpg\"><img loading=\"lazy\" class=\"alignnone size-full wp-image-64966\" src=\"http:\/\/www.portalmantena.com.br\/novo\/wp-content\/uploads\/2020\/12\/vi181220carminha.jpg\" alt=\"\" width=\"700\" height=\"450\" srcset=\"http:\/\/www.portalmantena.com.br\/novo\/wp-content\/uploads\/2020\/12\/vi181220carminha.jpg 700w, http:\/\/www.portalmantena.com.br\/novo\/wp-content\/uploads\/2020\/12\/vi181220carminha-300x193.jpg 300w, http:\/\/www.portalmantena.com.br\/novo\/wp-content\/uploads\/2020\/12\/vi181220carminha-696x447.jpg 696w, http:\/\/www.portalmantena.com.br\/novo\/wp-content\/uploads\/2020\/12\/vi181220carminha-653x420.jpg 653w\" sizes=\"(max-width: 700px) 100vw, 700px\" \/><\/a><\/p>\n<p><span style=\"font-size: 14pt;\">As felicita\u00e7\u00f5es desta semana v\u00e3o para os nossos amigos, o casal de mantenenses ausentes, Alberone &amp; Carmem L\u00facia. <\/span><\/p>\n<p><span style=\"font-size: 14pt;\">Eles que est\u00e3o residindo na cidade de Governador Valadares, e comemoraram mais um ano de vida conjugal, 27 anos de casamento. <\/span><\/p>\n<p><span style=\"font-size: 14pt;\">Aproveitamos a oportunidade para lhes desejar muitas b\u00ean\u00e7\u00e3os, felicidades e que esta uni\u00e3o seja realmente para sempre. <\/span><\/p>\n<p><span style=\"font-size: 14pt;\">Pedimos ao nosso Deus que continue aben\u00e7oando n\u00e3o apenas o casal, mas toda fam\u00edlia, parab\u00e9ns.<\/span><\/p>\n<p><span style=\"font-size: 10pt;\">ESPA\u00c7O EMPRESARIAL<\/span><a href=\"https:\/\/www.facebook.com\/avenidanovasapataria\"><img loading=\"lazy\" class=\"alignnone size-full wp-image-63671\" src=\"http:\/\/www.portalmantena.com.br\/novo\/wp-content\/uploads\/2018\/05\/avenida011020.jpg\" alt=\"\" width=\"700\" height=\"150\" srcset=\"http:\/\/www.portalmantena.com.br\/novo\/wp-content\/uploads\/2018\/05\/avenida011020.jpg 700w, http:\/\/www.portalmantena.com.br\/novo\/wp-content\/uploads\/2018\/05\/avenida011020-300x64.jpg 300w, http:\/\/www.portalmantena.com.br\/novo\/wp-content\/uploads\/2018\/05\/avenida011020-696x150.jpg 696w\" sizes=\"(max-width: 700px) 100vw, 700px\" \/><\/a><\/p>\n<p><a href=\"http:\/\/www.portalmantena.com.br\/novo\/\"><img loading=\"lazy\" class=\"alignnone size-full wp-image-37296\" src=\"http:\/\/www.portalmantena.com.br\/novo\/wp-content\/uploads\/2018\/05\/faixavitrine2.jpg\" alt=\"\" width=\"700\" height=\"40\" srcset=\"http:\/\/www.portalmantena.com.br\/novo\/wp-content\/uploads\/2018\/05\/faixavitrine2.jpg 700w, http:\/\/www.portalmantena.com.br\/novo\/wp-content\/uploads\/2018\/05\/faixavitrine2-300x17.jpg 300w, http:\/\/www.portalmantena.com.br\/novo\/wp-content\/uploads\/2018\/05\/faixavitrine2-696x40.jpg 696w\" sizes=\"(max-width: 700px) 100vw, 700px\" \/><\/a><\/p>\n","protected":false},"excerpt":{"rendered":"<p>As felicita\u00e7\u00f5es desta semana v\u00e3o para os nossos amigos, o casal de mantenenses ausentes, Alberone &amp; Carmem L\u00facia. Eles que est\u00e3o residindo na cidade de Governador Valadares, e comemoraram mais um ano de vida conjugal, 27 anos de casamento. Aproveitamos a oportunidade para lhes desejar muitas b\u00ean\u00e7\u00e3os, felicidades e que esta uni\u00e3o seja realmente para [&hellip;]<\/p>\n","protected":false},"author":1,"featured_media":64966,"comment_status":"open","ping_status":"open","sticky":false,"template":"","format":"standard","meta":[],"categories":[7],"tags":[],"_links":{"self":[{"href":"http:\/\/www.portalmantena.com.br\/novo\/index.php?rest_route=\/wp\/v2\/posts\/64965"}],"collection":[{"href":"http:\/\/www.portalmantena.com.br\/novo\/index.php?rest_route=\/wp\/v2\/posts"}],"about":[{"href":"http:\/\/www.portalmantena.com.br\/novo\/index.php?rest_route=\/wp\/v2\/types\/post"}],"author":[{"embeddable":true,"href":"http:\/\/www.portalmantena.com.br\/novo\/index.php?rest_route=\/wp\/v2\/users\/1"}],"replies":[{"embeddable":true,"href":"http:\/\/www.portalmantena.com.br\/novo\/index.php?rest_route=%2Fwp%2Fv2%2Fcomments&post=64965"}],"version-history":[{"count":1,"href":"http:\/\/www.portalmantena.com.br\/novo\/index.php?rest_route=\/wp\/v2\/posts\/64965\/revisions"}],"predecessor-version":[{"id":64967,"href":"http:\/\/www.portalmantena.com.br\/novo\/index.php?rest_route=\/wp\/v2\/posts\/64965\/revisions\/64967"}],"wp:featuredmedia":[{"embeddable":true,"href":"http:\/\/www.portalmantena.com.br\/novo\/index.php?rest_route=\/wp\/v2\/media\/64966"}],"wp:attachment":[{"href":"http:\/\/www.portalmantena.com.br\/novo\/index.php?rest_route=%2Fwp%2Fv2%2Fmedia&parent=64965"}],"wp:term":[{"taxonomy":"category","embeddable":true,"href":"http:\/\/www.portalmantena.com.br\/novo\/index.php?rest_route=%2Fwp%2Fv2%2Fcategories&post=64965"},{"taxonomy":"post_tag","embeddable":true,"href":"http:\/\/www.portalmantena.com.br\/novo\/index.php?rest_route=%2Fwp%2Fv2%2Ftags&post=64965"}],"curies":[{"name":"wp","href":"https:\/\/api.w.org\/{rel}","templated":true}]}}