{"id":64415,"date":"2020-11-20T11:04:03","date_gmt":"2020-11-20T13:04:03","guid":{"rendered":"http:\/\/www.portalmantena.com.br\/novo\/?p=64415"},"modified":"2020-11-20T11:04:03","modified_gmt":"2020-11-20T13:04:03","slug":"sepultado-em-mantena-sr-julio-maria-fernandes","status":"publish","type":"post","link":"http:\/\/www.portalmantena.com.br\/novo\/?p=64415","title":{"rendered":"Sepultado em Mantena Sr. J\u00falio Maria Fernandes"},"content":{"rendered":"<p><a href=\"http:\/\/www.portalmantena.com.br\/novo\/wp-content\/uploads\/2020\/11\/no201120luto.jpg\"><img loading=\"lazy\" class=\"alignnone size-full wp-image-64416\" src=\"http:\/\/www.portalmantena.com.br\/novo\/wp-content\/uploads\/2020\/11\/no201120luto.jpg\" alt=\"\" width=\"700\" height=\"450\" srcset=\"http:\/\/www.portalmantena.com.br\/novo\/wp-content\/uploads\/2020\/11\/no201120luto.jpg 700w, http:\/\/www.portalmantena.com.br\/novo\/wp-content\/uploads\/2020\/11\/no201120luto-300x193.jpg 300w, http:\/\/www.portalmantena.com.br\/novo\/wp-content\/uploads\/2020\/11\/no201120luto-696x447.jpg 696w, http:\/\/www.portalmantena.com.br\/novo\/wp-content\/uploads\/2020\/11\/no201120luto-653x420.jpg 653w\" sizes=\"(max-width: 700px) 100vw, 700px\" \/><\/a><\/p>\n<p><span style=\"font-size: 14pt;\">Faleceu na \u00faltima ter\u00e7a-feira dia 17 de Novembro na cidade capixaba Vila Velha (onde residia), o mantenense ausente Sr. J\u00falio Maria Fernandes, aos 69 anos de idade. <\/span><\/p>\n<p><span style=\"font-size: 14pt;\">Ele foi v\u00edtima de complica\u00e7\u00f5es em sua sa\u00fade em fun\u00e7\u00e3o do Covid 19. <\/span><\/p>\n<p><span style=\"font-size: 14pt;\">Seu corpo foi sepultado no cemit\u00e9rio do centro em Mantena na quarta-feira dia 18 de Novembro. <\/span><\/p>\n<p><span style=\"font-size: 14pt;\">Sr. J\u00falio pertencia \u00e0 fam\u00edlia dos saudosos Maria do Ros\u00e1rio Fernandes, sobrinho do \u00c1lvaro Fernandes Merc\u00eas. <\/span><\/p>\n<p><span style=\"font-size: 14pt;\">J\u00falio morou sempre no bairro Vila Nova em Mantena, na Avenida Frei Gaspar e deixa dois filhos, Thiago e Diego, e esposa Maria da Penha.<\/span><\/p>\n<p><span style=\"font-size: 18pt;\"><strong>ACESSE\u00a0<a href=\"http:\/\/www.portalmantena.com.br\/novo\/?p=57951\">AQUI<\/a>\u00a0O OBITU\u00c1RIO 2020<\/strong><\/span><\/p>\n<p><a href=\"http:\/\/www.portalmantena.com.br\/novo\/\"><img loading=\"lazy\" class=\"alignnone size-full wp-image-37331\" src=\"http:\/\/www.portalmantena.com.br\/novo\/wp-content\/uploads\/2018\/05\/faixaportalnoticias5.jpg\" alt=\"\" width=\"700\" height=\"40\" srcset=\"http:\/\/www.portalmantena.com.br\/novo\/wp-content\/uploads\/2018\/05\/faixaportalnoticias5.jpg 700w, http:\/\/www.portalmantena.com.br\/novo\/wp-content\/uploads\/2018\/05\/faixaportalnoticias5-300x17.jpg 300w, http:\/\/www.portalmantena.com.br\/novo\/wp-content\/uploads\/2018\/05\/faixaportalnoticias5-696x40.jpg 696w\" sizes=\"(max-width: 700px) 100vw, 700px\" \/><\/a><\/p>\n","protected":false},"excerpt":{"rendered":"<p>Faleceu na \u00faltima ter\u00e7a-feira dia 17 de Novembro na cidade capixaba Vila Velha (onde residia), o mantenense ausente Sr. J\u00falio Maria Fernandes, aos 69 anos de idade. Ele foi v\u00edtima de complica\u00e7\u00f5es em sua sa\u00fade em fun\u00e7\u00e3o do Covid 19. Seu corpo foi sepultado no cemit\u00e9rio do centro em Mantena na quarta-feira dia 18 de [&hellip;]<\/p>\n","protected":false},"author":1,"featured_media":64416,"comment_status":"open","ping_status":"open","sticky":false,"template":"","format":"standard","meta":[],"categories":[36,11],"tags":[],"_links":{"self":[{"href":"http:\/\/www.portalmantena.com.br\/novo\/index.php?rest_route=\/wp\/v2\/posts\/64415"}],"collection":[{"href":"http:\/\/www.portalmantena.com.br\/novo\/index.php?rest_route=\/wp\/v2\/posts"}],"about":[{"href":"http:\/\/www.portalmantena.com.br\/novo\/index.php?rest_route=\/wp\/v2\/types\/post"}],"author":[{"embeddable":true,"href":"http:\/\/www.portalmantena.com.br\/novo\/index.php?rest_route=\/wp\/v2\/users\/1"}],"replies":[{"embeddable":true,"href":"http:\/\/www.portalmantena.com.br\/novo\/index.php?rest_route=%2Fwp%2Fv2%2Fcomments&post=64415"}],"version-history":[{"count":1,"href":"http:\/\/www.portalmantena.com.br\/novo\/index.php?rest_route=\/wp\/v2\/posts\/64415\/revisions"}],"predecessor-version":[{"id":64417,"href":"http:\/\/www.portalmantena.com.br\/novo\/index.php?rest_route=\/wp\/v2\/posts\/64415\/revisions\/64417"}],"wp:featuredmedia":[{"embeddable":true,"href":"http:\/\/www.portalmantena.com.br\/novo\/index.php?rest_route=\/wp\/v2\/media\/64416"}],"wp:attachment":[{"href":"http:\/\/www.portalmantena.com.br\/novo\/index.php?rest_route=%2Fwp%2Fv2%2Fmedia&parent=64415"}],"wp:term":[{"taxonomy":"category","embeddable":true,"href":"http:\/\/www.portalmantena.com.br\/novo\/index.php?rest_route=%2Fwp%2Fv2%2Fcategories&post=64415"},{"taxonomy":"post_tag","embeddable":true,"href":"http:\/\/www.portalmantena.com.br\/novo\/index.php?rest_route=%2Fwp%2Fv2%2Ftags&post=64415"}],"curies":[{"name":"wp","href":"https:\/\/api.w.org\/{rel}","templated":true}]}}