{"id":63289,"date":"2020-09-24T09:19:13","date_gmt":"2020-09-24T12:19:13","guid":{"rendered":"http:\/\/www.portalmantena.com.br\/novo\/?p=63289"},"modified":"2020-09-24T09:45:34","modified_gmt":"2020-09-24T12:45:34","slug":"semana-com-mais-uma-oferta-de-emprego-em-mantena","status":"publish","type":"post","link":"http:\/\/www.portalmantena.com.br\/novo\/?p=63289","title":{"rendered":"Semana com mais uma oferta de emprego em Mantena"},"content":{"rendered":"<p><a href=\"http:\/\/www.portalmantena.com.br\/novo\/wp-content\/uploads\/2020\/09\/no240920emprego.jpg\"><img loading=\"lazy\" class=\"alignnone size-full wp-image-63290\" src=\"http:\/\/www.portalmantena.com.br\/novo\/wp-content\/uploads\/2020\/09\/no240920emprego.jpg\" alt=\"\" width=\"700\" height=\"450\" srcset=\"http:\/\/www.portalmantena.com.br\/novo\/wp-content\/uploads\/2020\/09\/no240920emprego.jpg 700w, http:\/\/www.portalmantena.com.br\/novo\/wp-content\/uploads\/2020\/09\/no240920emprego-300x193.jpg 300w, http:\/\/www.portalmantena.com.br\/novo\/wp-content\/uploads\/2020\/09\/no240920emprego-696x447.jpg 696w, http:\/\/www.portalmantena.com.br\/novo\/wp-content\/uploads\/2020\/09\/no240920emprego-653x420.jpg 653w\" sizes=\"(max-width: 700px) 100vw, 700px\" \/><\/a><\/p>\n<p><span style=\"font-size: 14pt;\">Voc\u00ea que est\u00e1 \u00e0 procura de uma oportunidade de emprego, em Mantena a empresa Sapataria Avenida est\u00e1 disponibilizando Vaga para Vendedor ou Vendedora. <\/span><\/p>\n<p><span style=\"font-size: 14pt;\">A Sapataria Avenida (especializada em cal\u00e7ados e Acess\u00f3rios esportivos), situada na Avenida Jos\u00e9 Mol, em frente \u00e0 Prefeitura Municipal, est\u00e1 oferecendo vaga para VENDEDOR.<\/span><\/p>\n<p><span style=\"font-size: 14pt;\">Os interessados devem levar curr\u00edculo com foto at\u00e9 \u00e0 Loja.<\/span><\/p>\n<p><a href=\"http:\/\/www.portalmantena.com.br\/novo\/\"><img loading=\"lazy\" class=\"alignnone size-full wp-image-37331\" src=\"http:\/\/www.portalmantena.com.br\/novo\/wp-content\/uploads\/2018\/05\/faixaportalnoticias5.jpg\" alt=\"\" width=\"700\" height=\"40\" srcset=\"http:\/\/www.portalmantena.com.br\/novo\/wp-content\/uploads\/2018\/05\/faixaportalnoticias5.jpg 700w, http:\/\/www.portalmantena.com.br\/novo\/wp-content\/uploads\/2018\/05\/faixaportalnoticias5-300x17.jpg 300w, http:\/\/www.portalmantena.com.br\/novo\/wp-content\/uploads\/2018\/05\/faixaportalnoticias5-696x40.jpg 696w\" sizes=\"(max-width: 700px) 100vw, 700px\" \/><\/a><\/p>\n<p><span style=\"font-size: 10pt;\">ESPA\u00c7O EMPRESARIAL<\/span><a href=\"https:\/\/www.facebook.com\/rf.oliveira.9\"><img loading=\"lazy\" class=\"alignnone size-full wp-image-62072\" src=\"http:\/\/www.portalmantena.com.br\/novo\/wp-content\/uploads\/2018\/05\/avenida200720b.jpg\" alt=\"\" width=\"700\" height=\"150\" srcset=\"http:\/\/www.portalmantena.com.br\/novo\/wp-content\/uploads\/2018\/05\/avenida200720b.jpg 700w, http:\/\/www.portalmantena.com.br\/novo\/wp-content\/uploads\/2018\/05\/avenida200720b-300x64.jpg 300w, http:\/\/www.portalmantena.com.br\/novo\/wp-content\/uploads\/2018\/05\/avenida200720b-696x150.jpg 696w\" sizes=\"(max-width: 700px) 100vw, 700px\" \/><\/a><\/p>\n","protected":false},"excerpt":{"rendered":"<p>Voc\u00ea que est\u00e1 \u00e0 procura de uma oportunidade de emprego, em Mantena a empresa Sapataria Avenida est\u00e1 disponibilizando Vaga para Vendedor ou Vendedora. A Sapataria Avenida (especializada em cal\u00e7ados e Acess\u00f3rios esportivos), situada na Avenida Jos\u00e9 Mol, em frente \u00e0 Prefeitura Municipal, est\u00e1 oferecendo vaga para VENDEDOR. Os interessados devem levar curr\u00edculo com foto at\u00e9 [&hellip;]<\/p>\n","protected":false},"author":1,"featured_media":63290,"comment_status":"open","ping_status":"open","sticky":false,"template":"","format":"standard","meta":[],"categories":[67,11],"tags":[],"_links":{"self":[{"href":"http:\/\/www.portalmantena.com.br\/novo\/index.php?rest_route=\/wp\/v2\/posts\/63289"}],"collection":[{"href":"http:\/\/www.portalmantena.com.br\/novo\/index.php?rest_route=\/wp\/v2\/posts"}],"about":[{"href":"http:\/\/www.portalmantena.com.br\/novo\/index.php?rest_route=\/wp\/v2\/types\/post"}],"author":[{"embeddable":true,"href":"http:\/\/www.portalmantena.com.br\/novo\/index.php?rest_route=\/wp\/v2\/users\/1"}],"replies":[{"embeddable":true,"href":"http:\/\/www.portalmantena.com.br\/novo\/index.php?rest_route=%2Fwp%2Fv2%2Fcomments&post=63289"}],"version-history":[{"count":2,"href":"http:\/\/www.portalmantena.com.br\/novo\/index.php?rest_route=\/wp\/v2\/posts\/63289\/revisions"}],"predecessor-version":[{"id":63292,"href":"http:\/\/www.portalmantena.com.br\/novo\/index.php?rest_route=\/wp\/v2\/posts\/63289\/revisions\/63292"}],"wp:featuredmedia":[{"embeddable":true,"href":"http:\/\/www.portalmantena.com.br\/novo\/index.php?rest_route=\/wp\/v2\/media\/63290"}],"wp:attachment":[{"href":"http:\/\/www.portalmantena.com.br\/novo\/index.php?rest_route=%2Fwp%2Fv2%2Fmedia&parent=63289"}],"wp:term":[{"taxonomy":"category","embeddable":true,"href":"http:\/\/www.portalmantena.com.br\/novo\/index.php?rest_route=%2Fwp%2Fv2%2Fcategories&post=63289"},{"taxonomy":"post_tag","embeddable":true,"href":"http:\/\/www.portalmantena.com.br\/novo\/index.php?rest_route=%2Fwp%2Fv2%2Ftags&post=63289"}],"curies":[{"name":"wp","href":"https:\/\/api.w.org\/{rel}","templated":true}]}}