{"id":62998,"date":"2020-09-08T09:46:23","date_gmt":"2020-09-08T12:46:23","guid":{"rendered":"http:\/\/www.portalmantena.com.br\/novo\/?p=62998"},"modified":"2020-09-08T09:46:23","modified_gmt":"2020-09-08T12:46:23","slug":"regiao-acidente-envolveu-5-veiculos-e-deixou-uma-vitima-fatal","status":"publish","type":"post","link":"http:\/\/www.portalmantena.com.br\/novo\/?p=62998","title":{"rendered":"Regi\u00e3o: Acidente envolveu 5 ve\u00edculos e deixou uma v\u00edtima fatal"},"content":{"rendered":"<p><a href=\"http:\/\/www.portalmantena.com.br\/novo\/wp-content\/uploads\/2020\/09\/no080920aci1.jpg\"><img loading=\"lazy\" class=\"alignnone size-full wp-image-62999\" src=\"http:\/\/www.portalmantena.com.br\/novo\/wp-content\/uploads\/2020\/09\/no080920aci1.jpg\" alt=\"\" width=\"700\" height=\"450\" srcset=\"http:\/\/www.portalmantena.com.br\/novo\/wp-content\/uploads\/2020\/09\/no080920aci1.jpg 700w, http:\/\/www.portalmantena.com.br\/novo\/wp-content\/uploads\/2020\/09\/no080920aci1-300x193.jpg 300w, http:\/\/www.portalmantena.com.br\/novo\/wp-content\/uploads\/2020\/09\/no080920aci1-696x447.jpg 696w, http:\/\/www.portalmantena.com.br\/novo\/wp-content\/uploads\/2020\/09\/no080920aci1-653x420.jpg 653w\" sizes=\"(max-width: 700px) 100vw, 700px\" \/><\/a><\/p>\n<p><span style=\"font-size: 14pt;\">Um acidente envolvendo 04 autom\u00f3veis e 1 motocicleta deixou pelo menos uma v\u00edtima fatal na tarde desta segunda-feira, 07 de Setembro, na altura do Km 02 da rodovia BR 474 em Aimor\u00e9s. <\/span><\/p>\n<p><span style=\"font-size: 14pt;\">Foram necess\u00e1rias 03 ambul\u00e2ncias para socorrer os feridos, sendo que a v\u00edtima Maria Ger\u00f4nimo da Silva, 74 anos faleceu no hospital de Aimor\u00e9s devido aos ferimentos. <\/span><\/p>\n<p><span style=\"font-size: 14pt;\">Um dos condutores envolvidos no acidente, relatou aos militares, que seguia da represa, sentido \u00e0 barra do Manhua\u00e7u, quando no local do acidente, foi surpreendido por um buraco na rodovia, tendo de frear bruscamente\u00a0sendo atingido na traseira pelo ve\u00edculo Hyundai, que o arremessou na contram\u00e3o da via. Segundo consta do Boletim de Ocorr\u00eancias, o condutor do Hyuday relatou que com a freada do \u00d4nix, tamb\u00e9m, freou bruscamente e n\u00e3o teve como evitar a colis\u00e3o sendo tamb\u00e9m atingido na parte traseira, pela motocicleta Honda XR, que tamb\u00e9m n\u00e3o teve como frear. <\/span><\/p>\n<p><span style=\"font-size: 14pt;\">O \u00d4nix que\u00a0foi arremessado para a contra m\u00e3o, foi atingido, por um outro ve\u00edculo \u00f4nix, que seguia em sentido contr\u00e1rio que foi arremessado para outra m\u00e3o sendo atingido na parte traseira por um Chevrolet Cruzer que seguia no mesmo sentido. <\/span><\/p>\n<p><span style=\"font-size: 18pt;\"><strong>Segundo informa\u00e7\u00f5es, todos os condutores deram resultado negativo, no teste do baf\u00f4metro. <\/strong><\/span><\/p>\n<p><span style=\"font-size: 14pt;\">Os militares foram ao local e confirmaram um buraco na rodovia que foi a causa de todo acidente. Ap\u00f3s, todos socorridos, os ve\u00edculos foram retirados da rodovia por guincho credenciado e o fluxo do tr\u00e1fego voltou ao normal. (fonte\/foto:noticiasnoleste).<\/span><\/p>\n<p><a href=\"http:\/\/www.portalmantena.com.br\/novo\/wp-content\/uploads\/2020\/09\/no080920aci2.jpg\"><img loading=\"lazy\" class=\"alignnone size-full wp-image-63000\" src=\"http:\/\/www.portalmantena.com.br\/novo\/wp-content\/uploads\/2020\/09\/no080920aci2.jpg\" alt=\"\" width=\"700\" height=\"450\" srcset=\"http:\/\/www.portalmantena.com.br\/novo\/wp-content\/uploads\/2020\/09\/no080920aci2.jpg 700w, http:\/\/www.portalmantena.com.br\/novo\/wp-content\/uploads\/2020\/09\/no080920aci2-300x193.jpg 300w, http:\/\/www.portalmantena.com.br\/novo\/wp-content\/uploads\/2020\/09\/no080920aci2-696x447.jpg 696w, http:\/\/www.portalmantena.com.br\/novo\/wp-content\/uploads\/2020\/09\/no080920aci2-653x420.jpg 653w\" sizes=\"(max-width: 700px) 100vw, 700px\" \/><\/a> <a href=\"http:\/\/www.portalmantena.com.br\/novo\/wp-content\/uploads\/2020\/09\/no080920aci3.jpg\"><img loading=\"lazy\" class=\"alignnone size-full wp-image-63001\" src=\"http:\/\/www.portalmantena.com.br\/novo\/wp-content\/uploads\/2020\/09\/no080920aci3.jpg\" alt=\"\" width=\"700\" height=\"450\" srcset=\"http:\/\/www.portalmantena.com.br\/novo\/wp-content\/uploads\/2020\/09\/no080920aci3.jpg 700w, http:\/\/www.portalmantena.com.br\/novo\/wp-content\/uploads\/2020\/09\/no080920aci3-300x193.jpg 300w, http:\/\/www.portalmantena.com.br\/novo\/wp-content\/uploads\/2020\/09\/no080920aci3-696x447.jpg 696w, http:\/\/www.portalmantena.com.br\/novo\/wp-content\/uploads\/2020\/09\/no080920aci3-653x420.jpg 653w\" sizes=\"(max-width: 700px) 100vw, 700px\" \/><\/a> <a href=\"http:\/\/www.portalmantena.com.br\/novo\/wp-content\/uploads\/2020\/09\/no080920aci4.jpg\"><img loading=\"lazy\" class=\"alignnone size-full wp-image-63002\" src=\"http:\/\/www.portalmantena.com.br\/novo\/wp-content\/uploads\/2020\/09\/no080920aci4.jpg\" alt=\"\" width=\"700\" height=\"450\" srcset=\"http:\/\/www.portalmantena.com.br\/novo\/wp-content\/uploads\/2020\/09\/no080920aci4.jpg 700w, http:\/\/www.portalmantena.com.br\/novo\/wp-content\/uploads\/2020\/09\/no080920aci4-300x193.jpg 300w, http:\/\/www.portalmantena.com.br\/novo\/wp-content\/uploads\/2020\/09\/no080920aci4-696x447.jpg 696w, http:\/\/www.portalmantena.com.br\/novo\/wp-content\/uploads\/2020\/09\/no080920aci4-653x420.jpg 653w\" sizes=\"(max-width: 700px) 100vw, 700px\" \/><\/a><\/p>\n<p><a href=\"http:\/\/www.portalmantena.com.br\/novo\/\"><img loading=\"lazy\" class=\"alignnone size-full wp-image-37331\" src=\"http:\/\/www.portalmantena.com.br\/novo\/wp-content\/uploads\/2018\/05\/faixaportalnoticias5.jpg\" alt=\"\" width=\"700\" height=\"40\" srcset=\"http:\/\/www.portalmantena.com.br\/novo\/wp-content\/uploads\/2018\/05\/faixaportalnoticias5.jpg 700w, http:\/\/www.portalmantena.com.br\/novo\/wp-content\/uploads\/2018\/05\/faixaportalnoticias5-300x17.jpg 300w, http:\/\/www.portalmantena.com.br\/novo\/wp-content\/uploads\/2018\/05\/faixaportalnoticias5-696x40.jpg 696w\" sizes=\"(max-width: 700px) 100vw, 700px\" \/><\/a><\/p>\n<p><span style=\"font-size: 10pt;\">ESPA\u00c7O EMPRESARIAL<\/span><a href=\"https:\/\/www.facebook.com\/profile.php?id=100004934627949&amp;fref=ts\"><img loading=\"lazy\" class=\"alignnone size-full wp-image-59752\" src=\"http:\/\/www.portalmantena.com.br\/novo\/wp-content\/uploads\/2018\/05\/print150420.jpg\" alt=\"\" width=\"700\" height=\"150\" srcset=\"http:\/\/www.portalmantena.com.br\/novo\/wp-content\/uploads\/2018\/05\/print150420.jpg 700w, http:\/\/www.portalmantena.com.br\/novo\/wp-content\/uploads\/2018\/05\/print150420-300x64.jpg 300w, http:\/\/www.portalmantena.com.br\/novo\/wp-content\/uploads\/2018\/05\/print150420-696x150.jpg 696w\" sizes=\"(max-width: 700px) 100vw, 700px\" \/><\/a><\/p>\n","protected":false},"excerpt":{"rendered":"<p>Um acidente envolvendo 04 autom\u00f3veis e 1 motocicleta deixou pelo menos uma v\u00edtima fatal na tarde desta segunda-feira, 07 de Setembro, na altura do Km 02 da rodovia BR 474 em Aimor\u00e9s. Foram necess\u00e1rias 03 ambul\u00e2ncias para socorrer os feridos, sendo que a v\u00edtima Maria Ger\u00f4nimo da Silva, 74 anos faleceu no hospital de Aimor\u00e9s [&hellip;]<\/p>\n","protected":false},"author":1,"featured_media":63001,"comment_status":"open","ping_status":"open","sticky":false,"template":"","format":"standard","meta":[],"categories":[11,39],"tags":[],"_links":{"self":[{"href":"http:\/\/www.portalmantena.com.br\/novo\/index.php?rest_route=\/wp\/v2\/posts\/62998"}],"collection":[{"href":"http:\/\/www.portalmantena.com.br\/novo\/index.php?rest_route=\/wp\/v2\/posts"}],"about":[{"href":"http:\/\/www.portalmantena.com.br\/novo\/index.php?rest_route=\/wp\/v2\/types\/post"}],"author":[{"embeddable":true,"href":"http:\/\/www.portalmantena.com.br\/novo\/index.php?rest_route=\/wp\/v2\/users\/1"}],"replies":[{"embeddable":true,"href":"http:\/\/www.portalmantena.com.br\/novo\/index.php?rest_route=%2Fwp%2Fv2%2Fcomments&post=62998"}],"version-history":[{"count":1,"href":"http:\/\/www.portalmantena.com.br\/novo\/index.php?rest_route=\/wp\/v2\/posts\/62998\/revisions"}],"predecessor-version":[{"id":63003,"href":"http:\/\/www.portalmantena.com.br\/novo\/index.php?rest_route=\/wp\/v2\/posts\/62998\/revisions\/63003"}],"wp:featuredmedia":[{"embeddable":true,"href":"http:\/\/www.portalmantena.com.br\/novo\/index.php?rest_route=\/wp\/v2\/media\/63001"}],"wp:attachment":[{"href":"http:\/\/www.portalmantena.com.br\/novo\/index.php?rest_route=%2Fwp%2Fv2%2Fmedia&parent=62998"}],"wp:term":[{"taxonomy":"category","embeddable":true,"href":"http:\/\/www.portalmantena.com.br\/novo\/index.php?rest_route=%2Fwp%2Fv2%2Fcategories&post=62998"},{"taxonomy":"post_tag","embeddable":true,"href":"http:\/\/www.portalmantena.com.br\/novo\/index.php?rest_route=%2Fwp%2Fv2%2Ftags&post=62998"}],"curies":[{"name":"wp","href":"https:\/\/api.w.org\/{rel}","templated":true}]}}