{"id":62955,"date":"2020-09-07T13:51:29","date_gmt":"2020-09-07T16:51:29","guid":{"rendered":"http:\/\/www.portalmantena.com.br\/novo\/?p=62955"},"modified":"2020-09-08T14:04:04","modified_gmt":"2020-09-08T17:04:04","slug":"ha-47-anos-mantena-iniciava-seu-tratamento-de-agua","status":"publish","type":"post","link":"http:\/\/www.portalmantena.com.br\/novo\/?p=62955","title":{"rendered":"H\u00e1 47 anos Mantena iniciava seu Tratamento de \u00c1gua"},"content":{"rendered":"<p><a href=\"http:\/\/www.portalmantena.com.br\/novo\/wp-content\/uploads\/2020\/09\/no030920saae.jpg\"><img loading=\"lazy\" class=\"alignnone size-full wp-image-62956\" src=\"http:\/\/www.portalmantena.com.br\/novo\/wp-content\/uploads\/2020\/09\/no030920saae.jpg\" alt=\"\" width=\"700\" height=\"450\" srcset=\"http:\/\/www.portalmantena.com.br\/novo\/wp-content\/uploads\/2020\/09\/no030920saae.jpg 700w, http:\/\/www.portalmantena.com.br\/novo\/wp-content\/uploads\/2020\/09\/no030920saae-300x193.jpg 300w, http:\/\/www.portalmantena.com.br\/novo\/wp-content\/uploads\/2020\/09\/no030920saae-696x447.jpg 696w, http:\/\/www.portalmantena.com.br\/novo\/wp-content\/uploads\/2020\/09\/no030920saae-653x420.jpg 653w\" sizes=\"(max-width: 700px) 100vw, 700px\" \/><\/a><\/p>\n<p><span style=\"font-size: 14pt;\">Nesta quinta-feira, dia 03 de Setembro, uma importante institui\u00e7\u00e3o p\u00fablica de Mantena, respons\u00e1vel por levar sa\u00fade atrav\u00e9s da \u00e1gua de excelente qualidade e coleta de esgoto para o tratamento, completa 47 anos de exist\u00eancia. <\/span><\/p>\n<p><span style=\"font-size: 14pt;\">O SAAE de Mantena, autarquia municipal foi idealizada no ano de 1968, quando a Funda\u00e7\u00e3o SESP (hoje Funasa) concluiu projetos de uma Esta\u00e7\u00e3o de Tratamento de \u00c1gua para atender 50.000 habitantes. <\/span><\/p>\n<p><span style=\"font-size: 14pt;\">Em Janeiro de 1972, com recursos da Funda\u00e7\u00e3o SESP (hoje Funasa) e atrav\u00e9s de conv\u00eanio firmado com a Prefeitura Municipal, foram iniciadas as obras de constru\u00e7\u00e3o do novo sistema e em Setembro de 1973 teve in\u00edcio as atividades operacionais, ficando totalmente conclu\u00eddas em julho de 1.976. \u00a0<\/span><\/p>\n<p><span style=\"font-size: 14pt;\">O SAAE \u2013 Servi\u00e7o Aut\u00f4nomo de \u00c1gua e Esgoto, autarquia municipal de utilidade p\u00fablica, foi criada por for\u00e7a da Lei n\u00ba 016\/71 de 16 de junho de 1971 e regido por regulamento de atividades aprovado pelo Decreto n\u00ba 44\/71, de 30 de junho de 1.971. <\/span><\/p>\n<p><span style=\"font-size: 14pt;\">Naquela \u00e9poca as \u00e1guas usadas pela popula\u00e7\u00e3o era de cisternas e os mais afortunados usavam \u00e1gua de mina para beber, \u00e1gua que era transportada por ve\u00edculos de tra\u00e7\u00e3o animal na quantidade de 10 litros por fam\u00edlia e em Setembro de 1973 iniciou-se a opera\u00e7\u00e3o do sistema. <\/span><\/p>\n<p><span style=\"font-size: 14pt;\">O SAAE de Mantena oferece atualmente 100% de cobertura de \u00e1gua tratada e coleta de 97% de esgotos sanit\u00e1rios em sua sede, distritos, vilas e povoados.\u00a0<\/span><\/p>\n<p><span style=\"font-size: 14pt;\">Um marco hist\u00f3rico completar mais um ano com \u00f3timas gest\u00f5es, propiciando sempre qualidade nos servi\u00e7os \u00e0 popula\u00e7\u00e3o mantenense. <\/span><\/p>\n<p><span style=\"font-size: 18pt;\"><strong>\u201c\u00c1gua com qualidade e em quantidade\u201d, uma frase que nunca deixou de ser forte e que revela todo significado do SAAE de Mantena para a popula\u00e7\u00e3o que esta autarquia presta servi\u00e7os h\u00e1 d\u00e9cadas. <\/strong><\/span><\/p>\n<p><span style=\"font-size: 14pt;\">Muitos mantenense que residem na cidade ou em outras partes pelo mundo tem orgulho da falar da &#8220;NOSSA \u00c1GUA&#8221;, realmente de sabor diferenciado, qualidade que j\u00e1 virou bord\u00e3o com express\u00f5es que s\u00e3o sin\u00f4nimas tamb\u00e9m de cidade e povo acolhedor, &#8220;Quem bebe desta \u00e1gua n\u00e3o esquece jamais&#8221;, uma verdade. Parab\u00e9ns ao SAAE de Mantena pelos 47 anos de exist\u00eancia e por cuidar t\u00e3o bem do nosso maior bem, nossa \u00e1gua.\u00a0<\/span><\/p>\n<p><a href=\"http:\/\/www.portalmantena.com.br\/novo\/\"><img loading=\"lazy\" class=\"alignnone size-full wp-image-37331\" src=\"http:\/\/www.portalmantena.com.br\/novo\/wp-content\/uploads\/2018\/05\/faixaportalnoticias5.jpg\" alt=\"\" width=\"700\" height=\"40\" srcset=\"http:\/\/www.portalmantena.com.br\/novo\/wp-content\/uploads\/2018\/05\/faixaportalnoticias5.jpg 700w, http:\/\/www.portalmantena.com.br\/novo\/wp-content\/uploads\/2018\/05\/faixaportalnoticias5-300x17.jpg 300w, http:\/\/www.portalmantena.com.br\/novo\/wp-content\/uploads\/2018\/05\/faixaportalnoticias5-696x40.jpg 696w\" sizes=\"(max-width: 700px) 100vw, 700px\" \/><\/a><\/p>\n<p><span style=\"font-size: 10pt;\">ESPA\u00c7O EMPRESARIAL<\/span><a href=\"http:\/\/www.temposolar.com.br\/\"><img loading=\"lazy\" class=\"alignnone size-full wp-image-44084\" src=\"http:\/\/www.portalmantena.com.br\/novo\/wp-content\/uploads\/2018\/05\/temposolarbb.jpg\" alt=\"\" width=\"700\" height=\"150\" srcset=\"http:\/\/www.portalmantena.com.br\/novo\/wp-content\/uploads\/2018\/05\/temposolarbb.jpg 700w, http:\/\/www.portalmantena.com.br\/novo\/wp-content\/uploads\/2018\/05\/temposolarbb-300x64.jpg 300w, http:\/\/www.portalmantena.com.br\/novo\/wp-content\/uploads\/2018\/05\/temposolarbb-696x150.jpg 696w\" sizes=\"(max-width: 700px) 100vw, 700px\" \/><\/a><\/p>\n","protected":false},"excerpt":{"rendered":"<p>Nesta quinta-feira, dia 03 de Setembro, uma importante institui\u00e7\u00e3o p\u00fablica de Mantena, respons\u00e1vel por levar sa\u00fade atrav\u00e9s da \u00e1gua de excelente qualidade e coleta de esgoto para o tratamento, completa 47 anos de exist\u00eancia. O SAAE de Mantena, autarquia municipal foi idealizada no ano de 1968, quando a Funda\u00e7\u00e3o SESP (hoje Funasa) concluiu projetos de [&hellip;]<\/p>\n","protected":false},"author":1,"featured_media":62956,"comment_status":"open","ping_status":"open","sticky":false,"template":"","format":"standard","meta":[],"categories":[36,69,83],"tags":[],"_links":{"self":[{"href":"http:\/\/www.portalmantena.com.br\/novo\/index.php?rest_route=\/wp\/v2\/posts\/62955"}],"collection":[{"href":"http:\/\/www.portalmantena.com.br\/novo\/index.php?rest_route=\/wp\/v2\/posts"}],"about":[{"href":"http:\/\/www.portalmantena.com.br\/novo\/index.php?rest_route=\/wp\/v2\/types\/post"}],"author":[{"embeddable":true,"href":"http:\/\/www.portalmantena.com.br\/novo\/index.php?rest_route=\/wp\/v2\/users\/1"}],"replies":[{"embeddable":true,"href":"http:\/\/www.portalmantena.com.br\/novo\/index.php?rest_route=%2Fwp%2Fv2%2Fcomments&post=62955"}],"version-history":[{"count":1,"href":"http:\/\/www.portalmantena.com.br\/novo\/index.php?rest_route=\/wp\/v2\/posts\/62955\/revisions"}],"predecessor-version":[{"id":62957,"href":"http:\/\/www.portalmantena.com.br\/novo\/index.php?rest_route=\/wp\/v2\/posts\/62955\/revisions\/62957"}],"wp:featuredmedia":[{"embeddable":true,"href":"http:\/\/www.portalmantena.com.br\/novo\/index.php?rest_route=\/wp\/v2\/media\/62956"}],"wp:attachment":[{"href":"http:\/\/www.portalmantena.com.br\/novo\/index.php?rest_route=%2Fwp%2Fv2%2Fmedia&parent=62955"}],"wp:term":[{"taxonomy":"category","embeddable":true,"href":"http:\/\/www.portalmantena.com.br\/novo\/index.php?rest_route=%2Fwp%2Fv2%2Fcategories&post=62955"},{"taxonomy":"post_tag","embeddable":true,"href":"http:\/\/www.portalmantena.com.br\/novo\/index.php?rest_route=%2Fwp%2Fv2%2Ftags&post=62955"}],"curies":[{"name":"wp","href":"https:\/\/api.w.org\/{rel}","templated":true}]}}