{"id":62881,"date":"2020-08-31T11:02:38","date_gmt":"2020-08-31T14:02:38","guid":{"rendered":"http:\/\/www.portalmantena.com.br\/novo\/?p=62881"},"modified":"2020-08-31T11:02:38","modified_gmt":"2020-08-31T14:02:38","slug":"regiao-motociclista-fica-gravemente-ferido-na-br-259","status":"publish","type":"post","link":"http:\/\/www.portalmantena.com.br\/novo\/?p=62881","title":{"rendered":"Regi\u00e3o: Motociclista fica gravemente ferido na BR 259"},"content":{"rendered":"<p><a href=\"http:\/\/www.portalmantena.com.br\/novo\/wp-content\/uploads\/2020\/08\/no310820aci.jpg\"><img loading=\"lazy\" class=\"alignnone size-full wp-image-62882\" src=\"http:\/\/www.portalmantena.com.br\/novo\/wp-content\/uploads\/2020\/08\/no310820aci.jpg\" alt=\"\" width=\"700\" height=\"450\" srcset=\"http:\/\/www.portalmantena.com.br\/novo\/wp-content\/uploads\/2020\/08\/no310820aci.jpg 700w, http:\/\/www.portalmantena.com.br\/novo\/wp-content\/uploads\/2020\/08\/no310820aci-300x193.jpg 300w, http:\/\/www.portalmantena.com.br\/novo\/wp-content\/uploads\/2020\/08\/no310820aci-696x447.jpg 696w, http:\/\/www.portalmantena.com.br\/novo\/wp-content\/uploads\/2020\/08\/no310820aci-653x420.jpg 653w\" sizes=\"(max-width: 700px) 100vw, 700px\" \/><\/a><span style=\"font-size: 10pt;\">Foto:noticiasnoleste<\/span><\/p>\n<p><span style=\"font-size: 14pt;\">Um acidente envolvendo uma motocicleta e um ve\u00edculo de passeio foi registrado pela Pol\u00edcia Militar Rodovi\u00e1ria, na altura do Km 93 da rodovia na tarde da \u00faltima quinta-feira dia 27 de agosto. <\/span><\/p>\n<p><span style=\"font-size: 14pt;\">O acidente aconteceu em uma curva e quando os militares chegaram, encontraram o condutor da motocicleta ca\u00eddo, inconsciente com v\u00e1rios ferimentos e uma fratura exposta no p\u00e9 esquerda, rodeado por v\u00e1rios populares. <\/span><\/p>\n<p><span style=\"font-size: 18pt;\"><strong>Uma ambul\u00e2ncia da cidade de Galileia socorreu a v\u00edtima para o hospital da cidade de Governador Valadares. <\/strong><\/span><\/p>\n<p><span style=\"font-size: 14pt;\">Segundo o condutor do Corolla, ele transitava pelo local, quando na curva deparou com a motocicleta, realizando uma ultrapassagem a outro ve\u00edculo n\u00e3o tendo como evitar a colis\u00e3o, que a motocicleta acabou por atingir sua lateral. <\/span><\/p>\n<p><span style=\"font-size: 14pt;\">O condutor fez o teste do baf\u00f4metro, tendo dado resultado negativo para consumo de \u00e1lcool. Um guincho esteve no local e removeu a motocicleta XLR 125 liberando o tr\u00e1fego no local. <\/span><\/p>\n<p><span style=\"font-size: 14pt;\">At\u00e9 o fechamento desta mat\u00e9ria, n\u00e3o foi poss\u00edvel obter informa\u00e7\u00f5es sobre o estado de sa\u00fade do condutor da motocicleta. (fonte\/foto:noticiasnoleste).<\/span><\/p>\n<p><a href=\"http:\/\/www.portalmantena.com.br\/novo\/wp-content\/uploads\/2020\/08\/no310820aci2.jpg\"><img loading=\"lazy\" class=\"alignnone size-full wp-image-62883\" src=\"http:\/\/www.portalmantena.com.br\/novo\/wp-content\/uploads\/2020\/08\/no310820aci2.jpg\" alt=\"\" width=\"700\" height=\"450\" srcset=\"http:\/\/www.portalmantena.com.br\/novo\/wp-content\/uploads\/2020\/08\/no310820aci2.jpg 700w, http:\/\/www.portalmantena.com.br\/novo\/wp-content\/uploads\/2020\/08\/no310820aci2-300x193.jpg 300w, http:\/\/www.portalmantena.com.br\/novo\/wp-content\/uploads\/2020\/08\/no310820aci2-696x447.jpg 696w, http:\/\/www.portalmantena.com.br\/novo\/wp-content\/uploads\/2020\/08\/no310820aci2-653x420.jpg 653w\" sizes=\"(max-width: 700px) 100vw, 700px\" \/><\/a><a href=\"http:\/\/www.portalmantena.com.br\/novo\/\"><img loading=\"lazy\" class=\"alignnone size-full wp-image-37331\" src=\"http:\/\/www.portalmantena.com.br\/novo\/wp-content\/uploads\/2018\/05\/faixaportalnoticias5.jpg\" alt=\"\" width=\"700\" height=\"40\" srcset=\"http:\/\/www.portalmantena.com.br\/novo\/wp-content\/uploads\/2018\/05\/faixaportalnoticias5.jpg 700w, http:\/\/www.portalmantena.com.br\/novo\/wp-content\/uploads\/2018\/05\/faixaportalnoticias5-300x17.jpg 300w, http:\/\/www.portalmantena.com.br\/novo\/wp-content\/uploads\/2018\/05\/faixaportalnoticias5-696x40.jpg 696w\" sizes=\"(max-width: 700px) 100vw, 700px\" \/><\/a><\/p>\n<p><span style=\"font-size: 10pt;\">ESPA\u00c7O EMPRESARIAL<\/span><a href=\"https:\/\/www.facebook.com\/rf.oliveira.9\"><img loading=\"lazy\" class=\"alignnone size-full wp-image-62072\" src=\"http:\/\/www.portalmantena.com.br\/novo\/wp-content\/uploads\/2018\/05\/avenida200720b.jpg\" alt=\"\" width=\"700\" height=\"150\" srcset=\"http:\/\/www.portalmantena.com.br\/novo\/wp-content\/uploads\/2018\/05\/avenida200720b.jpg 700w, http:\/\/www.portalmantena.com.br\/novo\/wp-content\/uploads\/2018\/05\/avenida200720b-300x64.jpg 300w, http:\/\/www.portalmantena.com.br\/novo\/wp-content\/uploads\/2018\/05\/avenida200720b-696x150.jpg 696w\" sizes=\"(max-width: 700px) 100vw, 700px\" \/><\/a><\/p>\n","protected":false},"excerpt":{"rendered":"<p>Foto:noticiasnoleste Um acidente envolvendo uma motocicleta e um ve\u00edculo de passeio foi registrado pela Pol\u00edcia Militar Rodovi\u00e1ria, na altura do Km 93 da rodovia na tarde da \u00faltima quinta-feira dia 27 de agosto. O acidente aconteceu em uma curva e quando os militares chegaram, encontraram o condutor da motocicleta ca\u00eddo, inconsciente com v\u00e1rios ferimentos e [&hellip;]<\/p>\n","protected":false},"author":1,"featured_media":62882,"comment_status":"open","ping_status":"open","sticky":false,"template":"","format":"standard","meta":[],"categories":[11,39],"tags":[],"_links":{"self":[{"href":"http:\/\/www.portalmantena.com.br\/novo\/index.php?rest_route=\/wp\/v2\/posts\/62881"}],"collection":[{"href":"http:\/\/www.portalmantena.com.br\/novo\/index.php?rest_route=\/wp\/v2\/posts"}],"about":[{"href":"http:\/\/www.portalmantena.com.br\/novo\/index.php?rest_route=\/wp\/v2\/types\/post"}],"author":[{"embeddable":true,"href":"http:\/\/www.portalmantena.com.br\/novo\/index.php?rest_route=\/wp\/v2\/users\/1"}],"replies":[{"embeddable":true,"href":"http:\/\/www.portalmantena.com.br\/novo\/index.php?rest_route=%2Fwp%2Fv2%2Fcomments&post=62881"}],"version-history":[{"count":1,"href":"http:\/\/www.portalmantena.com.br\/novo\/index.php?rest_route=\/wp\/v2\/posts\/62881\/revisions"}],"predecessor-version":[{"id":62884,"href":"http:\/\/www.portalmantena.com.br\/novo\/index.php?rest_route=\/wp\/v2\/posts\/62881\/revisions\/62884"}],"wp:featuredmedia":[{"embeddable":true,"href":"http:\/\/www.portalmantena.com.br\/novo\/index.php?rest_route=\/wp\/v2\/media\/62882"}],"wp:attachment":[{"href":"http:\/\/www.portalmantena.com.br\/novo\/index.php?rest_route=%2Fwp%2Fv2%2Fmedia&parent=62881"}],"wp:term":[{"taxonomy":"category","embeddable":true,"href":"http:\/\/www.portalmantena.com.br\/novo\/index.php?rest_route=%2Fwp%2Fv2%2Fcategories&post=62881"},{"taxonomy":"post_tag","embeddable":true,"href":"http:\/\/www.portalmantena.com.br\/novo\/index.php?rest_route=%2Fwp%2Fv2%2Ftags&post=62881"}],"curies":[{"name":"wp","href":"https:\/\/api.w.org\/{rel}","templated":true}]}}