{"id":62514,"date":"2020-08-10T10:14:14","date_gmt":"2020-08-10T13:14:14","guid":{"rendered":"http:\/\/www.portalmantena.com.br\/novo\/?p=62514"},"modified":"2020-08-10T10:14:14","modified_gmt":"2020-08-10T13:14:14","slug":"bsf-motos-com-numeracao-adulterada-sao-aprendidas","status":"publish","type":"post","link":"http:\/\/www.portalmantena.com.br\/novo\/?p=62514","title":{"rendered":"BSF: Motos com numera\u00e7\u00e3o adulterada s\u00e3o aprendidas"},"content":{"rendered":"<p><a href=\"http:\/\/www.portalmantena.com.br\/novo\/wp-content\/uploads\/2020\/08\/no100820moto.jpg\"><img loading=\"lazy\" class=\"alignnone size-full wp-image-62515\" src=\"http:\/\/www.portalmantena.com.br\/novo\/wp-content\/uploads\/2020\/08\/no100820moto.jpg\" alt=\"\" width=\"700\" height=\"450\" srcset=\"http:\/\/www.portalmantena.com.br\/novo\/wp-content\/uploads\/2020\/08\/no100820moto.jpg 700w, http:\/\/www.portalmantena.com.br\/novo\/wp-content\/uploads\/2020\/08\/no100820moto-300x193.jpg 300w, http:\/\/www.portalmantena.com.br\/novo\/wp-content\/uploads\/2020\/08\/no100820moto-696x447.jpg 696w, http:\/\/www.portalmantena.com.br\/novo\/wp-content\/uploads\/2020\/08\/no100820moto-653x420.jpg 653w\" sizes=\"(max-width: 700px) 100vw, 700px\" \/><\/a><\/p>\n<p style=\"background: white; vertical-align: baseline; margin: 0cm 0cm 11.25pt 0cm;\"><span style=\"font-size: 14.0pt; font-family: 'Verdana','sans-serif';\">O combate ao crime segue com todo empenho dos policiais militares do 11\u00ba Batalh\u00e3o, na cidade de Barra de S\u00e3o Francisco, principalmente ao roubo de motos e ve\u00edculos. <\/span><\/p>\n<p style=\"background: white; vertical-align: baseline; margin: 0cm 0cm 11.25pt 0cm;\"><span style=\"font-size: 14.0pt; font-family: 'Verdana','sans-serif';\">E foi assim, com o empenho dos PMs que na \u00faltima quinta-feira, dia 06 de Agosto, mais dois ve\u00edculos foram apreendidos. <\/span><\/p>\n<p style=\"background: white; vertical-align: baseline; margin: 0cm 0cm 11.25pt 0cm;\"><span style=\"font-size: 18pt;\"><strong><span style=\"font-family: Verdana, sans-serif;\">Segundo informa\u00e7\u00f5es, a apreens\u00e3o desta feita foram de duas motos com restri\u00e7\u00e3o e numera\u00e7\u00f5es adulteradas. <\/span><\/strong><\/span><\/p>\n<p style=\"background: white; vertical-align: baseline; margin: 0cm 0cm 11.25pt 0cm;\"><span style=\"font-size: 14.0pt; font-family: 'Verdana','sans-serif';\">Os ve\u00edculos foram recolhidos pela PM. (fonte\/foto:11\u00baBPMES).<\/span><\/p>\n<p style=\"background: white; vertical-align: baseline; margin: 0cm 0cm 11.25pt 0cm;\"><a href=\"http:\/\/www.portalmantena.com.br\/novo\/\"><img loading=\"lazy\" class=\"alignnone size-full wp-image-37331\" src=\"http:\/\/www.portalmantena.com.br\/novo\/wp-content\/uploads\/2018\/05\/faixaportalnoticias5.jpg\" alt=\"\" width=\"700\" height=\"40\" srcset=\"http:\/\/www.portalmantena.com.br\/novo\/wp-content\/uploads\/2018\/05\/faixaportalnoticias5.jpg 700w, http:\/\/www.portalmantena.com.br\/novo\/wp-content\/uploads\/2018\/05\/faixaportalnoticias5-300x17.jpg 300w, http:\/\/www.portalmantena.com.br\/novo\/wp-content\/uploads\/2018\/05\/faixaportalnoticias5-696x40.jpg 696w\" sizes=\"(max-width: 700px) 100vw, 700px\" \/><\/a><\/p>\n<p style=\"background: white; vertical-align: baseline; margin: 0cm 0cm 11.25pt 0cm;\"><span style=\"font-size: 10pt;\">ESPA\u00c7O EMPRESARIAL<\/span><a href=\"http:\/\/www.molvw.com.br\/\"><img loading=\"lazy\" class=\"alignnone size-full wp-image-29504\" src=\"http:\/\/www.portalmantena.com.br\/novo\/wp-content\/uploads\/2018\/05\/molvolkswagen.jpg\" alt=\"\" width=\"700\" height=\"150\" srcset=\"http:\/\/www.portalmantena.com.br\/novo\/wp-content\/uploads\/2018\/05\/molvolkswagen.jpg 700w, http:\/\/www.portalmantena.com.br\/novo\/wp-content\/uploads\/2018\/05\/molvolkswagen-300x64.jpg 300w, http:\/\/www.portalmantena.com.br\/novo\/wp-content\/uploads\/2018\/05\/molvolkswagen-696x150.jpg 696w\" sizes=\"(max-width: 700px) 100vw, 700px\" \/><\/a><\/p>\n<p style=\"background: white; vertical-align: baseline; margin: 0cm 0cm 11.25pt 0cm;\">\n","protected":false},"excerpt":{"rendered":"<p>O combate ao crime segue com todo empenho dos policiais militares do 11\u00ba Batalh\u00e3o, na cidade de Barra de S\u00e3o Francisco, principalmente ao roubo de motos e ve\u00edculos. E foi assim, com o empenho dos PMs que na \u00faltima quinta-feira, dia 06 de Agosto, mais dois ve\u00edculos foram apreendidos. Segundo informa\u00e7\u00f5es, a apreens\u00e3o desta feita [&hellip;]<\/p>\n","protected":false},"author":1,"featured_media":62515,"comment_status":"open","ping_status":"open","sticky":false,"template":"","format":"standard","meta":[],"categories":[11,34],"tags":[],"_links":{"self":[{"href":"http:\/\/www.portalmantena.com.br\/novo\/index.php?rest_route=\/wp\/v2\/posts\/62514"}],"collection":[{"href":"http:\/\/www.portalmantena.com.br\/novo\/index.php?rest_route=\/wp\/v2\/posts"}],"about":[{"href":"http:\/\/www.portalmantena.com.br\/novo\/index.php?rest_route=\/wp\/v2\/types\/post"}],"author":[{"embeddable":true,"href":"http:\/\/www.portalmantena.com.br\/novo\/index.php?rest_route=\/wp\/v2\/users\/1"}],"replies":[{"embeddable":true,"href":"http:\/\/www.portalmantena.com.br\/novo\/index.php?rest_route=%2Fwp%2Fv2%2Fcomments&post=62514"}],"version-history":[{"count":1,"href":"http:\/\/www.portalmantena.com.br\/novo\/index.php?rest_route=\/wp\/v2\/posts\/62514\/revisions"}],"predecessor-version":[{"id":62516,"href":"http:\/\/www.portalmantena.com.br\/novo\/index.php?rest_route=\/wp\/v2\/posts\/62514\/revisions\/62516"}],"wp:featuredmedia":[{"embeddable":true,"href":"http:\/\/www.portalmantena.com.br\/novo\/index.php?rest_route=\/wp\/v2\/media\/62515"}],"wp:attachment":[{"href":"http:\/\/www.portalmantena.com.br\/novo\/index.php?rest_route=%2Fwp%2Fv2%2Fmedia&parent=62514"}],"wp:term":[{"taxonomy":"category","embeddable":true,"href":"http:\/\/www.portalmantena.com.br\/novo\/index.php?rest_route=%2Fwp%2Fv2%2Fcategories&post=62514"},{"taxonomy":"post_tag","embeddable":true,"href":"http:\/\/www.portalmantena.com.br\/novo\/index.php?rest_route=%2Fwp%2Fv2%2Ftags&post=62514"}],"curies":[{"name":"wp","href":"https:\/\/api.w.org\/{rel}","templated":true}]}}