{"id":62507,"date":"2020-08-10T09:59:29","date_gmt":"2020-08-10T12:59:29","guid":{"rendered":"http:\/\/www.portalmantena.com.br\/novo\/?p=62507"},"modified":"2020-08-10T09:59:29","modified_gmt":"2020-08-10T12:59:29","slug":"regiao-pm-apreende-arma-em-cintura-de-motociclista","status":"publish","type":"post","link":"http:\/\/www.portalmantena.com.br\/novo\/?p=62507","title":{"rendered":"Regi\u00e3o: PM apreende arma em cintura de motociclista"},"content":{"rendered":"<p><a href=\"http:\/\/www.portalmantena.com.br\/novo\/wp-content\/uploads\/2020\/08\/no100820arma.jpg\"><img loading=\"lazy\" class=\"alignnone size-full wp-image-62508\" src=\"http:\/\/www.portalmantena.com.br\/novo\/wp-content\/uploads\/2020\/08\/no100820arma.jpg\" alt=\"\" width=\"700\" height=\"450\" srcset=\"http:\/\/www.portalmantena.com.br\/novo\/wp-content\/uploads\/2020\/08\/no100820arma.jpg 700w, http:\/\/www.portalmantena.com.br\/novo\/wp-content\/uploads\/2020\/08\/no100820arma-300x193.jpg 300w, http:\/\/www.portalmantena.com.br\/novo\/wp-content\/uploads\/2020\/08\/no100820arma-696x447.jpg 696w, http:\/\/www.portalmantena.com.br\/novo\/wp-content\/uploads\/2020\/08\/no100820arma-653x420.jpg 653w\" sizes=\"(max-width: 700px) 100vw, 700px\" \/><\/a><\/p>\n<p><span style=\"font-size: 14pt;\">Policiais militares do munic\u00edpio de \u00c1guia Branca realizaram mais uma apreens\u00e3o de arma de fogo durante fiscaliza\u00e7\u00e3o de tr\u00e2nsito na \u00faltima sexta-feira (08). <\/span><\/p>\n<p><span style=\"font-size: 18pt;\"><strong>Durante uma blitz, os policiais perceberam um volume na cintura de um condutor de uma motocicleta que passava pela fiscaliza\u00e7\u00e3o. <\/strong><\/span><\/p>\n<p><span style=\"font-size: 14pt;\">Diante desta suspeita, os militares realizaram sinal de parada ao cidad\u00e3o e realizaram uma busca pessoa no indiv\u00edduo. <\/span><\/p>\n<p><span style=\"font-size: 14pt;\">Na ocasi\u00e3o foi encontrado um rev\u00f3lver calibre .32 e seis muni\u00e7\u00f5es intactas na cintura do suspeito. Constatado o porte ilegal de arma, os militares deram voz de pris\u00e3o ao conduzido, sendo encaminhado a 14\u00ba Delegacia Regional de Barra de S. Francisco, juntamente com o material apreendido. (fonte\/foto:11\u00baBPMES).<\/span><\/p>\n<p><a href=\"http:\/\/www.portalmantena.com.br\/novo\/\"><img loading=\"lazy\" class=\"alignnone size-full wp-image-37331\" src=\"http:\/\/www.portalmantena.com.br\/novo\/wp-content\/uploads\/2018\/05\/faixaportalnoticias5.jpg\" alt=\"\" width=\"700\" height=\"40\" srcset=\"http:\/\/www.portalmantena.com.br\/novo\/wp-content\/uploads\/2018\/05\/faixaportalnoticias5.jpg 700w, http:\/\/www.portalmantena.com.br\/novo\/wp-content\/uploads\/2018\/05\/faixaportalnoticias5-300x17.jpg 300w, http:\/\/www.portalmantena.com.br\/novo\/wp-content\/uploads\/2018\/05\/faixaportalnoticias5-696x40.jpg 696w\" sizes=\"(max-width: 700px) 100vw, 700px\" \/><\/a><\/p>\n<p><span style=\"font-size: 10pt;\">ESPA\u00c7O EMPRESARIAL<\/span><a href=\"http:\/\/www.portalmantena.com.br\/novo\/?p=53568\"><img loading=\"lazy\" class=\"alignnone size-full wp-image-54066\" src=\"http:\/\/www.portalmantena.com.br\/novo\/wp-content\/uploads\/2018\/05\/valenteapp.jpg\" alt=\"\" width=\"700\" height=\"150\" srcset=\"http:\/\/www.portalmantena.com.br\/novo\/wp-content\/uploads\/2018\/05\/valenteapp.jpg 700w, http:\/\/www.portalmantena.com.br\/novo\/wp-content\/uploads\/2018\/05\/valenteapp-300x64.jpg 300w, http:\/\/www.portalmantena.com.br\/novo\/wp-content\/uploads\/2018\/05\/valenteapp-696x150.jpg 696w\" sizes=\"(max-width: 700px) 100vw, 700px\" \/><\/a><\/p>\n","protected":false},"excerpt":{"rendered":"<p>Policiais militares do munic\u00edpio de \u00c1guia Branca realizaram mais uma apreens\u00e3o de arma de fogo durante fiscaliza\u00e7\u00e3o de tr\u00e2nsito na \u00faltima sexta-feira (08). Durante uma blitz, os policiais perceberam um volume na cintura de um condutor de uma motocicleta que passava pela fiscaliza\u00e7\u00e3o. Diante desta suspeita, os militares realizaram sinal de parada ao cidad\u00e3o e [&hellip;]<\/p>\n","protected":false},"author":1,"featured_media":62508,"comment_status":"open","ping_status":"open","sticky":false,"template":"","format":"standard","meta":[],"categories":[11,34],"tags":[],"_links":{"self":[{"href":"http:\/\/www.portalmantena.com.br\/novo\/index.php?rest_route=\/wp\/v2\/posts\/62507"}],"collection":[{"href":"http:\/\/www.portalmantena.com.br\/novo\/index.php?rest_route=\/wp\/v2\/posts"}],"about":[{"href":"http:\/\/www.portalmantena.com.br\/novo\/index.php?rest_route=\/wp\/v2\/types\/post"}],"author":[{"embeddable":true,"href":"http:\/\/www.portalmantena.com.br\/novo\/index.php?rest_route=\/wp\/v2\/users\/1"}],"replies":[{"embeddable":true,"href":"http:\/\/www.portalmantena.com.br\/novo\/index.php?rest_route=%2Fwp%2Fv2%2Fcomments&post=62507"}],"version-history":[{"count":1,"href":"http:\/\/www.portalmantena.com.br\/novo\/index.php?rest_route=\/wp\/v2\/posts\/62507\/revisions"}],"predecessor-version":[{"id":62509,"href":"http:\/\/www.portalmantena.com.br\/novo\/index.php?rest_route=\/wp\/v2\/posts\/62507\/revisions\/62509"}],"wp:featuredmedia":[{"embeddable":true,"href":"http:\/\/www.portalmantena.com.br\/novo\/index.php?rest_route=\/wp\/v2\/media\/62508"}],"wp:attachment":[{"href":"http:\/\/www.portalmantena.com.br\/novo\/index.php?rest_route=%2Fwp%2Fv2%2Fmedia&parent=62507"}],"wp:term":[{"taxonomy":"category","embeddable":true,"href":"http:\/\/www.portalmantena.com.br\/novo\/index.php?rest_route=%2Fwp%2Fv2%2Fcategories&post=62507"},{"taxonomy":"post_tag","embeddable":true,"href":"http:\/\/www.portalmantena.com.br\/novo\/index.php?rest_route=%2Fwp%2Fv2%2Ftags&post=62507"}],"curies":[{"name":"wp","href":"https:\/\/api.w.org\/{rel}","templated":true}]}}