{"id":62485,"date":"2020-08-07T16:40:34","date_gmt":"2020-08-07T19:40:34","guid":{"rendered":"http:\/\/www.portalmantena.com.br\/novo\/?p=62485"},"modified":"2020-08-07T16:40:34","modified_gmt":"2020-08-07T19:40:34","slug":"mantena-registros-danificados-sao-trocados-pelo-saae","status":"publish","type":"post","link":"http:\/\/www.portalmantena.com.br\/novo\/?p=62485","title":{"rendered":"Mantena: Registros danificados s\u00e3o trocados pelo SAAE"},"content":{"rendered":"<p><a href=\"http:\/\/www.portalmantena.com.br\/novo\/wp-content\/uploads\/2020\/08\/saae1.jpg\"><img loading=\"lazy\" class=\"alignnone size-full wp-image-62486\" src=\"http:\/\/www.portalmantena.com.br\/novo\/wp-content\/uploads\/2020\/08\/saae1.jpg\" alt=\"\" width=\"700\" height=\"450\" srcset=\"http:\/\/www.portalmantena.com.br\/novo\/wp-content\/uploads\/2020\/08\/saae1.jpg 700w, http:\/\/www.portalmantena.com.br\/novo\/wp-content\/uploads\/2020\/08\/saae1-300x193.jpg 300w, http:\/\/www.portalmantena.com.br\/novo\/wp-content\/uploads\/2020\/08\/saae1-696x447.jpg 696w, http:\/\/www.portalmantena.com.br\/novo\/wp-content\/uploads\/2020\/08\/saae1-653x420.jpg 653w\" sizes=\"(max-width: 700px) 100vw, 700px\" \/><\/a><\/p>\n<p style=\"background: white; vertical-align: baseline; margin: 0cm 0cm 11.25pt 0cm;\"><span style=\"font-size: 14.0pt; font-family: 'Verdana','sans-serif';\">Foi realizado com sucesso, o procedimento programado pelo SAAE, para a troca de registros danificados na \u00e1rea central de Mantena na noite da \u00faltima quarta-feira, dia 5 de Agosto. <\/span><\/p>\n<p style=\"background: white; vertical-align: baseline; margin: 0cm 0cm 11.25pt 0cm;\"><span style=\"font-size: 14.0pt; font-family: 'Verdana','sans-serif';\">O fornecimento de \u00e1gua foi interrompido em toda a cidade para a realiza\u00e7\u00e3o desta opera\u00e7\u00e3o, que teve como objetivo a substitui\u00e7\u00e3o de 3 registros existentes no sistema de distribui\u00e7\u00e3o, que estavam danificados pelo tempo de uso. <\/span><\/p>\n<p style=\"background: white; vertical-align: baseline; margin: 0cm 0cm 11.25pt 0cm;\"><span style=\"font-size: 14.0pt; font-family: 'Verdana','sans-serif';\">De acordo com a equipe que realizou as tarefas, al\u00e9m dos 3 registros programados para a troca, a opera\u00e7\u00e3o foi ampliada com a substitui\u00e7\u00e3o de mais um outro, situado na rua S\u00e3o Francisco, totalizando assim 4 substitui\u00e7\u00f5es. <\/span><\/p>\n<p style=\"background: white; vertical-align: baseline; margin: 0cm 0cm 11.25pt 0cm;\"><span style=\"font-size: 14.0pt; font-family: 'Verdana','sans-serif';\">A opera\u00e7\u00e3o, que foi comunicada \u00e0 comunidade para ter uma dura\u00e7\u00e3o de 2 horas (de 20 \u00e0s 22 hs), acabou sendo conclu\u00edda antes do hor\u00e1rio previsto. <\/span><\/p>\n<p style=\"background: white; vertical-align: baseline; margin: 0cm 0cm 11.25pt 0cm;\"><span style=\"font-size: 14.0pt; font-family: 'Verdana','sans-serif';\">S\u00e3o a\u00e7\u00f5es do SAAE que visam uma melhor qualidade no trabalho, oferecendo maior efici\u00eancia, visando um impacto menor nos servi\u00e7os prestados, principalmente quando imprevistos acontecem na distribui\u00e7\u00e3o de \u00e1gua \u00e0 popula\u00e7\u00e3o. (fonte\/foto:saaemantena).<\/span><\/p>\n<p><a href=\"http:\/\/www.portalmantena.com.br\/novo\/wp-content\/uploads\/2020\/08\/saae2.jpg\"><img loading=\"lazy\" class=\"alignnone size-full wp-image-62487\" src=\"http:\/\/www.portalmantena.com.br\/novo\/wp-content\/uploads\/2020\/08\/saae2.jpg\" alt=\"\" width=\"700\" height=\"450\" srcset=\"http:\/\/www.portalmantena.com.br\/novo\/wp-content\/uploads\/2020\/08\/saae2.jpg 700w, http:\/\/www.portalmantena.com.br\/novo\/wp-content\/uploads\/2020\/08\/saae2-300x193.jpg 300w, http:\/\/www.portalmantena.com.br\/novo\/wp-content\/uploads\/2020\/08\/saae2-696x447.jpg 696w, http:\/\/www.portalmantena.com.br\/novo\/wp-content\/uploads\/2020\/08\/saae2-653x420.jpg 653w\" sizes=\"(max-width: 700px) 100vw, 700px\" \/><\/a><a href=\"http:\/\/www.portalmantena.com.br\/novo\/\"><img loading=\"lazy\" class=\"alignnone size-full wp-image-37331\" src=\"http:\/\/www.portalmantena.com.br\/novo\/wp-content\/uploads\/2018\/05\/faixaportalnoticias5.jpg\" alt=\"\" width=\"700\" height=\"40\" srcset=\"http:\/\/www.portalmantena.com.br\/novo\/wp-content\/uploads\/2018\/05\/faixaportalnoticias5.jpg 700w, http:\/\/www.portalmantena.com.br\/novo\/wp-content\/uploads\/2018\/05\/faixaportalnoticias5-300x17.jpg 300w, http:\/\/www.portalmantena.com.br\/novo\/wp-content\/uploads\/2018\/05\/faixaportalnoticias5-696x40.jpg 696w\" sizes=\"(max-width: 700px) 100vw, 700px\" \/><\/a><\/p>\n<p><span style=\"font-size: 10pt;\">ESPA\u00c7O EMPRESARIAL<\/span><a href=\"http:\/\/www.portalmantena.com.br\/novo\/wp-content\/uploads\/2018\/05\/postoterraboa.jpg\"><img loading=\"lazy\" class=\"alignnone size-full wp-image-29172\" src=\"http:\/\/www.portalmantena.com.br\/novo\/wp-content\/uploads\/2018\/05\/postoterraboa.jpg\" alt=\"\" width=\"700\" height=\"150\" srcset=\"http:\/\/www.portalmantena.com.br\/novo\/wp-content\/uploads\/2018\/05\/postoterraboa.jpg 700w, http:\/\/www.portalmantena.com.br\/novo\/wp-content\/uploads\/2018\/05\/postoterraboa-300x64.jpg 300w, http:\/\/www.portalmantena.com.br\/novo\/wp-content\/uploads\/2018\/05\/postoterraboa-696x150.jpg 696w\" sizes=\"(max-width: 700px) 100vw, 700px\" \/><\/a><\/p>\n","protected":false},"excerpt":{"rendered":"<p>Foi realizado com sucesso, o procedimento programado pelo SAAE, para a troca de registros danificados na \u00e1rea central de Mantena na noite da \u00faltima quarta-feira, dia 5 de Agosto. O fornecimento de \u00e1gua foi interrompido em toda a cidade para a realiza\u00e7\u00e3o desta opera\u00e7\u00e3o, que teve como objetivo a substitui\u00e7\u00e3o de 3 registros existentes no [&hellip;]<\/p>\n","protected":false},"author":1,"featured_media":62486,"comment_status":"open","ping_status":"open","sticky":false,"template":"","format":"standard","meta":[],"categories":[36,11,83],"tags":[],"_links":{"self":[{"href":"http:\/\/www.portalmantena.com.br\/novo\/index.php?rest_route=\/wp\/v2\/posts\/62485"}],"collection":[{"href":"http:\/\/www.portalmantena.com.br\/novo\/index.php?rest_route=\/wp\/v2\/posts"}],"about":[{"href":"http:\/\/www.portalmantena.com.br\/novo\/index.php?rest_route=\/wp\/v2\/types\/post"}],"author":[{"embeddable":true,"href":"http:\/\/www.portalmantena.com.br\/novo\/index.php?rest_route=\/wp\/v2\/users\/1"}],"replies":[{"embeddable":true,"href":"http:\/\/www.portalmantena.com.br\/novo\/index.php?rest_route=%2Fwp%2Fv2%2Fcomments&post=62485"}],"version-history":[{"count":1,"href":"http:\/\/www.portalmantena.com.br\/novo\/index.php?rest_route=\/wp\/v2\/posts\/62485\/revisions"}],"predecessor-version":[{"id":62488,"href":"http:\/\/www.portalmantena.com.br\/novo\/index.php?rest_route=\/wp\/v2\/posts\/62485\/revisions\/62488"}],"wp:featuredmedia":[{"embeddable":true,"href":"http:\/\/www.portalmantena.com.br\/novo\/index.php?rest_route=\/wp\/v2\/media\/62486"}],"wp:attachment":[{"href":"http:\/\/www.portalmantena.com.br\/novo\/index.php?rest_route=%2Fwp%2Fv2%2Fmedia&parent=62485"}],"wp:term":[{"taxonomy":"category","embeddable":true,"href":"http:\/\/www.portalmantena.com.br\/novo\/index.php?rest_route=%2Fwp%2Fv2%2Fcategories&post=62485"},{"taxonomy":"post_tag","embeddable":true,"href":"http:\/\/www.portalmantena.com.br\/novo\/index.php?rest_route=%2Fwp%2Fv2%2Ftags&post=62485"}],"curies":[{"name":"wp","href":"https:\/\/api.w.org\/{rel}","templated":true}]}}