{"id":62396,"date":"2020-08-09T10:22:45","date_gmt":"2020-08-09T13:22:45","guid":{"rendered":"http:\/\/www.portalmantena.com.br\/novo\/?p=62396"},"modified":"2020-08-10T09:23:15","modified_gmt":"2020-08-10T12:23:15","slug":"itabirinha-prefeitura-distribui-polivitaminicos-a-populacao","status":"publish","type":"post","link":"http:\/\/www.portalmantena.com.br\/novo\/?p=62396","title":{"rendered":"Itabirinha: Prefeitura distribui polivitam\u00ednicos \u00e0 popula\u00e7\u00e3o"},"content":{"rendered":"<p><a href=\"http:\/\/www.portalmantena.com.br\/novo\/wp-content\/uploads\/2020\/08\/no040820vitamina1.jpg\"><img loading=\"lazy\" class=\"alignnone size-full wp-image-62397\" src=\"http:\/\/www.portalmantena.com.br\/novo\/wp-content\/uploads\/2020\/08\/no040820vitamina1.jpg\" alt=\"\" width=\"700\" height=\"450\" srcset=\"http:\/\/www.portalmantena.com.br\/novo\/wp-content\/uploads\/2020\/08\/no040820vitamina1.jpg 700w, http:\/\/www.portalmantena.com.br\/novo\/wp-content\/uploads\/2020\/08\/no040820vitamina1-300x193.jpg 300w, http:\/\/www.portalmantena.com.br\/novo\/wp-content\/uploads\/2020\/08\/no040820vitamina1-696x447.jpg 696w, http:\/\/www.portalmantena.com.br\/novo\/wp-content\/uploads\/2020\/08\/no040820vitamina1-653x420.jpg 653w\" sizes=\"(max-width: 700px) 100vw, 700px\" \/><\/a><\/p>\n<p style=\"background: white; vertical-align: baseline;\"><span style=\"font-size: 14.0pt; font-family: 'Verdana','sans-serif'; color: #444444;\">A Administra\u00e7\u00e3o Municipal de Itabirinha, atrav\u00e9s da Secretaria de Sa\u00fade em parceria com o Comit\u00ea Municipal de Enfrentamento a COVID-19, retomaram a entrega individual, \u00e0 toda popula\u00e7\u00e3o, de insumos para a conten\u00e7\u00e3o, preven\u00e7\u00e3o e prote\u00e7\u00e3o da comunidade contra o novo Coronav\u00edrus.<\/span><\/p>\n<p style=\"background: white; vertical-align: baseline;\"><span style=\"font-size: 18pt;\"><strong><span style=\"font-family: Verdana, sans-serif; color: #444444;\"> Al\u00e9m do \u00e1lcool em gel a 70% e m\u00e1scaras, a novidade fica por conta de frascos contendo 30 comprimidos de polivitam\u00ednicos e poliminerais a base de vitamines C, D e Zinco.<\/span><\/strong><\/span><\/p>\n<p style=\"background: white; vertical-align: baseline;\"><span style=\"font-size: 14.0pt; font-family: 'Verdana','sans-serif'; color: #444444;\"> De acordo com o farmac\u00eautico do CAPS de Itabirinha, Gabriell Coimbra, o composto \u00e9 uma iniciativa de sucesso utilizado em diversos munic\u00edpios brasileiros com o objetivo de refor\u00e7ar a imunidade da popula\u00e7\u00e3o, reduzindo assim os agravos causados pela COVID-19. (fonte\/foto:prefeituraItabirinha). <\/span><\/p>\n<p><a href=\"http:\/\/www.portalmantena.com.br\/novo\/wp-content\/uploads\/2020\/08\/no040820vitamina2.jpg\"><img loading=\"lazy\" class=\"alignnone size-full wp-image-62398\" src=\"http:\/\/www.portalmantena.com.br\/novo\/wp-content\/uploads\/2020\/08\/no040820vitamina2.jpg\" alt=\"\" width=\"700\" height=\"450\" srcset=\"http:\/\/www.portalmantena.com.br\/novo\/wp-content\/uploads\/2020\/08\/no040820vitamina2.jpg 700w, http:\/\/www.portalmantena.com.br\/novo\/wp-content\/uploads\/2020\/08\/no040820vitamina2-300x193.jpg 300w, http:\/\/www.portalmantena.com.br\/novo\/wp-content\/uploads\/2020\/08\/no040820vitamina2-696x447.jpg 696w, http:\/\/www.portalmantena.com.br\/novo\/wp-content\/uploads\/2020\/08\/no040820vitamina2-653x420.jpg 653w\" sizes=\"(max-width: 700px) 100vw, 700px\" \/><\/a> <a href=\"http:\/\/www.portalmantena.com.br\/novo\/wp-content\/uploads\/2020\/08\/no040820vitamina3.jpg\"><img loading=\"lazy\" class=\"alignnone size-full wp-image-62399\" src=\"http:\/\/www.portalmantena.com.br\/novo\/wp-content\/uploads\/2020\/08\/no040820vitamina3.jpg\" alt=\"\" width=\"700\" height=\"450\" srcset=\"http:\/\/www.portalmantena.com.br\/novo\/wp-content\/uploads\/2020\/08\/no040820vitamina3.jpg 700w, http:\/\/www.portalmantena.com.br\/novo\/wp-content\/uploads\/2020\/08\/no040820vitamina3-300x193.jpg 300w, http:\/\/www.portalmantena.com.br\/novo\/wp-content\/uploads\/2020\/08\/no040820vitamina3-696x447.jpg 696w, http:\/\/www.portalmantena.com.br\/novo\/wp-content\/uploads\/2020\/08\/no040820vitamina3-653x420.jpg 653w\" sizes=\"(max-width: 700px) 100vw, 700px\" \/><\/a><a href=\"http:\/\/www.portalmantena.com.br\/novo\/\"><img loading=\"lazy\" class=\"alignnone size-full wp-image-37331\" src=\"http:\/\/www.portalmantena.com.br\/novo\/wp-content\/uploads\/2018\/05\/faixaportalnoticias5.jpg\" alt=\"\" width=\"700\" height=\"40\" srcset=\"http:\/\/www.portalmantena.com.br\/novo\/wp-content\/uploads\/2018\/05\/faixaportalnoticias5.jpg 700w, http:\/\/www.portalmantena.com.br\/novo\/wp-content\/uploads\/2018\/05\/faixaportalnoticias5-300x17.jpg 300w, http:\/\/www.portalmantena.com.br\/novo\/wp-content\/uploads\/2018\/05\/faixaportalnoticias5-696x40.jpg 696w\" sizes=\"(max-width: 700px) 100vw, 700px\" \/><\/a><\/p>\n<p><span style=\"font-size: 10pt;\">ESPA\u00c7O EMPRESARIAL<\/span><a href=\"https:\/\/www.facebook.com\/redecasasdastintas\/?__xts__[0]=68.ARBvBkEV-xf0LmeoVmLkmSNYi2fkJzyH_VdImjnJBqA-OJQ8WAGhfxFzuODZeXT97StHLCU2lui2hNiBS9juZZIIH59sSIfo9vM1711g7hmVObiniGMIKpCnGYGx_YmAkGj8o0shglKSje-m1cISUC5fXmbbIDZHgBn9rbll8J1_u-sWBptuc70mqMQ5dXSVaEbLcv7md0y1MndLTPX1QVF6vv_p8UwvHEYJiMzOeJ27-SNULvH_Ia_jzPUIPLemEjFfBOB1GDY2bKOl-hHJ82NDCthVWvRTDkLv5Ac-BJxkK8AMjv3yPHiiz_fTfCghxAzXR4kngL0HN5fNO2PSBWMM9g&amp;__tn__=HHH-R\"><img loading=\"lazy\" class=\"alignnone size-full wp-image-45727\" src=\"http:\/\/www.portalmantena.com.br\/novo\/wp-content\/uploads\/2018\/05\/casatintas120419.jpg\" alt=\"\" width=\"700\" height=\"150\" srcset=\"http:\/\/www.portalmantena.com.br\/novo\/wp-content\/uploads\/2018\/05\/casatintas120419.jpg 700w, http:\/\/www.portalmantena.com.br\/novo\/wp-content\/uploads\/2018\/05\/casatintas120419-300x64.jpg 300w, http:\/\/www.portalmantena.com.br\/novo\/wp-content\/uploads\/2018\/05\/casatintas120419-696x150.jpg 696w\" sizes=\"(max-width: 700px) 100vw, 700px\" \/><\/a><\/p>\n","protected":false},"excerpt":{"rendered":"<p>A Administra\u00e7\u00e3o Municipal de Itabirinha, atrav\u00e9s da Secretaria de Sa\u00fade em parceria com o Comit\u00ea Municipal de Enfrentamento a COVID-19, retomaram a entrega individual, \u00e0 toda popula\u00e7\u00e3o, de insumos para a conten\u00e7\u00e3o, preven\u00e7\u00e3o e prote\u00e7\u00e3o da comunidade contra o novo Coronav\u00edrus. Al\u00e9m do \u00e1lcool em gel a 70% e m\u00e1scaras, a novidade fica por conta [&hellip;]<\/p>\n","protected":false},"author":1,"featured_media":62397,"comment_status":"open","ping_status":"open","sticky":false,"template":"","format":"standard","meta":[],"categories":[69,39],"tags":[],"_links":{"self":[{"href":"http:\/\/www.portalmantena.com.br\/novo\/index.php?rest_route=\/wp\/v2\/posts\/62396"}],"collection":[{"href":"http:\/\/www.portalmantena.com.br\/novo\/index.php?rest_route=\/wp\/v2\/posts"}],"about":[{"href":"http:\/\/www.portalmantena.com.br\/novo\/index.php?rest_route=\/wp\/v2\/types\/post"}],"author":[{"embeddable":true,"href":"http:\/\/www.portalmantena.com.br\/novo\/index.php?rest_route=\/wp\/v2\/users\/1"}],"replies":[{"embeddable":true,"href":"http:\/\/www.portalmantena.com.br\/novo\/index.php?rest_route=%2Fwp%2Fv2%2Fcomments&post=62396"}],"version-history":[{"count":1,"href":"http:\/\/www.portalmantena.com.br\/novo\/index.php?rest_route=\/wp\/v2\/posts\/62396\/revisions"}],"predecessor-version":[{"id":62400,"href":"http:\/\/www.portalmantena.com.br\/novo\/index.php?rest_route=\/wp\/v2\/posts\/62396\/revisions\/62400"}],"wp:featuredmedia":[{"embeddable":true,"href":"http:\/\/www.portalmantena.com.br\/novo\/index.php?rest_route=\/wp\/v2\/media\/62397"}],"wp:attachment":[{"href":"http:\/\/www.portalmantena.com.br\/novo\/index.php?rest_route=%2Fwp%2Fv2%2Fmedia&parent=62396"}],"wp:term":[{"taxonomy":"category","embeddable":true,"href":"http:\/\/www.portalmantena.com.br\/novo\/index.php?rest_route=%2Fwp%2Fv2%2Fcategories&post=62396"},{"taxonomy":"post_tag","embeddable":true,"href":"http:\/\/www.portalmantena.com.br\/novo\/index.php?rest_route=%2Fwp%2Fv2%2Ftags&post=62396"}],"curies":[{"name":"wp","href":"https:\/\/api.w.org\/{rel}","templated":true}]}}