{"id":62380,"date":"2020-08-04T08:33:49","date_gmt":"2020-08-04T11:33:49","guid":{"rendered":"http:\/\/www.portalmantena.com.br\/novo\/?p=62380"},"modified":"2020-08-04T08:33:49","modified_gmt":"2020-08-04T11:33:49","slug":"bsf-menor-e-apreendido-com-arma-no-bolso-da-blusa","status":"publish","type":"post","link":"http:\/\/www.portalmantena.com.br\/novo\/?p=62380","title":{"rendered":"BSF: Menor \u00e9 apreendido com arma no bolso da Blusa"},"content":{"rendered":"<p><a href=\"http:\/\/www.portalmantena.com.br\/novo\/wp-content\/uploads\/2020\/08\/no040820arma1.jpg\"><img loading=\"lazy\" class=\"alignnone size-full wp-image-62381\" src=\"http:\/\/www.portalmantena.com.br\/novo\/wp-content\/uploads\/2020\/08\/no040820arma1.jpg\" alt=\"\" width=\"700\" height=\"450\" srcset=\"http:\/\/www.portalmantena.com.br\/novo\/wp-content\/uploads\/2020\/08\/no040820arma1.jpg 700w, http:\/\/www.portalmantena.com.br\/novo\/wp-content\/uploads\/2020\/08\/no040820arma1-300x193.jpg 300w, http:\/\/www.portalmantena.com.br\/novo\/wp-content\/uploads\/2020\/08\/no040820arma1-696x447.jpg 696w, http:\/\/www.portalmantena.com.br\/novo\/wp-content\/uploads\/2020\/08\/no040820arma1-653x420.jpg 653w\" sizes=\"(max-width: 700px) 100vw, 700px\" \/><\/a><\/p>\n<p><span style=\"font-size: 14pt;\">Policiais militares do 11\u00ba Batalha\u0303o de Poli\u0301cia Militar apreenderam na manha\u0303 desta segunda-feira (03 de agosto) um menor que portava no bolso de sua blusa moletom uma arma de fogo do tipo Bereta 6 .35 e sete muni\u00e7\u00f5es intactas do mesmo calibre. <\/span><\/p>\n<p><span style=\"font-size: 14pt;\">Durante patrulhamento no bairro Colina, em Barra de S\u00e3o Francisco, a equipe de for\u00e7a ta\u0301tica avistou um jovem na Rua Goi\u00e2nia que percebendo a presen\u00e7a dos policiais tentou empreender fuga. <\/span><\/p>\n<p><span style=\"font-size: 18pt;\"><strong>Diante deste comportamento suspeito, foi realizada uma busca pessoal no cidada\u0303o, sendo encontrado no bolso de sua blusa de moletom uma arma de fogo. <\/strong><\/span><\/p>\n<p><span style=\"font-size: 14pt;\">Constatado o porte ilegal de arma, os militares conduziram o menor para a 14\u00ba Delegacia Regional de Barra de Sa\u0303o Francisco, juntamente com o material apreendido. (fonte\/foto:11\u00baBPMES).<\/span><\/p>\n<p><a href=\"http:\/\/www.portalmantena.com.br\/novo\/wp-content\/uploads\/2020\/08\/no040820arma2.jpg\"><img loading=\"lazy\" class=\"alignnone size-full wp-image-62382\" src=\"http:\/\/www.portalmantena.com.br\/novo\/wp-content\/uploads\/2020\/08\/no040820arma2.jpg\" alt=\"\" width=\"700\" height=\"450\" srcset=\"http:\/\/www.portalmantena.com.br\/novo\/wp-content\/uploads\/2020\/08\/no040820arma2.jpg 700w, http:\/\/www.portalmantena.com.br\/novo\/wp-content\/uploads\/2020\/08\/no040820arma2-300x193.jpg 300w, http:\/\/www.portalmantena.com.br\/novo\/wp-content\/uploads\/2020\/08\/no040820arma2-696x447.jpg 696w, http:\/\/www.portalmantena.com.br\/novo\/wp-content\/uploads\/2020\/08\/no040820arma2-653x420.jpg 653w\" sizes=\"(max-width: 700px) 100vw, 700px\" \/><\/a><a href=\"http:\/\/www.portalmantena.com.br\/novo\/\"><img loading=\"lazy\" class=\"alignnone size-full wp-image-37331\" src=\"http:\/\/www.portalmantena.com.br\/novo\/wp-content\/uploads\/2018\/05\/faixaportalnoticias5.jpg\" alt=\"\" width=\"700\" height=\"40\" srcset=\"http:\/\/www.portalmantena.com.br\/novo\/wp-content\/uploads\/2018\/05\/faixaportalnoticias5.jpg 700w, http:\/\/www.portalmantena.com.br\/novo\/wp-content\/uploads\/2018\/05\/faixaportalnoticias5-300x17.jpg 300w, http:\/\/www.portalmantena.com.br\/novo\/wp-content\/uploads\/2018\/05\/faixaportalnoticias5-696x40.jpg 696w\" sizes=\"(max-width: 700px) 100vw, 700px\" \/><\/a><\/p>\n<p><span style=\"font-size: 10pt;\">ESPA\u00c7O EMPRESARIAL<\/span><a href=\"http:\/\/www.portalmantena.com.br\/novo\/?p=53568\"><img loading=\"lazy\" class=\"alignnone size-full wp-image-54066\" src=\"http:\/\/www.portalmantena.com.br\/novo\/wp-content\/uploads\/2018\/05\/valenteapp.jpg\" alt=\"\" width=\"700\" height=\"150\" srcset=\"http:\/\/www.portalmantena.com.br\/novo\/wp-content\/uploads\/2018\/05\/valenteapp.jpg 700w, http:\/\/www.portalmantena.com.br\/novo\/wp-content\/uploads\/2018\/05\/valenteapp-300x64.jpg 300w, http:\/\/www.portalmantena.com.br\/novo\/wp-content\/uploads\/2018\/05\/valenteapp-696x150.jpg 696w\" sizes=\"(max-width: 700px) 100vw, 700px\" \/><\/a><\/p>\n","protected":false},"excerpt":{"rendered":"<p>Policiais militares do 11\u00ba Batalha\u0303o de Poli\u0301cia Militar apreenderam na manha\u0303 desta segunda-feira (03 de agosto) um menor que portava no bolso de sua blusa moletom uma arma de fogo do tipo Bereta 6 .35 e sete muni\u00e7\u00f5es intactas do mesmo calibre. Durante patrulhamento no bairro Colina, em Barra de S\u00e3o Francisco, a equipe de [&hellip;]<\/p>\n","protected":false},"author":1,"featured_media":62382,"comment_status":"open","ping_status":"open","sticky":false,"template":"","format":"standard","meta":[],"categories":[11,34],"tags":[],"_links":{"self":[{"href":"http:\/\/www.portalmantena.com.br\/novo\/index.php?rest_route=\/wp\/v2\/posts\/62380"}],"collection":[{"href":"http:\/\/www.portalmantena.com.br\/novo\/index.php?rest_route=\/wp\/v2\/posts"}],"about":[{"href":"http:\/\/www.portalmantena.com.br\/novo\/index.php?rest_route=\/wp\/v2\/types\/post"}],"author":[{"embeddable":true,"href":"http:\/\/www.portalmantena.com.br\/novo\/index.php?rest_route=\/wp\/v2\/users\/1"}],"replies":[{"embeddable":true,"href":"http:\/\/www.portalmantena.com.br\/novo\/index.php?rest_route=%2Fwp%2Fv2%2Fcomments&post=62380"}],"version-history":[{"count":1,"href":"http:\/\/www.portalmantena.com.br\/novo\/index.php?rest_route=\/wp\/v2\/posts\/62380\/revisions"}],"predecessor-version":[{"id":62383,"href":"http:\/\/www.portalmantena.com.br\/novo\/index.php?rest_route=\/wp\/v2\/posts\/62380\/revisions\/62383"}],"wp:featuredmedia":[{"embeddable":true,"href":"http:\/\/www.portalmantena.com.br\/novo\/index.php?rest_route=\/wp\/v2\/media\/62382"}],"wp:attachment":[{"href":"http:\/\/www.portalmantena.com.br\/novo\/index.php?rest_route=%2Fwp%2Fv2%2Fmedia&parent=62380"}],"wp:term":[{"taxonomy":"category","embeddable":true,"href":"http:\/\/www.portalmantena.com.br\/novo\/index.php?rest_route=%2Fwp%2Fv2%2Fcategories&post=62380"},{"taxonomy":"post_tag","embeddable":true,"href":"http:\/\/www.portalmantena.com.br\/novo\/index.php?rest_route=%2Fwp%2Fv2%2Ftags&post=62380"}],"curies":[{"name":"wp","href":"https:\/\/api.w.org\/{rel}","templated":true}]}}