{"id":62368,"date":"2020-08-03T11:34:23","date_gmt":"2020-08-03T14:34:23","guid":{"rendered":"http:\/\/www.portalmantena.com.br\/novo\/?p=62368"},"modified":"2020-08-03T11:34:23","modified_gmt":"2020-08-03T14:34:23","slug":"dona-mariquinha-completando-98-anos-parabens","status":"publish","type":"post","link":"http:\/\/www.portalmantena.com.br\/novo\/?p=62368","title":{"rendered":"Dona Mariquinha completando 98 anos, parab\u00e9ns"},"content":{"rendered":"<p><a href=\"http:\/\/www.portalmantena.com.br\/novo\/wp-content\/uploads\/2020\/08\/vi030820niver1.jpg\"><img loading=\"lazy\" class=\"alignnone size-full wp-image-62369\" src=\"http:\/\/www.portalmantena.com.br\/novo\/wp-content\/uploads\/2020\/08\/vi030820niver1.jpg\" alt=\"\" width=\"700\" height=\"450\" srcset=\"http:\/\/www.portalmantena.com.br\/novo\/wp-content\/uploads\/2020\/08\/vi030820niver1.jpg 700w, http:\/\/www.portalmantena.com.br\/novo\/wp-content\/uploads\/2020\/08\/vi030820niver1-300x193.jpg 300w, http:\/\/www.portalmantena.com.br\/novo\/wp-content\/uploads\/2020\/08\/vi030820niver1-696x447.jpg 696w, http:\/\/www.portalmantena.com.br\/novo\/wp-content\/uploads\/2020\/08\/vi030820niver1-653x420.jpg 653w\" sizes=\"(max-width: 700px) 100vw, 700px\" \/><\/a><\/p>\n<p><span style=\"font-size: 14pt;\">Que momento especial, a comemora\u00e7\u00e3o dos 98 anos de dona Maria Elmira de Oliveira (Dona Mariquinha), em Mantena. <\/span><\/p>\n<p><span style=\"font-size: 14pt;\">Na foto, com o filho Idevair Bragan\u00e7a de Oliveira e a nora \u00c1guida Fernandes, membros da PIB de Mantena. <\/span><\/p>\n<p><span style=\"font-size: 14pt;\">Devido \u00e0 Pandemia, aquela festa tradicional sempre realizada neste momento mais que especial, n\u00e3o foi realizada este ano, mas um bolinho e a presen\u00e7a de alguns filhos, aconteceu. <\/span><\/p>\n<p><span style=\"font-size: 14pt;\">Parab\u00e9ns Dona Mariquinha por mais este ano de vida, presente de Deus para a vida de todos.<\/span><\/p>\n<p><a href=\"http:\/\/www.portalmantena.com.br\/novo\/wp-content\/uploads\/2020\/08\/vi030820niver2.jpg\"><img loading=\"lazy\" class=\"alignnone size-full wp-image-62370\" src=\"http:\/\/www.portalmantena.com.br\/novo\/wp-content\/uploads\/2020\/08\/vi030820niver2.jpg\" alt=\"\" width=\"700\" height=\"450\" srcset=\"http:\/\/www.portalmantena.com.br\/novo\/wp-content\/uploads\/2020\/08\/vi030820niver2.jpg 700w, http:\/\/www.portalmantena.com.br\/novo\/wp-content\/uploads\/2020\/08\/vi030820niver2-300x193.jpg 300w, http:\/\/www.portalmantena.com.br\/novo\/wp-content\/uploads\/2020\/08\/vi030820niver2-696x447.jpg 696w, http:\/\/www.portalmantena.com.br\/novo\/wp-content\/uploads\/2020\/08\/vi030820niver2-653x420.jpg 653w\" sizes=\"(max-width: 700px) 100vw, 700px\" \/><\/a> <a href=\"http:\/\/www.portalmantena.com.br\/novo\/wp-content\/uploads\/2020\/08\/vi030820niver3.jpg\"><img loading=\"lazy\" class=\"alignnone size-full wp-image-62371\" src=\"http:\/\/www.portalmantena.com.br\/novo\/wp-content\/uploads\/2020\/08\/vi030820niver3.jpg\" alt=\"\" width=\"700\" height=\"450\" srcset=\"http:\/\/www.portalmantena.com.br\/novo\/wp-content\/uploads\/2020\/08\/vi030820niver3.jpg 700w, http:\/\/www.portalmantena.com.br\/novo\/wp-content\/uploads\/2020\/08\/vi030820niver3-300x193.jpg 300w, http:\/\/www.portalmantena.com.br\/novo\/wp-content\/uploads\/2020\/08\/vi030820niver3-696x447.jpg 696w, http:\/\/www.portalmantena.com.br\/novo\/wp-content\/uploads\/2020\/08\/vi030820niver3-653x420.jpg 653w\" sizes=\"(max-width: 700px) 100vw, 700px\" \/><\/a> <a href=\"http:\/\/www.portalmantena.com.br\/novo\/wp-content\/uploads\/2020\/08\/vi030820niver4.jpg\"><img loading=\"lazy\" class=\"alignnone size-full wp-image-62372\" src=\"http:\/\/www.portalmantena.com.br\/novo\/wp-content\/uploads\/2020\/08\/vi030820niver4.jpg\" alt=\"\" width=\"700\" height=\"450\" srcset=\"http:\/\/www.portalmantena.com.br\/novo\/wp-content\/uploads\/2020\/08\/vi030820niver4.jpg 700w, http:\/\/www.portalmantena.com.br\/novo\/wp-content\/uploads\/2020\/08\/vi030820niver4-300x193.jpg 300w, http:\/\/www.portalmantena.com.br\/novo\/wp-content\/uploads\/2020\/08\/vi030820niver4-696x447.jpg 696w, http:\/\/www.portalmantena.com.br\/novo\/wp-content\/uploads\/2020\/08\/vi030820niver4-653x420.jpg 653w\" sizes=\"(max-width: 700px) 100vw, 700px\" \/><\/a> <a href=\"http:\/\/www.portalmantena.com.br\/novo\/wp-content\/uploads\/2020\/08\/vi030820niver5.jpg\"><img loading=\"lazy\" class=\"alignnone size-full wp-image-62373\" src=\"http:\/\/www.portalmantena.com.br\/novo\/wp-content\/uploads\/2020\/08\/vi030820niver5.jpg\" alt=\"\" width=\"700\" height=\"450\" srcset=\"http:\/\/www.portalmantena.com.br\/novo\/wp-content\/uploads\/2020\/08\/vi030820niver5.jpg 700w, http:\/\/www.portalmantena.com.br\/novo\/wp-content\/uploads\/2020\/08\/vi030820niver5-300x193.jpg 300w, http:\/\/www.portalmantena.com.br\/novo\/wp-content\/uploads\/2020\/08\/vi030820niver5-696x447.jpg 696w, http:\/\/www.portalmantena.com.br\/novo\/wp-content\/uploads\/2020\/08\/vi030820niver5-653x420.jpg 653w\" sizes=\"(max-width: 700px) 100vw, 700px\" \/><\/a><a href=\"http:\/\/www.portalmantena.com.br\/novo\/\"><img loading=\"lazy\" class=\"alignnone size-full wp-image-37296\" src=\"http:\/\/www.portalmantena.com.br\/novo\/wp-content\/uploads\/2018\/05\/faixavitrine2.jpg\" alt=\"\" width=\"700\" height=\"40\" srcset=\"http:\/\/www.portalmantena.com.br\/novo\/wp-content\/uploads\/2018\/05\/faixavitrine2.jpg 700w, http:\/\/www.portalmantena.com.br\/novo\/wp-content\/uploads\/2018\/05\/faixavitrine2-300x17.jpg 300w, http:\/\/www.portalmantena.com.br\/novo\/wp-content\/uploads\/2018\/05\/faixavitrine2-696x40.jpg 696w\" sizes=\"(max-width: 700px) 100vw, 700px\" \/><\/a><\/p>\n<p><span style=\"font-size: 10pt;\">ESPA\u00c7O EMPRESARIAL<\/span><a href=\"http:\/\/www.portalmantena.com.br\/novo\/wp-content\/uploads\/2018\/05\/postoterraboa.jpg\"><img loading=\"lazy\" class=\"alignnone size-full wp-image-29172\" src=\"http:\/\/www.portalmantena.com.br\/novo\/wp-content\/uploads\/2018\/05\/postoterraboa.jpg\" alt=\"\" width=\"700\" height=\"150\" srcset=\"http:\/\/www.portalmantena.com.br\/novo\/wp-content\/uploads\/2018\/05\/postoterraboa.jpg 700w, http:\/\/www.portalmantena.com.br\/novo\/wp-content\/uploads\/2018\/05\/postoterraboa-300x64.jpg 300w, http:\/\/www.portalmantena.com.br\/novo\/wp-content\/uploads\/2018\/05\/postoterraboa-696x150.jpg 696w\" sizes=\"(max-width: 700px) 100vw, 700px\" \/><\/a><\/p>\n","protected":false},"excerpt":{"rendered":"<p>Que momento especial, a comemora\u00e7\u00e3o dos 98 anos de dona Maria Elmira de Oliveira (Dona Mariquinha), em Mantena. Na foto, com o filho Idevair Bragan\u00e7a de Oliveira e a nora \u00c1guida Fernandes, membros da PIB de Mantena. Devido \u00e0 Pandemia, aquela festa tradicional sempre realizada neste momento mais que especial, n\u00e3o foi realizada este ano, [&hellip;]<\/p>\n","protected":false},"author":1,"featured_media":62370,"comment_status":"open","ping_status":"open","sticky":false,"template":"","format":"standard","meta":[],"categories":[7,53],"tags":[],"_links":{"self":[{"href":"http:\/\/www.portalmantena.com.br\/novo\/index.php?rest_route=\/wp\/v2\/posts\/62368"}],"collection":[{"href":"http:\/\/www.portalmantena.com.br\/novo\/index.php?rest_route=\/wp\/v2\/posts"}],"about":[{"href":"http:\/\/www.portalmantena.com.br\/novo\/index.php?rest_route=\/wp\/v2\/types\/post"}],"author":[{"embeddable":true,"href":"http:\/\/www.portalmantena.com.br\/novo\/index.php?rest_route=\/wp\/v2\/users\/1"}],"replies":[{"embeddable":true,"href":"http:\/\/www.portalmantena.com.br\/novo\/index.php?rest_route=%2Fwp%2Fv2%2Fcomments&post=62368"}],"version-history":[{"count":1,"href":"http:\/\/www.portalmantena.com.br\/novo\/index.php?rest_route=\/wp\/v2\/posts\/62368\/revisions"}],"predecessor-version":[{"id":62374,"href":"http:\/\/www.portalmantena.com.br\/novo\/index.php?rest_route=\/wp\/v2\/posts\/62368\/revisions\/62374"}],"wp:featuredmedia":[{"embeddable":true,"href":"http:\/\/www.portalmantena.com.br\/novo\/index.php?rest_route=\/wp\/v2\/media\/62370"}],"wp:attachment":[{"href":"http:\/\/www.portalmantena.com.br\/novo\/index.php?rest_route=%2Fwp%2Fv2%2Fmedia&parent=62368"}],"wp:term":[{"taxonomy":"category","embeddable":true,"href":"http:\/\/www.portalmantena.com.br\/novo\/index.php?rest_route=%2Fwp%2Fv2%2Fcategories&post=62368"},{"taxonomy":"post_tag","embeddable":true,"href":"http:\/\/www.portalmantena.com.br\/novo\/index.php?rest_route=%2Fwp%2Fv2%2Ftags&post=62368"}],"curies":[{"name":"wp","href":"https:\/\/api.w.org\/{rel}","templated":true}]}}