{"id":62324,"date":"2020-08-01T08:19:18","date_gmt":"2020-08-01T11:19:18","guid":{"rendered":"http:\/\/www.portalmantena.com.br\/novo\/?p=62324"},"modified":"2020-08-01T08:19:18","modified_gmt":"2020-08-01T11:19:18","slug":"sr-horacio-pai-do-pr-helio-morre-tambem-de-covid-19","status":"publish","type":"post","link":"http:\/\/www.portalmantena.com.br\/novo\/?p=62324","title":{"rendered":"Sr. Hor\u00e1cio, pai do Pr. H\u00e9lio morre tamb\u00e9m de Covid 19"},"content":{"rendered":"<p><a href=\"http:\/\/www.portalmantena.com.br\/novo\/wp-content\/uploads\/2020\/08\/horacio.jpg\"><img loading=\"lazy\" class=\"alignnone size-full wp-image-62325\" src=\"http:\/\/www.portalmantena.com.br\/novo\/wp-content\/uploads\/2020\/08\/horacio.jpg\" alt=\"\" width=\"380\" height=\"450\" srcset=\"http:\/\/www.portalmantena.com.br\/novo\/wp-content\/uploads\/2020\/08\/horacio.jpg 380w, http:\/\/www.portalmantena.com.br\/novo\/wp-content\/uploads\/2020\/08\/horacio-253x300.jpg 253w, http:\/\/www.portalmantena.com.br\/novo\/wp-content\/uploads\/2020\/08\/horacio-355x420.jpg 355w\" sizes=\"(max-width: 380px) 100vw, 380px\" \/><\/a><\/p>\n<p><span style=\"font-size: 18pt;\"><strong>ACESSE\u00a0<a href=\"http:\/\/www.portalmantena.com.br\/novo\/?p=57951\">AQUI<\/a>\u00a0O OBITU\u00c1RIO 2020<\/strong><\/span><\/p>\n<p><a href=\"http:\/\/www.portalmantena.com.br\/novo\/\"><img loading=\"lazy\" class=\"alignnone size-full wp-image-37331\" src=\"http:\/\/www.portalmantena.com.br\/novo\/wp-content\/uploads\/2018\/05\/faixaportalnoticias5.jpg\" alt=\"\" width=\"700\" height=\"40\" srcset=\"http:\/\/www.portalmantena.com.br\/novo\/wp-content\/uploads\/2018\/05\/faixaportalnoticias5.jpg 700w, http:\/\/www.portalmantena.com.br\/novo\/wp-content\/uploads\/2018\/05\/faixaportalnoticias5-300x17.jpg 300w, http:\/\/www.portalmantena.com.br\/novo\/wp-content\/uploads\/2018\/05\/faixaportalnoticias5-696x40.jpg 696w\" sizes=\"(max-width: 700px) 100vw, 700px\" \/><\/a><\/p>\n","protected":false},"excerpt":{"rendered":"<p>ACESSE\u00a0AQUI\u00a0O OBITU\u00c1RIO 2020<\/p>\n","protected":false},"author":1,"featured_media":62325,"comment_status":"open","ping_status":"open","sticky":false,"template":"","format":"standard","meta":[],"categories":[84,11],"tags":[],"_links":{"self":[{"href":"http:\/\/www.portalmantena.com.br\/novo\/index.php?rest_route=\/wp\/v2\/posts\/62324"}],"collection":[{"href":"http:\/\/www.portalmantena.com.br\/novo\/index.php?rest_route=\/wp\/v2\/posts"}],"about":[{"href":"http:\/\/www.portalmantena.com.br\/novo\/index.php?rest_route=\/wp\/v2\/types\/post"}],"author":[{"embeddable":true,"href":"http:\/\/www.portalmantena.com.br\/novo\/index.php?rest_route=\/wp\/v2\/users\/1"}],"replies":[{"embeddable":true,"href":"http:\/\/www.portalmantena.com.br\/novo\/index.php?rest_route=%2Fwp%2Fv2%2Fcomments&post=62324"}],"version-history":[{"count":1,"href":"http:\/\/www.portalmantena.com.br\/novo\/index.php?rest_route=\/wp\/v2\/posts\/62324\/revisions"}],"predecessor-version":[{"id":62327,"href":"http:\/\/www.portalmantena.com.br\/novo\/index.php?rest_route=\/wp\/v2\/posts\/62324\/revisions\/62327"}],"wp:featuredmedia":[{"embeddable":true,"href":"http:\/\/www.portalmantena.com.br\/novo\/index.php?rest_route=\/wp\/v2\/media\/62325"}],"wp:attachment":[{"href":"http:\/\/www.portalmantena.com.br\/novo\/index.php?rest_route=%2Fwp%2Fv2%2Fmedia&parent=62324"}],"wp:term":[{"taxonomy":"category","embeddable":true,"href":"http:\/\/www.portalmantena.com.br\/novo\/index.php?rest_route=%2Fwp%2Fv2%2Fcategories&post=62324"},{"taxonomy":"post_tag","embeddable":true,"href":"http:\/\/www.portalmantena.com.br\/novo\/index.php?rest_route=%2Fwp%2Fv2%2Ftags&post=62324"}],"curies":[{"name":"wp","href":"https:\/\/api.w.org\/{rel}","templated":true}]}}