{"id":62005,"date":"2020-07-17T06:44:14","date_gmt":"2020-07-17T09:44:14","guid":{"rendered":"http:\/\/www.portalmantena.com.br\/novo\/?p=62005"},"modified":"2020-07-16T10:45:48","modified_gmt":"2020-07-16T13:45:48","slug":"regiao-pm-recupera-mais-um-veiculo-roubado","status":"publish","type":"post","link":"http:\/\/www.portalmantena.com.br\/novo\/?p=62005","title":{"rendered":"Regi\u00e3o: PM recupera mais um ve\u00edculo roubado"},"content":{"rendered":"<p><a href=\"http:\/\/www.portalmantena.com.br\/novo\/wp-content\/uploads\/2020\/07\/pm1.jpg\"><img loading=\"lazy\" class=\"alignnone size-full wp-image-62006\" src=\"http:\/\/www.portalmantena.com.br\/novo\/wp-content\/uploads\/2020\/07\/pm1.jpg\" alt=\"\" width=\"700\" height=\"450\" srcset=\"http:\/\/www.portalmantena.com.br\/novo\/wp-content\/uploads\/2020\/07\/pm1.jpg 700w, http:\/\/www.portalmantena.com.br\/novo\/wp-content\/uploads\/2020\/07\/pm1-300x193.jpg 300w, http:\/\/www.portalmantena.com.br\/novo\/wp-content\/uploads\/2020\/07\/pm1-696x447.jpg 696w, http:\/\/www.portalmantena.com.br\/novo\/wp-content\/uploads\/2020\/07\/pm1-653x420.jpg 653w\" sizes=\"(max-width: 700px) 100vw, 700px\" \/><\/a><\/p>\n<p><span style=\"font-size: 14pt;\">Policiais militares da cidade de S\u00e3o Gabriel da Palha, recuperaram na tarde da \u00faltima ter\u00e7a-feira dia 14 de Julho, uma motocicleta com restri\u00e7\u00e3o de furto ou roubo, ocorrido no\u00a0bairro Aimor\u00e9s. <\/span><\/p>\n<p><span style=\"font-size: 14pt;\">Segundo informa\u00e7\u00f5es, ao realizarem um patrulhamento pelo bairro, os militares fizeram a abordagem de um motociclista, que ap\u00f3s consulta no sistema da PM, foi constatado que o ve\u00edculo, uma moto Honda CB 300 R, possu\u00eda uma ocorr\u00eancia de restri\u00e7\u00e3o de\u00a0furto ou roubo. <\/span><\/p>\n<p><span style=\"font-size: 14pt;\">De acordo com o registro, a moto havia sido furtada no ano de 2019 no munic\u00edpio capixaba de Aracruz. <\/span><\/p>\n<p><span style=\"font-size: 14pt;\">Al\u00e9m do ve\u00edculo apreendido, o condutor da moto tamb\u00e9m foi detido e encaminhado para a delegacia.<\/span><\/p>\n<p><a href=\"http:\/\/www.portalmantena.com.br\/novo\/\"><img loading=\"lazy\" class=\"alignnone size-full wp-image-37331\" src=\"http:\/\/www.portalmantena.com.br\/novo\/wp-content\/uploads\/2018\/05\/faixaportalnoticias5.jpg\" alt=\"\" width=\"700\" height=\"40\" srcset=\"http:\/\/www.portalmantena.com.br\/novo\/wp-content\/uploads\/2018\/05\/faixaportalnoticias5.jpg 700w, http:\/\/www.portalmantena.com.br\/novo\/wp-content\/uploads\/2018\/05\/faixaportalnoticias5-300x17.jpg 300w, http:\/\/www.portalmantena.com.br\/novo\/wp-content\/uploads\/2018\/05\/faixaportalnoticias5-696x40.jpg 696w\" sizes=\"(max-width: 700px) 100vw, 700px\" \/><\/a><\/p>\n<p><span style=\"font-size: 10pt;\">ESPA\u00c7O EMPRESARIAL<\/span><a href=\"http:\/\/www.molvw.com.br\/\"><img loading=\"lazy\" class=\"alignnone size-full wp-image-29504\" src=\"http:\/\/www.portalmantena.com.br\/novo\/wp-content\/uploads\/2018\/05\/molvolkswagen.jpg\" alt=\"\" width=\"700\" height=\"150\" srcset=\"http:\/\/www.portalmantena.com.br\/novo\/wp-content\/uploads\/2018\/05\/molvolkswagen.jpg 700w, http:\/\/www.portalmantena.com.br\/novo\/wp-content\/uploads\/2018\/05\/molvolkswagen-300x64.jpg 300w, http:\/\/www.portalmantena.com.br\/novo\/wp-content\/uploads\/2018\/05\/molvolkswagen-696x150.jpg 696w\" sizes=\"(max-width: 700px) 100vw, 700px\" \/><\/a><\/p>\n","protected":false},"excerpt":{"rendered":"<p>Policiais militares da cidade de S\u00e3o Gabriel da Palha, recuperaram na tarde da \u00faltima ter\u00e7a-feira dia 14 de Julho, uma motocicleta com restri\u00e7\u00e3o de furto ou roubo, ocorrido no\u00a0bairro Aimor\u00e9s. Segundo informa\u00e7\u00f5es, ao realizarem um patrulhamento pelo bairro, os militares fizeram a abordagem de um motociclista, que ap\u00f3s consulta no sistema da PM, foi constatado [&hellip;]<\/p>\n","protected":false},"author":1,"featured_media":62006,"comment_status":"open","ping_status":"open","sticky":false,"template":"","format":"standard","meta":[],"categories":[11,34],"tags":[],"_links":{"self":[{"href":"http:\/\/www.portalmantena.com.br\/novo\/index.php?rest_route=\/wp\/v2\/posts\/62005"}],"collection":[{"href":"http:\/\/www.portalmantena.com.br\/novo\/index.php?rest_route=\/wp\/v2\/posts"}],"about":[{"href":"http:\/\/www.portalmantena.com.br\/novo\/index.php?rest_route=\/wp\/v2\/types\/post"}],"author":[{"embeddable":true,"href":"http:\/\/www.portalmantena.com.br\/novo\/index.php?rest_route=\/wp\/v2\/users\/1"}],"replies":[{"embeddable":true,"href":"http:\/\/www.portalmantena.com.br\/novo\/index.php?rest_route=%2Fwp%2Fv2%2Fcomments&post=62005"}],"version-history":[{"count":1,"href":"http:\/\/www.portalmantena.com.br\/novo\/index.php?rest_route=\/wp\/v2\/posts\/62005\/revisions"}],"predecessor-version":[{"id":62007,"href":"http:\/\/www.portalmantena.com.br\/novo\/index.php?rest_route=\/wp\/v2\/posts\/62005\/revisions\/62007"}],"wp:featuredmedia":[{"embeddable":true,"href":"http:\/\/www.portalmantena.com.br\/novo\/index.php?rest_route=\/wp\/v2\/media\/62006"}],"wp:attachment":[{"href":"http:\/\/www.portalmantena.com.br\/novo\/index.php?rest_route=%2Fwp%2Fv2%2Fmedia&parent=62005"}],"wp:term":[{"taxonomy":"category","embeddable":true,"href":"http:\/\/www.portalmantena.com.br\/novo\/index.php?rest_route=%2Fwp%2Fv2%2Fcategories&post=62005"},{"taxonomy":"post_tag","embeddable":true,"href":"http:\/\/www.portalmantena.com.br\/novo\/index.php?rest_route=%2Fwp%2Fv2%2Ftags&post=62005"}],"curies":[{"name":"wp","href":"https:\/\/api.w.org\/{rel}","templated":true}]}}