{"id":61993,"date":"2020-07-19T04:38:10","date_gmt":"2020-07-19T07:38:10","guid":{"rendered":"http:\/\/www.portalmantena.com.br\/novo\/?p=61993"},"modified":"2020-07-20T09:56:27","modified_gmt":"2020-07-20T12:56:27","slug":"mantena-tera-um-centro-de-referencia-para-covid-19","status":"publish","type":"post","link":"http:\/\/www.portalmantena.com.br\/novo\/?p=61993","title":{"rendered":"Mantena ter\u00e1 um Centro de Refer\u00eancia para Covid 19"},"content":{"rendered":"<p><a href=\"http:\/\/www.portalmantena.com.br\/novo\/wp-content\/uploads\/2020\/07\/no160720covid6.jpg\"><img loading=\"lazy\" class=\"alignnone size-full wp-image-61994\" src=\"http:\/\/www.portalmantena.com.br\/novo\/wp-content\/uploads\/2020\/07\/no160720covid6.jpg\" alt=\"\" width=\"700\" height=\"450\" srcset=\"http:\/\/www.portalmantena.com.br\/novo\/wp-content\/uploads\/2020\/07\/no160720covid6.jpg 700w, http:\/\/www.portalmantena.com.br\/novo\/wp-content\/uploads\/2020\/07\/no160720covid6-300x193.jpg 300w, http:\/\/www.portalmantena.com.br\/novo\/wp-content\/uploads\/2020\/07\/no160720covid6-696x447.jpg 696w, http:\/\/www.portalmantena.com.br\/novo\/wp-content\/uploads\/2020\/07\/no160720covid6-653x420.jpg 653w\" sizes=\"(max-width: 700px) 100vw, 700px\" \/><\/a><\/p>\n<p><span style=\"font-size: 14pt;\">Uma boa not\u00edcia, relacionada ao Covid 19 no munic\u00edpio de Mantena, foi compartilhada pelo secret\u00e1rio municipal de sa\u00fade de Mantena, Sr. Ocimar Rufino, em uma Live publicada no site oficial da prefeitura no facebook na \u00faltima ter\u00e7a-feira dia 14 de Julho.\u00a0 <\/span><\/p>\n<p><span style=\"font-size: 14pt;\">De acordo com o secret\u00e1rio, Mantena ter\u00e1 a partir da pr\u00f3xima semana, um Centro de Refer\u00eancia para o tratamento de Covid 19, <strong><em>\u201ca partir da semana que vem, segunda-feira (20 de Julho), n\u00f3s estaremos montando um CENTRO DE REFER\u00caNCIA COVID, que ser\u00e1 um local onde todas as pessoas com S\u00edndrome Gripal, ser\u00e3o direcionadas para este Centro de Refer\u00eancia. <\/em><\/strong><\/span><\/p>\n<p><span style=\"font-size: 14pt;\"><strong><em>Este centro ter\u00e1 um atendimento de 8 da manh\u00e3 \u00e0s 19 horas, e todo mantenense com s\u00edndrome gripal dever\u00e1 que se direcionar para este PSF que ser\u00e1 o PSF do Santo Ant\u00f4nio (em frente ao Est\u00e1dio Municipal). Uma parte do PSF atender\u00e1 como PSF e a outra parte atender\u00e1 a S\u00edndrome Gripal\u201d<\/em><\/strong>, disse o secret\u00e1rio. <\/span><\/p>\n<p><span style=\"font-size: 14pt;\">A estrutura ser\u00e1 toda preparada para a recep\u00e7\u00e3o de pacientes e o tratamento, <strong><em>\u201cN\u00f3s montamos uma estrutura, com divis\u00f3ria, com \u00e1rea de isolamento, tudo para que a popula\u00e7\u00e3o, com suspeita de Covid, se direcione para l\u00e1. <\/em><\/strong><\/span><\/p>\n<p><span style=\"font-size: 14pt;\"><strong><em>L\u00e1 neste Centro de Refer\u00eancia, n\u00f3s iremos testar a pessoa, n\u00f3s vamos ofertar a medica\u00e7\u00e3o e o tratamento, direto ali no centro de atendimento. <\/em><\/strong><\/span><\/p>\n<p><span style=\"font-size: 14pt;\"><strong><em>Nenhum outro munic\u00edpio tem feito isso, n\u00f3s aqui em Mantena, o paciente chegou, faremos o tratamento precoce, pessoa j\u00e1 tem a s\u00edndrome gripal, j\u00e1 entra com o tratamento precoce, e com 10 dias, se ela positivou ou n\u00e3o, ela j\u00e1 teve o tratamento dela. Ent\u00e3o, o medicamento vai ser l\u00e1, n\u00f3s vamos disponibilizar um eletro l\u00e1 tamb\u00e9m. <\/em><\/strong><\/span><\/p>\n<p><span style=\"font-size: 14pt;\"><strong><em>L\u00e1 ter\u00e1 uma equipe de dois t\u00e9cnicos, um enfermeiro e um m\u00e9dico. Essa equipe j\u00e1 se reuniu, n\u00f3s fizemos um protocolo de tratamento, n\u00f3s vamos ofertar o eletro, para que a pessoa l\u00e1 na unidade fa\u00e7a o eletro, e se for preciso entra o tratamento com hidroxicloroquina e se ela tiver alguma altera\u00e7\u00e3o alguma altera\u00e7\u00e3o no eletro, suspende o tratamento com hidroxicloroquina e mant\u00e9m os demais. <\/em><\/strong><\/span><\/p>\n<p><span style=\"font-size: 14pt;\"><strong><em>A testagem tamb\u00e9m vai ser l\u00e1, tudo que envolve o covid 19 ser\u00e1 neste centro.<\/em><\/strong><\/span><\/p>\n<p><span style=\"font-size: 14pt;\"><strong><em> Este centro de refer\u00eancia ele vem ai mesmo para que tudo relacionado ao Covid, desde a consulta, o eletro, o tratamento, a testagem, ela seja direcionada em um \u00fanico lugar.<\/em><\/strong><\/span><\/p>\n<p><span style=\"font-size: 14pt;\"><strong><em>&#8230; n\u00f3s fizemos este centro de refer\u00eancia para padronizar o tratamento do paciente e qualquer um tipo de rea\u00e7\u00e3o adversa que este paciente tiver, ele vai procurar o centro de refer\u00eancia que l\u00e1 iremos conseguir diagnosticar\u201d<\/em><\/strong>, concluiu o secret\u00e1rio.<\/span><\/p>\n<p><a href=\"http:\/\/www.portalmantena.com.br\/novo\/\"><img loading=\"lazy\" class=\"alignnone size-full wp-image-37331\" src=\"http:\/\/www.portalmantena.com.br\/novo\/wp-content\/uploads\/2018\/05\/faixaportalnoticias5.jpg\" alt=\"\" width=\"700\" height=\"40\" srcset=\"http:\/\/www.portalmantena.com.br\/novo\/wp-content\/uploads\/2018\/05\/faixaportalnoticias5.jpg 700w, http:\/\/www.portalmantena.com.br\/novo\/wp-content\/uploads\/2018\/05\/faixaportalnoticias5-300x17.jpg 300w, http:\/\/www.portalmantena.com.br\/novo\/wp-content\/uploads\/2018\/05\/faixaportalnoticias5-696x40.jpg 696w\" sizes=\"(max-width: 700px) 100vw, 700px\" \/><\/a><\/p>\n<p><span style=\"font-size: 10pt;\">ESPA\u00c7O EMPRESARIAL<\/span><a href=\"http:\/\/www.portalmantena.com.br\/novo\/?p=53568\"><img loading=\"lazy\" class=\"alignnone size-full wp-image-54066\" src=\"http:\/\/www.portalmantena.com.br\/novo\/wp-content\/uploads\/2018\/05\/valenteapp.jpg\" alt=\"\" width=\"700\" height=\"150\" srcset=\"http:\/\/www.portalmantena.com.br\/novo\/wp-content\/uploads\/2018\/05\/valenteapp.jpg 700w, http:\/\/www.portalmantena.com.br\/novo\/wp-content\/uploads\/2018\/05\/valenteapp-300x64.jpg 300w, http:\/\/www.portalmantena.com.br\/novo\/wp-content\/uploads\/2018\/05\/valenteapp-696x150.jpg 696w\" sizes=\"(max-width: 700px) 100vw, 700px\" \/><\/a><\/p>\n","protected":false},"excerpt":{"rendered":"<p>Uma boa not\u00edcia, relacionada ao Covid 19 no munic\u00edpio de Mantena, foi compartilhada pelo secret\u00e1rio municipal de sa\u00fade de Mantena, Sr. Ocimar Rufino, em uma Live publicada no site oficial da prefeitura no facebook na \u00faltima ter\u00e7a-feira dia 14 de Julho.\u00a0 De acordo com o secret\u00e1rio, Mantena ter\u00e1 a partir da pr\u00f3xima semana, um Centro [&hellip;]<\/p>\n","protected":false},"author":1,"featured_media":61994,"comment_status":"open","ping_status":"open","sticky":false,"template":"","format":"standard","meta":[],"categories":[69],"tags":[],"_links":{"self":[{"href":"http:\/\/www.portalmantena.com.br\/novo\/index.php?rest_route=\/wp\/v2\/posts\/61993"}],"collection":[{"href":"http:\/\/www.portalmantena.com.br\/novo\/index.php?rest_route=\/wp\/v2\/posts"}],"about":[{"href":"http:\/\/www.portalmantena.com.br\/novo\/index.php?rest_route=\/wp\/v2\/types\/post"}],"author":[{"embeddable":true,"href":"http:\/\/www.portalmantena.com.br\/novo\/index.php?rest_route=\/wp\/v2\/users\/1"}],"replies":[{"embeddable":true,"href":"http:\/\/www.portalmantena.com.br\/novo\/index.php?rest_route=%2Fwp%2Fv2%2Fcomments&post=61993"}],"version-history":[{"count":1,"href":"http:\/\/www.portalmantena.com.br\/novo\/index.php?rest_route=\/wp\/v2\/posts\/61993\/revisions"}],"predecessor-version":[{"id":61995,"href":"http:\/\/www.portalmantena.com.br\/novo\/index.php?rest_route=\/wp\/v2\/posts\/61993\/revisions\/61995"}],"wp:featuredmedia":[{"embeddable":true,"href":"http:\/\/www.portalmantena.com.br\/novo\/index.php?rest_route=\/wp\/v2\/media\/61994"}],"wp:attachment":[{"href":"http:\/\/www.portalmantena.com.br\/novo\/index.php?rest_route=%2Fwp%2Fv2%2Fmedia&parent=61993"}],"wp:term":[{"taxonomy":"category","embeddable":true,"href":"http:\/\/www.portalmantena.com.br\/novo\/index.php?rest_route=%2Fwp%2Fv2%2Fcategories&post=61993"},{"taxonomy":"post_tag","embeddable":true,"href":"http:\/\/www.portalmantena.com.br\/novo\/index.php?rest_route=%2Fwp%2Fv2%2Ftags&post=61993"}],"curies":[{"name":"wp","href":"https:\/\/api.w.org\/{rel}","templated":true}]}}