{"id":61948,"date":"2020-07-15T03:37:03","date_gmt":"2020-07-15T06:37:03","guid":{"rendered":"http:\/\/www.portalmantena.com.br\/novo\/?p=61948"},"modified":"2020-07-14T13:45:03","modified_gmt":"2020-07-14T16:45:03","slug":"nbe-homem-com-arma-e-detido-apos-desentendimento","status":"publish","type":"post","link":"http:\/\/www.portalmantena.com.br\/novo\/?p=61948","title":{"rendered":"NBE: Homem com arma \u00e9 detido ap\u00f3s desentendimento"},"content":{"rendered":"<p><a href=\"http:\/\/www.portalmantena.com.br\/novo\/wp-content\/uploads\/2020\/07\/no140720arma.jpg\"><img loading=\"lazy\" class=\"alignnone size-full wp-image-61949\" src=\"http:\/\/www.portalmantena.com.br\/novo\/wp-content\/uploads\/2020\/07\/no140720arma.jpg\" alt=\"\" width=\"700\" height=\"450\" srcset=\"http:\/\/www.portalmantena.com.br\/novo\/wp-content\/uploads\/2020\/07\/no140720arma.jpg 700w, http:\/\/www.portalmantena.com.br\/novo\/wp-content\/uploads\/2020\/07\/no140720arma-300x193.jpg 300w, http:\/\/www.portalmantena.com.br\/novo\/wp-content\/uploads\/2020\/07\/no140720arma-696x447.jpg 696w, http:\/\/www.portalmantena.com.br\/novo\/wp-content\/uploads\/2020\/07\/no140720arma-653x420.jpg 653w\" sizes=\"(max-width: 700px) 100vw, 700px\" \/><\/a><\/p>\n<p><span style=\"font-size: 14pt;\">Na tarde do \u00faltimo domingo dia 12 de Julho, os policiais militares, Sargento Marcos e Cabo Costa, foram acionados em fun\u00e7\u00e3o de um atrito verbal que estava acontecendo no C\u00f3rrego Rio Pretinho, munic\u00edpio de Nova Bel\u00e9m. <\/span><\/p>\n<p><span style=\"font-size: 14pt;\">No local os policiais foram informados que um homem envolvido no atrito teria evadido do local ao perceber a chegada da viatura policial.<\/span><\/p>\n<p><span style=\"font-size: 18pt;\"><strong> De imediato os policiais sa\u00edram no encal\u00e7o do ve\u00edculo, abordando-o. <\/strong><\/span><\/p>\n<p><span style=\"font-size: 14pt;\">Ap\u00f3s busca no ve\u00edculo foi localizado um revolver calibre .32 municiado com quatro cartuchos, uma espingarda de press\u00e3o e um fac\u00e3o, que acabaram apreendidos pela PM. <\/span><\/p>\n<p><span style=\"font-size: 14pt;\">O propriet\u00e1rio do ve\u00edculo foi preso por porte ilegal de arma de fogo, sendo apresentado, juntamente com as armas ao Delegado de Pol\u00edcia Civil\/Governador Valadares. (Fonte\/foto:PMMG).<\/span><\/p>\n<p><a href=\"http:\/\/www.portalmantena.com.br\/novo\/\"><img loading=\"lazy\" class=\"alignnone size-full wp-image-37331\" src=\"http:\/\/www.portalmantena.com.br\/novo\/wp-content\/uploads\/2018\/05\/faixaportalnoticias5.jpg\" alt=\"\" width=\"700\" height=\"40\" srcset=\"http:\/\/www.portalmantena.com.br\/novo\/wp-content\/uploads\/2018\/05\/faixaportalnoticias5.jpg 700w, http:\/\/www.portalmantena.com.br\/novo\/wp-content\/uploads\/2018\/05\/faixaportalnoticias5-300x17.jpg 300w, http:\/\/www.portalmantena.com.br\/novo\/wp-content\/uploads\/2018\/05\/faixaportalnoticias5-696x40.jpg 696w\" sizes=\"(max-width: 700px) 100vw, 700px\" \/><\/a><\/p>\n<p><span style=\"font-size: 10pt;\">ESPA\u00c7O EMPRESARIAL<\/span><a href=\"https:\/\/www.facebook.com\/profile.php?id=100004934627949&amp;fref=ts\"><img loading=\"lazy\" class=\"alignnone size-full wp-image-59752\" src=\"http:\/\/www.portalmantena.com.br\/novo\/wp-content\/uploads\/2018\/05\/print150420.jpg\" alt=\"\" width=\"700\" height=\"150\" srcset=\"http:\/\/www.portalmantena.com.br\/novo\/wp-content\/uploads\/2018\/05\/print150420.jpg 700w, http:\/\/www.portalmantena.com.br\/novo\/wp-content\/uploads\/2018\/05\/print150420-300x64.jpg 300w, http:\/\/www.portalmantena.com.br\/novo\/wp-content\/uploads\/2018\/05\/print150420-696x150.jpg 696w\" sizes=\"(max-width: 700px) 100vw, 700px\" \/><\/a><\/p>\n","protected":false},"excerpt":{"rendered":"<p>Na tarde do \u00faltimo domingo dia 12 de Julho, os policiais militares, Sargento Marcos e Cabo Costa, foram acionados em fun\u00e7\u00e3o de um atrito verbal que estava acontecendo no C\u00f3rrego Rio Pretinho, munic\u00edpio de Nova Bel\u00e9m. No local os policiais foram informados que um homem envolvido no atrito teria evadido do local ao perceber a [&hellip;]<\/p>\n","protected":false},"author":1,"featured_media":61949,"comment_status":"open","ping_status":"open","sticky":false,"template":"","format":"standard","meta":[],"categories":[11,34],"tags":[],"_links":{"self":[{"href":"http:\/\/www.portalmantena.com.br\/novo\/index.php?rest_route=\/wp\/v2\/posts\/61948"}],"collection":[{"href":"http:\/\/www.portalmantena.com.br\/novo\/index.php?rest_route=\/wp\/v2\/posts"}],"about":[{"href":"http:\/\/www.portalmantena.com.br\/novo\/index.php?rest_route=\/wp\/v2\/types\/post"}],"author":[{"embeddable":true,"href":"http:\/\/www.portalmantena.com.br\/novo\/index.php?rest_route=\/wp\/v2\/users\/1"}],"replies":[{"embeddable":true,"href":"http:\/\/www.portalmantena.com.br\/novo\/index.php?rest_route=%2Fwp%2Fv2%2Fcomments&post=61948"}],"version-history":[{"count":1,"href":"http:\/\/www.portalmantena.com.br\/novo\/index.php?rest_route=\/wp\/v2\/posts\/61948\/revisions"}],"predecessor-version":[{"id":61950,"href":"http:\/\/www.portalmantena.com.br\/novo\/index.php?rest_route=\/wp\/v2\/posts\/61948\/revisions\/61950"}],"wp:featuredmedia":[{"embeddable":true,"href":"http:\/\/www.portalmantena.com.br\/novo\/index.php?rest_route=\/wp\/v2\/media\/61949"}],"wp:attachment":[{"href":"http:\/\/www.portalmantena.com.br\/novo\/index.php?rest_route=%2Fwp%2Fv2%2Fmedia&parent=61948"}],"wp:term":[{"taxonomy":"category","embeddable":true,"href":"http:\/\/www.portalmantena.com.br\/novo\/index.php?rest_route=%2Fwp%2Fv2%2Fcategories&post=61948"},{"taxonomy":"post_tag","embeddable":true,"href":"http:\/\/www.portalmantena.com.br\/novo\/index.php?rest_route=%2Fwp%2Fv2%2Ftags&post=61948"}],"curies":[{"name":"wp","href":"https:\/\/api.w.org\/{rel}","templated":true}]}}