{"id":61734,"date":"2020-07-06T08:58:07","date_gmt":"2020-07-06T11:58:07","guid":{"rendered":"http:\/\/www.portalmantena.com.br\/novo\/?p=61734"},"modified":"2020-07-06T08:58:07","modified_gmt":"2020-07-06T11:58:07","slug":"veiculo-capotou-apos-aquaplanagem-em-rodovia","status":"publish","type":"post","link":"http:\/\/www.portalmantena.com.br\/novo\/?p=61734","title":{"rendered":"Ve\u00edculo capotou ap\u00f3s aquaplanagem em rodovia"},"content":{"rendered":"<p><a href=\"http:\/\/www.portalmantena.com.br\/novo\/wp-content\/uploads\/2020\/07\/no060720aci3.jpg\"><img loading=\"lazy\" class=\"alignnone size-full wp-image-61735\" src=\"http:\/\/www.portalmantena.com.br\/novo\/wp-content\/uploads\/2020\/07\/no060720aci3.jpg\" alt=\"\" width=\"700\" height=\"450\" srcset=\"http:\/\/www.portalmantena.com.br\/novo\/wp-content\/uploads\/2020\/07\/no060720aci3.jpg 700w, http:\/\/www.portalmantena.com.br\/novo\/wp-content\/uploads\/2020\/07\/no060720aci3-300x193.jpg 300w, http:\/\/www.portalmantena.com.br\/novo\/wp-content\/uploads\/2020\/07\/no060720aci3-696x447.jpg 696w, http:\/\/www.portalmantena.com.br\/novo\/wp-content\/uploads\/2020\/07\/no060720aci3-653x420.jpg 653w\" sizes=\"(max-width: 700px) 100vw, 700px\" \/><\/a><span style=\"font-size: 10pt;\">Fotos:noticiasnoleste<\/span><\/p>\n<p><span style=\"font-size: 14pt;\">Mais um acidente de tr\u00e2nsito foi registrado na \u00faltima sexta-feira dia 03 de Julho, na BR 259 no km 08, desta vez pr\u00f3ximo \u00e0 cidade de Aimor\u00e9s. <\/span><\/p>\n<p><span style=\"font-size: 14pt;\">Segundo informa\u00e7\u00f5es, o condutor relatou aos militares que chovia muito no momento, e seu ve\u00edculo acabou aquaplanando, quando perdeu o controle e capotou. <\/span><\/p>\n<p><span style=\"font-size: 18pt;\"><strong>Ele teve pequenos ferimentos e escoria\u00e7\u00f5es assim como a passageira.<\/strong><\/span><\/p>\n<p><span style=\"font-size: 14pt;\"> O ve\u00edculo chegou a interromper o tr\u00e2nsito por um breve momento, mas foi rapidamente liberado. (fonte\/foto:noticiasnoleste).<\/span><\/p>\n<p><a href=\"http:\/\/www.portalmantena.com.br\/novo\/wp-content\/uploads\/2020\/07\/no060720aci4.jpg\"><img loading=\"lazy\" class=\"alignnone size-full wp-image-61736\" src=\"http:\/\/www.portalmantena.com.br\/novo\/wp-content\/uploads\/2020\/07\/no060720aci4.jpg\" alt=\"\" width=\"700\" height=\"450\" srcset=\"http:\/\/www.portalmantena.com.br\/novo\/wp-content\/uploads\/2020\/07\/no060720aci4.jpg 700w, http:\/\/www.portalmantena.com.br\/novo\/wp-content\/uploads\/2020\/07\/no060720aci4-300x193.jpg 300w, http:\/\/www.portalmantena.com.br\/novo\/wp-content\/uploads\/2020\/07\/no060720aci4-696x447.jpg 696w, http:\/\/www.portalmantena.com.br\/novo\/wp-content\/uploads\/2020\/07\/no060720aci4-653x420.jpg 653w\" sizes=\"(max-width: 700px) 100vw, 700px\" \/><\/a><a href=\"http:\/\/www.portalmantena.com.br\/novo\/\"><img loading=\"lazy\" class=\"alignnone size-full wp-image-37331\" src=\"http:\/\/www.portalmantena.com.br\/novo\/wp-content\/uploads\/2018\/05\/faixaportalnoticias5.jpg\" alt=\"\" width=\"700\" height=\"40\" srcset=\"http:\/\/www.portalmantena.com.br\/novo\/wp-content\/uploads\/2018\/05\/faixaportalnoticias5.jpg 700w, http:\/\/www.portalmantena.com.br\/novo\/wp-content\/uploads\/2018\/05\/faixaportalnoticias5-300x17.jpg 300w, http:\/\/www.portalmantena.com.br\/novo\/wp-content\/uploads\/2018\/05\/faixaportalnoticias5-696x40.jpg 696w\" sizes=\"(max-width: 700px) 100vw, 700px\" \/><\/a><\/p>\n<p><span style=\"font-size: 10pt;\">ESPA\u00c7O EMPRESARIAL<\/span><a href=\"http:\/\/www.temposolar.com.br\/\"><img loading=\"lazy\" class=\"alignnone size-full wp-image-44084\" src=\"http:\/\/www.portalmantena.com.br\/novo\/wp-content\/uploads\/2018\/05\/temposolarbb.jpg\" alt=\"\" width=\"700\" height=\"150\" srcset=\"http:\/\/www.portalmantena.com.br\/novo\/wp-content\/uploads\/2018\/05\/temposolarbb.jpg 700w, http:\/\/www.portalmantena.com.br\/novo\/wp-content\/uploads\/2018\/05\/temposolarbb-300x64.jpg 300w, http:\/\/www.portalmantena.com.br\/novo\/wp-content\/uploads\/2018\/05\/temposolarbb-696x150.jpg 696w\" sizes=\"(max-width: 700px) 100vw, 700px\" \/><\/a><\/p>\n","protected":false},"excerpt":{"rendered":"<p>Fotos:noticiasnoleste Mais um acidente de tr\u00e2nsito foi registrado na \u00faltima sexta-feira dia 03 de Julho, na BR 259 no km 08, desta vez pr\u00f3ximo \u00e0 cidade de Aimor\u00e9s. Segundo informa\u00e7\u00f5es, o condutor relatou aos militares que chovia muito no momento, e seu ve\u00edculo acabou aquaplanando, quando perdeu o controle e capotou. Ele teve pequenos ferimentos [&hellip;]<\/p>\n","protected":false},"author":1,"featured_media":61736,"comment_status":"open","ping_status":"open","sticky":false,"template":"","format":"standard","meta":[],"categories":[11,39],"tags":[],"_links":{"self":[{"href":"http:\/\/www.portalmantena.com.br\/novo\/index.php?rest_route=\/wp\/v2\/posts\/61734"}],"collection":[{"href":"http:\/\/www.portalmantena.com.br\/novo\/index.php?rest_route=\/wp\/v2\/posts"}],"about":[{"href":"http:\/\/www.portalmantena.com.br\/novo\/index.php?rest_route=\/wp\/v2\/types\/post"}],"author":[{"embeddable":true,"href":"http:\/\/www.portalmantena.com.br\/novo\/index.php?rest_route=\/wp\/v2\/users\/1"}],"replies":[{"embeddable":true,"href":"http:\/\/www.portalmantena.com.br\/novo\/index.php?rest_route=%2Fwp%2Fv2%2Fcomments&post=61734"}],"version-history":[{"count":1,"href":"http:\/\/www.portalmantena.com.br\/novo\/index.php?rest_route=\/wp\/v2\/posts\/61734\/revisions"}],"predecessor-version":[{"id":61737,"href":"http:\/\/www.portalmantena.com.br\/novo\/index.php?rest_route=\/wp\/v2\/posts\/61734\/revisions\/61737"}],"wp:featuredmedia":[{"embeddable":true,"href":"http:\/\/www.portalmantena.com.br\/novo\/index.php?rest_route=\/wp\/v2\/media\/61736"}],"wp:attachment":[{"href":"http:\/\/www.portalmantena.com.br\/novo\/index.php?rest_route=%2Fwp%2Fv2%2Fmedia&parent=61734"}],"wp:term":[{"taxonomy":"category","embeddable":true,"href":"http:\/\/www.portalmantena.com.br\/novo\/index.php?rest_route=%2Fwp%2Fv2%2Fcategories&post=61734"},{"taxonomy":"post_tag","embeddable":true,"href":"http:\/\/www.portalmantena.com.br\/novo\/index.php?rest_route=%2Fwp%2Fv2%2Ftags&post=61734"}],"curies":[{"name":"wp","href":"https:\/\/api.w.org\/{rel}","templated":true}]}}