{"id":61703,"date":"2020-07-02T13:31:41","date_gmt":"2020-07-02T16:31:41","guid":{"rendered":"http:\/\/www.portalmantena.com.br\/novo\/?p=61703"},"modified":"2020-07-02T13:31:41","modified_gmt":"2020-07-02T16:31:41","slug":"mantena-vereadores-prestigiam-inauguracao-do-psf-de-limeira","status":"publish","type":"post","link":"http:\/\/www.portalmantena.com.br\/novo\/?p=61703","title":{"rendered":"Mantena: Vereadores prestigiam inaugura\u00e7\u00e3o do PSF de Limeira"},"content":{"rendered":"<p><a href=\"http:\/\/www.portalmantena.com.br\/novo\/wp-content\/uploads\/2020\/07\/no020720psf1.jpg\"><img loading=\"lazy\" class=\"alignnone size-full wp-image-61704\" src=\"http:\/\/www.portalmantena.com.br\/novo\/wp-content\/uploads\/2020\/07\/no020720psf1.jpg\" alt=\"\" width=\"700\" height=\"450\" srcset=\"http:\/\/www.portalmantena.com.br\/novo\/wp-content\/uploads\/2020\/07\/no020720psf1.jpg 700w, http:\/\/www.portalmantena.com.br\/novo\/wp-content\/uploads\/2020\/07\/no020720psf1-300x193.jpg 300w, http:\/\/www.portalmantena.com.br\/novo\/wp-content\/uploads\/2020\/07\/no020720psf1-696x447.jpg 696w, http:\/\/www.portalmantena.com.br\/novo\/wp-content\/uploads\/2020\/07\/no020720psf1-653x420.jpg 653w\" sizes=\"(max-width: 700px) 100vw, 700px\" \/><\/a><\/p>\n<p><span style=\"font-size: 14pt;\">Vereadores do munic\u00edpio de Mantena, prestigiaram no \u00faltimo dia 25 de Junho, no distrito de Limeira, da inaugura\u00e7\u00e3o da reforma e amplia\u00e7\u00e3o do PSF Jo\u00e3o Ferreira da Rocha, que atende a popula\u00e7\u00e3o local. <\/span><\/p>\n<p><span style=\"font-size: 14pt;\">Uma obra de fundamental import\u00e2ncia para os moradores e principalmente para a enfermeira respons\u00e1vel \u00c2ngela Vinhal e sua equipe. <\/span><\/p>\n<p><span style=\"font-size: 14pt;\">A presen\u00e7a do Presidente da C\u00e2mara o Sr. Genivaldo Assis , do vice-presidente Rob\u00e9rio do Sindicato e dos vereadores Sargento Ricardo e Jonas Emiliano representando o Legislativo demonstrou o apoio e a sintonia existente entre os poderes legislativo e executivo uma uni\u00e3o muito valorizada pelo presidente da Casa que faz quest\u00e3o em comparecer e participar efetivamente das conquistas do Munic\u00edpio. <\/span><\/p>\n<p><span style=\"font-size: 14pt;\">Em um gesto de muita gratid\u00e3o, a enfermeira \u00c2ngela Vinhal, coordenadora do PSF, ressaltou sua alegria e seu contentamento em estar \u00e0 frente de uma equipe que tem sido zelosa e que vem realizando um trabalho de excel\u00eancia no distrito. <\/span><\/p>\n<p><span style=\"font-size: 14pt;\">Momento especial no descerramento da placa em homenagem ao senhor Jo\u00e3o Ferreira da Rocha, onde sua esposa Dona Silvia, de 100 anos, fez quest\u00e3o de estar presente junto de parte da fam\u00edlia, onde agradeceu o carinho da administra\u00e7\u00e3o com o nome do seu querido esposo. (fonte\/fotos:c\u00e2maramunicipal).<\/span><\/p>\n<p><a href=\"http:\/\/www.portalmantena.com.br\/novo\/wp-content\/uploads\/2020\/07\/no020720psf2.jpg\"><img loading=\"lazy\" class=\"alignnone size-full wp-image-61705\" src=\"http:\/\/www.portalmantena.com.br\/novo\/wp-content\/uploads\/2020\/07\/no020720psf2.jpg\" alt=\"\" width=\"700\" height=\"450\" srcset=\"http:\/\/www.portalmantena.com.br\/novo\/wp-content\/uploads\/2020\/07\/no020720psf2.jpg 700w, http:\/\/www.portalmantena.com.br\/novo\/wp-content\/uploads\/2020\/07\/no020720psf2-300x193.jpg 300w, http:\/\/www.portalmantena.com.br\/novo\/wp-content\/uploads\/2020\/07\/no020720psf2-696x447.jpg 696w, http:\/\/www.portalmantena.com.br\/novo\/wp-content\/uploads\/2020\/07\/no020720psf2-653x420.jpg 653w\" sizes=\"(max-width: 700px) 100vw, 700px\" \/><\/a> <a href=\"http:\/\/www.portalmantena.com.br\/novo\/wp-content\/uploads\/2020\/07\/no020720psf3.jpg\"><img loading=\"lazy\" class=\"alignnone size-full wp-image-61706\" src=\"http:\/\/www.portalmantena.com.br\/novo\/wp-content\/uploads\/2020\/07\/no020720psf3.jpg\" alt=\"\" width=\"700\" height=\"450\" srcset=\"http:\/\/www.portalmantena.com.br\/novo\/wp-content\/uploads\/2020\/07\/no020720psf3.jpg 700w, http:\/\/www.portalmantena.com.br\/novo\/wp-content\/uploads\/2020\/07\/no020720psf3-300x193.jpg 300w, http:\/\/www.portalmantena.com.br\/novo\/wp-content\/uploads\/2020\/07\/no020720psf3-696x447.jpg 696w, http:\/\/www.portalmantena.com.br\/novo\/wp-content\/uploads\/2020\/07\/no020720psf3-653x420.jpg 653w\" sizes=\"(max-width: 700px) 100vw, 700px\" \/><\/a> <a href=\"http:\/\/www.portalmantena.com.br\/novo\/wp-content\/uploads\/2020\/07\/no020720psf4.jpg\"><img loading=\"lazy\" class=\"alignnone size-full wp-image-61707\" src=\"http:\/\/www.portalmantena.com.br\/novo\/wp-content\/uploads\/2020\/07\/no020720psf4.jpg\" alt=\"\" width=\"700\" height=\"450\" srcset=\"http:\/\/www.portalmantena.com.br\/novo\/wp-content\/uploads\/2020\/07\/no020720psf4.jpg 700w, http:\/\/www.portalmantena.com.br\/novo\/wp-content\/uploads\/2020\/07\/no020720psf4-300x193.jpg 300w, http:\/\/www.portalmantena.com.br\/novo\/wp-content\/uploads\/2020\/07\/no020720psf4-696x447.jpg 696w, http:\/\/www.portalmantena.com.br\/novo\/wp-content\/uploads\/2020\/07\/no020720psf4-653x420.jpg 653w\" sizes=\"(max-width: 700px) 100vw, 700px\" \/><\/a><a href=\"http:\/\/www.portalmantena.com.br\/novo\/\"><img loading=\"lazy\" class=\"alignnone size-full wp-image-37331\" src=\"http:\/\/www.portalmantena.com.br\/novo\/wp-content\/uploads\/2018\/05\/faixaportalnoticias5.jpg\" alt=\"\" width=\"700\" height=\"40\" srcset=\"http:\/\/www.portalmantena.com.br\/novo\/wp-content\/uploads\/2018\/05\/faixaportalnoticias5.jpg 700w, http:\/\/www.portalmantena.com.br\/novo\/wp-content\/uploads\/2018\/05\/faixaportalnoticias5-300x17.jpg 300w, http:\/\/www.portalmantena.com.br\/novo\/wp-content\/uploads\/2018\/05\/faixaportalnoticias5-696x40.jpg 696w\" sizes=\"(max-width: 700px) 100vw, 700px\" \/><\/a><\/p>\n<p><span style=\"font-size: 10pt;\">ESPA\u00c7O EMPRESARIAL<\/span><a href=\"https:\/\/www.facebook.com\/academiaminasfitoficial\/\"><img loading=\"lazy\" class=\"alignnone size-full wp-image-47320\" src=\"http:\/\/www.portalmantena.com.br\/novo\/wp-content\/uploads\/2018\/05\/minasfitmm.jpg\" alt=\"\" width=\"700\" height=\"150\" srcset=\"http:\/\/www.portalmantena.com.br\/novo\/wp-content\/uploads\/2018\/05\/minasfitmm.jpg 700w, http:\/\/www.portalmantena.com.br\/novo\/wp-content\/uploads\/2018\/05\/minasfitmm-300x64.jpg 300w, http:\/\/www.portalmantena.com.br\/novo\/wp-content\/uploads\/2018\/05\/minasfitmm-696x150.jpg 696w\" sizes=\"(max-width: 700px) 100vw, 700px\" \/><\/a><\/p>\n","protected":false},"excerpt":{"rendered":"<p>Vereadores do munic\u00edpio de Mantena, prestigiaram no \u00faltimo dia 25 de Junho, no distrito de Limeira, da inaugura\u00e7\u00e3o da reforma e amplia\u00e7\u00e3o do PSF Jo\u00e3o Ferreira da Rocha, que atende a popula\u00e7\u00e3o local. Uma obra de fundamental import\u00e2ncia para os moradores e principalmente para a enfermeira respons\u00e1vel \u00c2ngela Vinhal e sua equipe. A presen\u00e7a do [&hellip;]<\/p>\n","protected":false},"author":1,"featured_media":61707,"comment_status":"open","ping_status":"open","sticky":false,"template":"","format":"standard","meta":[],"categories":[81,11],"tags":[],"_links":{"self":[{"href":"http:\/\/www.portalmantena.com.br\/novo\/index.php?rest_route=\/wp\/v2\/posts\/61703"}],"collection":[{"href":"http:\/\/www.portalmantena.com.br\/novo\/index.php?rest_route=\/wp\/v2\/posts"}],"about":[{"href":"http:\/\/www.portalmantena.com.br\/novo\/index.php?rest_route=\/wp\/v2\/types\/post"}],"author":[{"embeddable":true,"href":"http:\/\/www.portalmantena.com.br\/novo\/index.php?rest_route=\/wp\/v2\/users\/1"}],"replies":[{"embeddable":true,"href":"http:\/\/www.portalmantena.com.br\/novo\/index.php?rest_route=%2Fwp%2Fv2%2Fcomments&post=61703"}],"version-history":[{"count":1,"href":"http:\/\/www.portalmantena.com.br\/novo\/index.php?rest_route=\/wp\/v2\/posts\/61703\/revisions"}],"predecessor-version":[{"id":61708,"href":"http:\/\/www.portalmantena.com.br\/novo\/index.php?rest_route=\/wp\/v2\/posts\/61703\/revisions\/61708"}],"wp:featuredmedia":[{"embeddable":true,"href":"http:\/\/www.portalmantena.com.br\/novo\/index.php?rest_route=\/wp\/v2\/media\/61707"}],"wp:attachment":[{"href":"http:\/\/www.portalmantena.com.br\/novo\/index.php?rest_route=%2Fwp%2Fv2%2Fmedia&parent=61703"}],"wp:term":[{"taxonomy":"category","embeddable":true,"href":"http:\/\/www.portalmantena.com.br\/novo\/index.php?rest_route=%2Fwp%2Fv2%2Fcategories&post=61703"},{"taxonomy":"post_tag","embeddable":true,"href":"http:\/\/www.portalmantena.com.br\/novo\/index.php?rest_route=%2Fwp%2Fv2%2Ftags&post=61703"}],"curies":[{"name":"wp","href":"https:\/\/api.w.org\/{rel}","templated":true}]}}