{"id":61692,"date":"2020-07-02T11:05:45","date_gmt":"2020-07-02T14:05:45","guid":{"rendered":"http:\/\/www.portalmantena.com.br\/novo\/?p=61692"},"modified":"2020-07-22T14:40:59","modified_gmt":"2020-07-22T17:40:59","slug":"luciano-braganca-comemorando-mais-um-aniversario","status":"publish","type":"post","link":"http:\/\/www.portalmantena.com.br\/novo\/?p=61692","title":{"rendered":"Luciano Bragan\u00e7a comemorando mais um Anivers\u00e1rio"},"content":{"rendered":"<p><a href=\"http:\/\/www.portalmantena.com.br\/novo\/wp-content\/uploads\/2020\/07\/vi020720aguida.jpg\"><img loading=\"lazy\" class=\"alignnone size-full wp-image-61693\" src=\"http:\/\/www.portalmantena.com.br\/novo\/wp-content\/uploads\/2020\/07\/vi020720aguida.jpg\" alt=\"\" width=\"700\" height=\"450\" srcset=\"http:\/\/www.portalmantena.com.br\/novo\/wp-content\/uploads\/2020\/07\/vi020720aguida.jpg 700w, http:\/\/www.portalmantena.com.br\/novo\/wp-content\/uploads\/2020\/07\/vi020720aguida-300x193.jpg 300w, http:\/\/www.portalmantena.com.br\/novo\/wp-content\/uploads\/2020\/07\/vi020720aguida-696x447.jpg 696w, http:\/\/www.portalmantena.com.br\/novo\/wp-content\/uploads\/2020\/07\/vi020720aguida-653x420.jpg 653w\" sizes=\"(max-width: 700px) 100vw, 700px\" \/><\/a><\/p>\n<p><span style=\"font-size: 14pt;\">Quem soprou velinhas nesta quarta-feira dia 1\u00ba de Julho foi o nosso amigo, o mantenense Luciano Bragan\u00e7a. <\/span><\/p>\n<p><span style=\"font-size: 14pt;\">Cercado pelo carinho dos pais, a mam\u00e3e Aguida foi quem levou aquele delicioso bolo no caf\u00e9 da tarde, para este momento de comemora\u00e7\u00e3o.<\/span><\/p>\n<p><span style=\"font-size: 14pt;\"> Parab\u00e9ns Luciano, desejamos muitas e muitas felicidades, muitos anos de vida, sa\u00fade, paz e sucesso. Pedimos ao nosso Deus que continue aben\u00e7oando sua vida, bem como de toda fam\u00edlia.<\/span><\/p>\n<p><a href=\"http:\/\/www.portalmantena.com.br\/novo\/\"><img loading=\"lazy\" class=\"alignnone size-full wp-image-37296\" src=\"http:\/\/www.portalmantena.com.br\/novo\/wp-content\/uploads\/2018\/05\/faixavitrine2.jpg\" alt=\"\" width=\"700\" height=\"40\" srcset=\"http:\/\/www.portalmantena.com.br\/novo\/wp-content\/uploads\/2018\/05\/faixavitrine2.jpg 700w, http:\/\/www.portalmantena.com.br\/novo\/wp-content\/uploads\/2018\/05\/faixavitrine2-300x17.jpg 300w, http:\/\/www.portalmantena.com.br\/novo\/wp-content\/uploads\/2018\/05\/faixavitrine2-696x40.jpg 696w\" sizes=\"(max-width: 700px) 100vw, 700px\" \/><\/a><\/p>\n<p><span style=\"font-size: 10pt;\">ESPA\u00c7O EMPRESARIAL<\/span><a href=\"https:\/\/www.facebook.com\/profile.php?id=100004934627949&amp;fref=ts\"><img loading=\"lazy\" class=\"alignnone size-full wp-image-59752\" src=\"http:\/\/www.portalmantena.com.br\/novo\/wp-content\/uploads\/2018\/05\/print150420.jpg\" alt=\"\" width=\"700\" height=\"150\" srcset=\"http:\/\/www.portalmantena.com.br\/novo\/wp-content\/uploads\/2018\/05\/print150420.jpg 700w, http:\/\/www.portalmantena.com.br\/novo\/wp-content\/uploads\/2018\/05\/print150420-300x64.jpg 300w, http:\/\/www.portalmantena.com.br\/novo\/wp-content\/uploads\/2018\/05\/print150420-696x150.jpg 696w\" sizes=\"(max-width: 700px) 100vw, 700px\" \/><\/a><\/p>\n","protected":false},"excerpt":{"rendered":"<p>Quem soprou velinhas nesta quarta-feira dia 1\u00ba de Julho foi o nosso amigo, o mantenense Luciano Bragan\u00e7a. Cercado pelo carinho dos pais, a mam\u00e3e Aguida foi quem levou aquele delicioso bolo no caf\u00e9 da tarde, para este momento de comemora\u00e7\u00e3o. Parab\u00e9ns Luciano, desejamos muitas e muitas felicidades, muitos anos de vida, sa\u00fade, paz e sucesso. [&hellip;]<\/p>\n","protected":false},"author":1,"featured_media":61693,"comment_status":"open","ping_status":"open","sticky":false,"template":"","format":"standard","meta":[],"categories":[53],"tags":[],"_links":{"self":[{"href":"http:\/\/www.portalmantena.com.br\/novo\/index.php?rest_route=\/wp\/v2\/posts\/61692"}],"collection":[{"href":"http:\/\/www.portalmantena.com.br\/novo\/index.php?rest_route=\/wp\/v2\/posts"}],"about":[{"href":"http:\/\/www.portalmantena.com.br\/novo\/index.php?rest_route=\/wp\/v2\/types\/post"}],"author":[{"embeddable":true,"href":"http:\/\/www.portalmantena.com.br\/novo\/index.php?rest_route=\/wp\/v2\/users\/1"}],"replies":[{"embeddable":true,"href":"http:\/\/www.portalmantena.com.br\/novo\/index.php?rest_route=%2Fwp%2Fv2%2Fcomments&post=61692"}],"version-history":[{"count":1,"href":"http:\/\/www.portalmantena.com.br\/novo\/index.php?rest_route=\/wp\/v2\/posts\/61692\/revisions"}],"predecessor-version":[{"id":61694,"href":"http:\/\/www.portalmantena.com.br\/novo\/index.php?rest_route=\/wp\/v2\/posts\/61692\/revisions\/61694"}],"wp:featuredmedia":[{"embeddable":true,"href":"http:\/\/www.portalmantena.com.br\/novo\/index.php?rest_route=\/wp\/v2\/media\/61693"}],"wp:attachment":[{"href":"http:\/\/www.portalmantena.com.br\/novo\/index.php?rest_route=%2Fwp%2Fv2%2Fmedia&parent=61692"}],"wp:term":[{"taxonomy":"category","embeddable":true,"href":"http:\/\/www.portalmantena.com.br\/novo\/index.php?rest_route=%2Fwp%2Fv2%2Fcategories&post=61692"},{"taxonomy":"post_tag","embeddable":true,"href":"http:\/\/www.portalmantena.com.br\/novo\/index.php?rest_route=%2Fwp%2Fv2%2Ftags&post=61692"}],"curies":[{"name":"wp","href":"https:\/\/api.w.org\/{rel}","templated":true}]}}