{"id":6157,"date":"2017-05-10T07:05:43","date_gmt":"2017-05-10T10:05:43","guid":{"rendered":"http:\/\/www.portalmantena.com.br\/novo\/?p=6157"},"modified":"2017-05-11T08:35:55","modified_gmt":"2017-05-11T11:35:55","slug":"mantenenses-comecam-a-sentir-a-queda-na-temperatura","status":"publish","type":"post","link":"http:\/\/www.portalmantena.com.br\/novo\/?p=6157","title":{"rendered":"Mantenenses come\u00e7am a sentir a queda na temperatura"},"content":{"rendered":"<p><a href=\"http:\/\/www.portalmantena.com.br\/novo\/wp-content\/uploads\/2017\/05\/no090517ceu1.jpg\"><img loading=\"lazy\" class=\"alignnone size-full wp-image-6158\" src=\"http:\/\/www.portalmantena.com.br\/novo\/wp-content\/uploads\/2017\/05\/no090517ceu1.jpg\" alt=\"\" width=\"700\" height=\"450\" srcset=\"http:\/\/www.portalmantena.com.br\/novo\/wp-content\/uploads\/2017\/05\/no090517ceu1.jpg 700w, http:\/\/www.portalmantena.com.br\/novo\/wp-content\/uploads\/2017\/05\/no090517ceu1-300x193.jpg 300w, http:\/\/www.portalmantena.com.br\/novo\/wp-content\/uploads\/2017\/05\/no090517ceu1-696x447.jpg 696w, http:\/\/www.portalmantena.com.br\/novo\/wp-content\/uploads\/2017\/05\/no090517ceu1-653x420.jpg 653w\" sizes=\"(max-width: 700px) 100vw, 700px\" \/><\/a><\/p>\n<p><span style=\"font-size: 14pt;\">As temperaturas come\u00e7aram a cair em Mantena, mesmo longe do Inverno (que s\u00f3 come\u00e7ar\u00e1 dia 21 de Junho), o mantenense j\u00e1 se acostumou a ver os term\u00f4metros ca\u00edrem no m\u00eas de maio. <\/span><\/p>\n<p><span style=\"font-size: 14pt;\">Com varia\u00e7\u00f5es nas temperaturas durante as madrugadas, os mantenenses j\u00e1 come\u00e7aram a tirar os cobertores e agasalhos do arm\u00e1rio e mesmo na sa\u00edda para o trabalho j\u00e1 percebemos a mudan\u00e7a no vestu\u00e1rio.\u00a0 <\/span><\/p>\n<p><span style=\"font-size: 14pt;\">Os term\u00f4metros come\u00e7aram a registrar temperaturas na casa dos 17 graus, como aconteceu na madrugada da \u00faltima sexta-feira dia 05 de Maio, antecipando a chuva que caiu sobre a cidade totalizando 20 mil\u00edmetros na noite do \u00faltimo s\u00e1bado. <\/span><\/p>\n<p><span style=\"font-size: 14pt;\">As varia\u00e7\u00f5es por enquanto est\u00e3o na casa dos 17 a 18 graus, no entanto sabemos que no m\u00eas de Junho as quedas s\u00e3o maiores chegando at\u00e9 mesmo a bater na casa dos 10 graus, uma das m\u00ednimas j\u00e1 registradas na cidade no passado recente. Muitos esperam que o frio neste ano de 2017 seja intenso e seco, agora \u00e9 aguardar se as previs\u00f5es ir\u00e3o se confirmar.<\/span><\/p>\n<p><a href=\"http:\/\/www.portalmantena.com.br\/novo\/wp-content\/uploads\/2017\/05\/no090517ceu2.jpg\"><img loading=\"lazy\" class=\"alignnone size-full wp-image-6159\" src=\"http:\/\/www.portalmantena.com.br\/novo\/wp-content\/uploads\/2017\/05\/no090517ceu2.jpg\" alt=\"\" width=\"700\" height=\"450\" srcset=\"http:\/\/www.portalmantena.com.br\/novo\/wp-content\/uploads\/2017\/05\/no090517ceu2.jpg 700w, http:\/\/www.portalmantena.com.br\/novo\/wp-content\/uploads\/2017\/05\/no090517ceu2-300x193.jpg 300w, http:\/\/www.portalmantena.com.br\/novo\/wp-content\/uploads\/2017\/05\/no090517ceu2-696x447.jpg 696w, http:\/\/www.portalmantena.com.br\/novo\/wp-content\/uploads\/2017\/05\/no090517ceu2-653x420.jpg 653w\" sizes=\"(max-width: 700px) 100vw, 700px\" \/><\/a><\/p>\n","protected":false},"excerpt":{"rendered":"<p>As temperaturas come\u00e7aram a cair em Mantena, mesmo longe do Inverno (que s\u00f3 come\u00e7ar\u00e1 dia 21 de Junho), o mantenense j\u00e1 se acostumou a ver os term\u00f4metros ca\u00edrem no m\u00eas de maio. Com varia\u00e7\u00f5es nas temperaturas durante as madrugadas, os mantenenses j\u00e1 come\u00e7aram a tirar os cobertores e agasalhos do arm\u00e1rio e mesmo na sa\u00edda [&hellip;]<\/p>\n","protected":false},"author":1,"featured_media":6158,"comment_status":"open","ping_status":"open","sticky":false,"template":"","format":"standard","meta":[],"categories":[36,12,11],"tags":[],"_links":{"self":[{"href":"http:\/\/www.portalmantena.com.br\/novo\/index.php?rest_route=\/wp\/v2\/posts\/6157"}],"collection":[{"href":"http:\/\/www.portalmantena.com.br\/novo\/index.php?rest_route=\/wp\/v2\/posts"}],"about":[{"href":"http:\/\/www.portalmantena.com.br\/novo\/index.php?rest_route=\/wp\/v2\/types\/post"}],"author":[{"embeddable":true,"href":"http:\/\/www.portalmantena.com.br\/novo\/index.php?rest_route=\/wp\/v2\/users\/1"}],"replies":[{"embeddable":true,"href":"http:\/\/www.portalmantena.com.br\/novo\/index.php?rest_route=%2Fwp%2Fv2%2Fcomments&post=6157"}],"version-history":[{"count":1,"href":"http:\/\/www.portalmantena.com.br\/novo\/index.php?rest_route=\/wp\/v2\/posts\/6157\/revisions"}],"predecessor-version":[{"id":6160,"href":"http:\/\/www.portalmantena.com.br\/novo\/index.php?rest_route=\/wp\/v2\/posts\/6157\/revisions\/6160"}],"wp:featuredmedia":[{"embeddable":true,"href":"http:\/\/www.portalmantena.com.br\/novo\/index.php?rest_route=\/wp\/v2\/media\/6158"}],"wp:attachment":[{"href":"http:\/\/www.portalmantena.com.br\/novo\/index.php?rest_route=%2Fwp%2Fv2%2Fmedia&parent=6157"}],"wp:term":[{"taxonomy":"category","embeddable":true,"href":"http:\/\/www.portalmantena.com.br\/novo\/index.php?rest_route=%2Fwp%2Fv2%2Fcategories&post=6157"},{"taxonomy":"post_tag","embeddable":true,"href":"http:\/\/www.portalmantena.com.br\/novo\/index.php?rest_route=%2Fwp%2Fv2%2Ftags&post=6157"}],"curies":[{"name":"wp","href":"https:\/\/api.w.org\/{rel}","templated":true}]}}