{"id":61459,"date":"2020-06-23T08:38:23","date_gmt":"2020-06-23T11:38:23","guid":{"rendered":"http:\/\/www.portalmantena.com.br\/novo\/?p=61459"},"modified":"2020-06-23T08:38:53","modified_gmt":"2020-06-23T11:38:53","slug":"mantena-camara-aprova-suspensao-em-tarifa-de-agua","status":"publish","type":"post","link":"http:\/\/www.portalmantena.com.br\/novo\/?p=61459","title":{"rendered":"Mantena: C\u00e2mara aprova suspens\u00e3o em tarifas de \u00e1gua"},"content":{"rendered":"<p><a href=\"http:\/\/www.portalmantena.com.br\/novo\/wp-content\/uploads\/2020\/06\/no230620agua.jpg\"><img loading=\"lazy\" class=\"alignnone size-full wp-image-61460\" src=\"http:\/\/www.portalmantena.com.br\/novo\/wp-content\/uploads\/2020\/06\/no230620agua.jpg\" alt=\"\" width=\"700\" height=\"450\" srcset=\"http:\/\/www.portalmantena.com.br\/novo\/wp-content\/uploads\/2020\/06\/no230620agua.jpg 700w, http:\/\/www.portalmantena.com.br\/novo\/wp-content\/uploads\/2020\/06\/no230620agua-300x193.jpg 300w, http:\/\/www.portalmantena.com.br\/novo\/wp-content\/uploads\/2020\/06\/no230620agua-696x447.jpg 696w, http:\/\/www.portalmantena.com.br\/novo\/wp-content\/uploads\/2020\/06\/no230620agua-653x420.jpg 653w\" sizes=\"(max-width: 700px) 100vw, 700px\" \/><\/a><\/p>\n<p><span style=\"font-size: 14pt;\">Na \u00faltima sess\u00e3o ordin\u00e1ria da C\u00e2mara Municipal de Mantena, realizada no dia 15 de Junho, foi aprovado por unanimidade de votos, o projeto de lei 17\/2020 enviado pelo executivo municipal, que autoriza ao SAAE &#8211; Servi\u00e7o Aut\u00f4nomo de \u00c1gua e Esgoto em suspender a cobran\u00e7a de contas de \u00e1gua da categoria social, nos meses de refer\u00eancia Junho e Julho\/2020.\u00a0 <\/span><\/p>\n<p><span style=\"font-size: 14pt;\">O projeto aprovado, autoriza a autarquia SAAE, em suspender a cobran\u00e7a da tarifa pelo fornecimento de \u00e1gua e coleta de esgoto nos meses de junho e julho para usu\u00e1rios que se enquadrarem na Categoria A1 (tarifa social) visando abra\u00e7ar \u00e0queles que necessitam de apoio econ\u00f4mico neste momento emergencial da sa\u00fade p\u00fablica que vivemos, causada pela pandemia Covid-19. <\/span><\/p>\n<p><span style=\"font-size: 18pt;\"><strong>Tamb\u00e9m fica autorizado o Poder Executivo Municipal abrir cr\u00e9dito adicional especial at\u00e9 o limite de R$50.000,00 (cinquenta mil reais). <\/strong><\/span><\/p>\n<p><span style=\"font-size: 14pt;\">Os vereadores ap\u00f3s os pronunciamentos aprovaram por 10 votos o Projeto de Lei que ajudar\u00e1 a comunidade mais carente do munic\u00edpio nesse momento de pandemia. <\/span><span style=\"font-size: 14pt;\">(fonte\/foto:camaramunicipal).<\/span><\/p>\n<p><a href=\"http:\/\/www.portalmantena.com.br\/novo\/\"><img loading=\"lazy\" class=\"alignnone size-full wp-image-37331\" src=\"http:\/\/www.portalmantena.com.br\/novo\/wp-content\/uploads\/2018\/05\/faixaportalnoticias5.jpg\" alt=\"\" width=\"700\" height=\"40\" srcset=\"http:\/\/www.portalmantena.com.br\/novo\/wp-content\/uploads\/2018\/05\/faixaportalnoticias5.jpg 700w, http:\/\/www.portalmantena.com.br\/novo\/wp-content\/uploads\/2018\/05\/faixaportalnoticias5-300x17.jpg 300w, http:\/\/www.portalmantena.com.br\/novo\/wp-content\/uploads\/2018\/05\/faixaportalnoticias5-696x40.jpg 696w\" sizes=\"(max-width: 700px) 100vw, 700px\" \/><\/a><\/p>\n<p><span style=\"font-size: 10pt;\">ESPA\u00c7O EMPRESARIAL<\/span><a href=\"http:\/\/www.portalmantena.com.br\/novo\/?p=53568\"><img loading=\"lazy\" class=\"alignnone size-full wp-image-54066\" src=\"http:\/\/www.portalmantena.com.br\/novo\/wp-content\/uploads\/2018\/05\/valenteapp.jpg\" alt=\"\" width=\"700\" height=\"150\" srcset=\"http:\/\/www.portalmantena.com.br\/novo\/wp-content\/uploads\/2018\/05\/valenteapp.jpg 700w, http:\/\/www.portalmantena.com.br\/novo\/wp-content\/uploads\/2018\/05\/valenteapp-300x64.jpg 300w, http:\/\/www.portalmantena.com.br\/novo\/wp-content\/uploads\/2018\/05\/valenteapp-696x150.jpg 696w\" sizes=\"(max-width: 700px) 100vw, 700px\" \/><\/a><\/p>\n","protected":false},"excerpt":{"rendered":"<p>Na \u00faltima sess\u00e3o ordin\u00e1ria da C\u00e2mara Municipal de Mantena, realizada no dia 15 de Junho, foi aprovado por unanimidade de votos, o projeto de lei 17\/2020 enviado pelo executivo municipal, que autoriza ao SAAE &#8211; Servi\u00e7o Aut\u00f4nomo de \u00c1gua e Esgoto em suspender a cobran\u00e7a de contas de \u00e1gua da categoria social, nos meses de [&hellip;]<\/p>\n","protected":false},"author":1,"featured_media":61460,"comment_status":"open","ping_status":"open","sticky":false,"template":"","format":"standard","meta":[],"categories":[81,11],"tags":[],"_links":{"self":[{"href":"http:\/\/www.portalmantena.com.br\/novo\/index.php?rest_route=\/wp\/v2\/posts\/61459"}],"collection":[{"href":"http:\/\/www.portalmantena.com.br\/novo\/index.php?rest_route=\/wp\/v2\/posts"}],"about":[{"href":"http:\/\/www.portalmantena.com.br\/novo\/index.php?rest_route=\/wp\/v2\/types\/post"}],"author":[{"embeddable":true,"href":"http:\/\/www.portalmantena.com.br\/novo\/index.php?rest_route=\/wp\/v2\/users\/1"}],"replies":[{"embeddable":true,"href":"http:\/\/www.portalmantena.com.br\/novo\/index.php?rest_route=%2Fwp%2Fv2%2Fcomments&post=61459"}],"version-history":[{"count":2,"href":"http:\/\/www.portalmantena.com.br\/novo\/index.php?rest_route=\/wp\/v2\/posts\/61459\/revisions"}],"predecessor-version":[{"id":61462,"href":"http:\/\/www.portalmantena.com.br\/novo\/index.php?rest_route=\/wp\/v2\/posts\/61459\/revisions\/61462"}],"wp:featuredmedia":[{"embeddable":true,"href":"http:\/\/www.portalmantena.com.br\/novo\/index.php?rest_route=\/wp\/v2\/media\/61460"}],"wp:attachment":[{"href":"http:\/\/www.portalmantena.com.br\/novo\/index.php?rest_route=%2Fwp%2Fv2%2Fmedia&parent=61459"}],"wp:term":[{"taxonomy":"category","embeddable":true,"href":"http:\/\/www.portalmantena.com.br\/novo\/index.php?rest_route=%2Fwp%2Fv2%2Fcategories&post=61459"},{"taxonomy":"post_tag","embeddable":true,"href":"http:\/\/www.portalmantena.com.br\/novo\/index.php?rest_route=%2Fwp%2Fv2%2Ftags&post=61459"}],"curies":[{"name":"wp","href":"https:\/\/api.w.org\/{rel}","templated":true}]}}