{"id":61445,"date":"2020-06-22T13:50:06","date_gmt":"2020-06-22T16:50:06","guid":{"rendered":"http:\/\/www.portalmantena.com.br\/novo\/?p=61445"},"modified":"2020-06-22T14:12:56","modified_gmt":"2020-06-22T17:12:56","slug":"sao-felix-prefeito-testa-positivo-para-covid-19","status":"publish","type":"post","link":"http:\/\/www.portalmantena.com.br\/novo\/?p=61445","title":{"rendered":"S\u00e3o F\u00e9lix: Prefeito testa positivo para Covid 19"},"content":{"rendered":"<p><a href=\"http:\/\/www.portalmantena.com.br\/novo\/wp-content\/uploads\/2020\/06\/no220620prefeito.jpg\"><img loading=\"lazy\" class=\"alignnone size-full wp-image-61446\" src=\"http:\/\/www.portalmantena.com.br\/novo\/wp-content\/uploads\/2020\/06\/no220620prefeito.jpg\" alt=\"\" width=\"700\" height=\"450\" srcset=\"http:\/\/www.portalmantena.com.br\/novo\/wp-content\/uploads\/2020\/06\/no220620prefeito.jpg 700w, http:\/\/www.portalmantena.com.br\/novo\/wp-content\/uploads\/2020\/06\/no220620prefeito-300x193.jpg 300w, http:\/\/www.portalmantena.com.br\/novo\/wp-content\/uploads\/2020\/06\/no220620prefeito-696x447.jpg 696w, http:\/\/www.portalmantena.com.br\/novo\/wp-content\/uploads\/2020\/06\/no220620prefeito-653x420.jpg 653w\" sizes=\"(max-width: 700px) 100vw, 700px\" \/><\/a><\/p>\n<p><span style=\"font-size: 14pt;\">A prefeitura municipal de S\u00e3o F\u00e9lix de Minas, publicou neste domingo dia 21 de Junho, em sua p\u00e1gina oficial no Facebook, um comunicado informando que o prefeito municipal testou positivo para o Covid 19. <\/span><\/p>\n<p><span style=\"font-size: 14pt;\">A publica\u00e7\u00e3o tr\u00e1s a seguinte informa\u00e7\u00e3o: <\/span><\/p>\n<p><span style=\"font-size: 14pt;\"><em><strong>\u201cO prefeito Cleudin Machado em respeito e compromisso com toda comunidade, amigos e familiares comunica que devido algumas visitas que recebeu em sua resid\u00eancia e diante a confirma\u00e7\u00e3o positiva de casos ao coronav\u00edrus, solicitou a equipe m\u00e9dica que fizessem o teste nele mesmo. <\/strong><\/em><\/span><\/p>\n<p><span style=\"font-size: 14pt;\"><em><strong>O resultado saiu por volta das 22 h positivo ao Covid-19; diante disso todas as provid\u00eancias j\u00e1 foram tomadas, o prefeito est\u00e1 em isolamento social. <\/strong><\/em><\/span><\/p>\n<p><span style=\"font-size: 14pt;\"><em><strong>Pedimos a todos que orem por sua vida e fam\u00edlia e mantenham o ISOLAMENTO! Precisamos ter serenidade e aten\u00e7\u00e3o redobrada! E com a for\u00e7a de Deus venceremos essa batalha!\u201d<\/strong> <\/em>(Fonte\/foto: Prefeitura Municipal de S\u00e3o F\u00e9lix de Minas\/ Secretaria Municipal de Sa\u00fade). <\/span><\/p>\n<p><span style=\"font-size: 14pt;\">N\u00f3s da reda\u00e7\u00e3o e leitores do portalmantena desejamos uma plena e r\u00e1pida recupera\u00e7\u00e3o na sa\u00fade, do prefeito de S\u00e3o F\u00e9lix de Minas, Sr. Cleudin.<\/span><\/p>\n<p><span style=\"font-size: 14pt;\">Uma nota tamb\u00e9m foi publicada na p\u00e1gina oficial no Facebook da Assoleste \u2013 Associa\u00e7\u00e3o da Microrregi\u00e3o do leste de Minas, se referindo \u00e0 not\u00edcia do teste positivo para covid 19 de prefeito Cleudin, e um trecho diz assim: <em><strong>\u201cUma not\u00edcia que nos pegou de surpresa nesta manh\u00e3 de domingo, e j\u00e1 pedimos uni\u00e3o em ora\u00e7\u00e3o para que nosso amigo e l\u00edder de S\u00e3o feliz de Minas ven\u00e7a mais essa batalha com a for\u00e7a que sempre teve vinda de Deus\u201d.<\/strong><\/em><\/span><\/p>\n<p><a href=\"http:\/\/www.portalmantena.com.br\/novo\/\"><img loading=\"lazy\" class=\"alignnone size-full wp-image-37331\" src=\"http:\/\/www.portalmantena.com.br\/novo\/wp-content\/uploads\/2018\/05\/faixaportalnoticias5.jpg\" alt=\"\" width=\"700\" height=\"40\" srcset=\"http:\/\/www.portalmantena.com.br\/novo\/wp-content\/uploads\/2018\/05\/faixaportalnoticias5.jpg 700w, http:\/\/www.portalmantena.com.br\/novo\/wp-content\/uploads\/2018\/05\/faixaportalnoticias5-300x17.jpg 300w, http:\/\/www.portalmantena.com.br\/novo\/wp-content\/uploads\/2018\/05\/faixaportalnoticias5-696x40.jpg 696w\" sizes=\"(max-width: 700px) 100vw, 700px\" \/><\/a><\/p>\n<p><span style=\"font-size: 10pt;\">ESPA\u00c7O EMPRESARIAL<\/span><a href=\"http:\/\/www.portalmantena.com.br\/novo\/?p=34494\"><img src=\"http:\/\/www.portalmantena.com.br\/novo\/wp-content\/uploads\/2018\/10\/universal151018.jpg\" \/><\/a><\/p>\n","protected":false},"excerpt":{"rendered":"<p>A prefeitura municipal de S\u00e3o F\u00e9lix de Minas, publicou neste domingo dia 21 de Junho, em sua p\u00e1gina oficial no Facebook, um comunicado informando que o prefeito municipal testou positivo para o Covid 19. A publica\u00e7\u00e3o tr\u00e1s a seguinte informa\u00e7\u00e3o: \u201cO prefeito Cleudin Machado em respeito e compromisso com toda comunidade, amigos e familiares comunica [&hellip;]<\/p>\n","protected":false},"author":1,"featured_media":61446,"comment_status":"open","ping_status":"open","sticky":false,"template":"","format":"standard","meta":[],"categories":[11,39],"tags":[],"_links":{"self":[{"href":"http:\/\/www.portalmantena.com.br\/novo\/index.php?rest_route=\/wp\/v2\/posts\/61445"}],"collection":[{"href":"http:\/\/www.portalmantena.com.br\/novo\/index.php?rest_route=\/wp\/v2\/posts"}],"about":[{"href":"http:\/\/www.portalmantena.com.br\/novo\/index.php?rest_route=\/wp\/v2\/types\/post"}],"author":[{"embeddable":true,"href":"http:\/\/www.portalmantena.com.br\/novo\/index.php?rest_route=\/wp\/v2\/users\/1"}],"replies":[{"embeddable":true,"href":"http:\/\/www.portalmantena.com.br\/novo\/index.php?rest_route=%2Fwp%2Fv2%2Fcomments&post=61445"}],"version-history":[{"count":3,"href":"http:\/\/www.portalmantena.com.br\/novo\/index.php?rest_route=\/wp\/v2\/posts\/61445\/revisions"}],"predecessor-version":[{"id":61449,"href":"http:\/\/www.portalmantena.com.br\/novo\/index.php?rest_route=\/wp\/v2\/posts\/61445\/revisions\/61449"}],"wp:featuredmedia":[{"embeddable":true,"href":"http:\/\/www.portalmantena.com.br\/novo\/index.php?rest_route=\/wp\/v2\/media\/61446"}],"wp:attachment":[{"href":"http:\/\/www.portalmantena.com.br\/novo\/index.php?rest_route=%2Fwp%2Fv2%2Fmedia&parent=61445"}],"wp:term":[{"taxonomy":"category","embeddable":true,"href":"http:\/\/www.portalmantena.com.br\/novo\/index.php?rest_route=%2Fwp%2Fv2%2Fcategories&post=61445"},{"taxonomy":"post_tag","embeddable":true,"href":"http:\/\/www.portalmantena.com.br\/novo\/index.php?rest_route=%2Fwp%2Fv2%2Ftags&post=61445"}],"curies":[{"name":"wp","href":"https:\/\/api.w.org\/{rel}","templated":true}]}}