{"id":61379,"date":"2020-06-19T04:22:53","date_gmt":"2020-06-19T07:22:53","guid":{"rendered":"http:\/\/www.portalmantena.com.br\/novo\/?p=61379"},"modified":"2020-06-18T14:26:06","modified_gmt":"2020-06-18T17:26:06","slug":"regiao-banda-arquivo-80-fara-sua-2a-live-solidaria-ajude","status":"publish","type":"post","link":"http:\/\/www.portalmantena.com.br\/novo\/?p=61379","title":{"rendered":"Regi\u00e3o: Banda Arquivo 80 far\u00e1 sua 2\u00aa Live Solid\u00e1ria, ajude"},"content":{"rendered":"<p><a href=\"http:\/\/www.portalmantena.com.br\/novo\/wp-content\/uploads\/2020\/06\/no180620show.jpg\"><img loading=\"lazy\" class=\"alignnone size-full wp-image-61380\" src=\"http:\/\/www.portalmantena.com.br\/novo\/wp-content\/uploads\/2020\/06\/no180620show.jpg\" alt=\"\" width=\"700\" height=\"450\" srcset=\"http:\/\/www.portalmantena.com.br\/novo\/wp-content\/uploads\/2020\/06\/no180620show.jpg 700w, http:\/\/www.portalmantena.com.br\/novo\/wp-content\/uploads\/2020\/06\/no180620show-300x193.jpg 300w, http:\/\/www.portalmantena.com.br\/novo\/wp-content\/uploads\/2020\/06\/no180620show-696x447.jpg 696w, http:\/\/www.portalmantena.com.br\/novo\/wp-content\/uploads\/2020\/06\/no180620show-653x420.jpg 653w\" sizes=\"(max-width: 700px) 100vw, 700px\" \/><\/a><\/p>\n<p><span style=\"font-size: 14pt;\">A segunda Live Solid\u00e1ria, da Banda Arquivo 80, da cidade de Governador Valadares, que adotou o vocalista mantenense Bruno Herdy, acontecer\u00e1 no pr\u00f3ximo s\u00e1bado dia 22 de Junho \u00e0s 20 horas. <\/span><\/p>\n<p><span style=\"font-size: 18pt;\"><strong>A primeira Live, reuniu doa\u00e7\u00f5es para a Associa\u00e7\u00e3o Santa Luzia<\/strong><\/span><\/p>\n<p><span style=\"font-size: 14pt;\">Agora o projeto \u00e9 conseguir o maior valor poss\u00edvel de doa\u00e7\u00f5es que ser\u00e3o destinadas \u00e0 Creche Pequeno Cidad\u00e3o. <\/span><\/p>\n<p><span style=\"font-size: 14pt;\">Trata-se de uma institui\u00e7\u00e3o situada na Rua Jos\u00e9 do Patroc\u00ednio, no Bairro S\u00e3o Pedro, em Governador Valadares\/MG, que recebe atualmente mais de 100 crian\u00e7as carentes, ministrando educa\u00e7\u00e3o infantil e fornecendo alimenta\u00e7\u00e3o! <\/span><\/p>\n<p><span style=\"font-size: 14pt;\">A Banda conta com sua audi\u00eancia e tamb\u00e9m sua ajuda, qualquer valor ser\u00e1 bem vindo! A transmiss\u00e3o acontecer\u00e1 pela internet atrav\u00e9s do YouTube, no canal da Hausmalte Cervejaria!<\/span><\/p>\n<p>CRECHE PEQUENO CIDAD\u00c3O.<br \/>\nBanco do Brasil S\/A<br \/>\nAg\u00eancia 0166-X<br \/>\nConta corrente: 2342-6!<\/p>\n<p><a href=\"http:\/\/www.portalmantena.com.br\/novo\/\"><img loading=\"lazy\" class=\"alignnone size-full wp-image-37331\" src=\"http:\/\/www.portalmantena.com.br\/novo\/wp-content\/uploads\/2018\/05\/faixaportalnoticias5.jpg\" alt=\"\" width=\"700\" height=\"40\" srcset=\"http:\/\/www.portalmantena.com.br\/novo\/wp-content\/uploads\/2018\/05\/faixaportalnoticias5.jpg 700w, http:\/\/www.portalmantena.com.br\/novo\/wp-content\/uploads\/2018\/05\/faixaportalnoticias5-300x17.jpg 300w, http:\/\/www.portalmantena.com.br\/novo\/wp-content\/uploads\/2018\/05\/faixaportalnoticias5-696x40.jpg 696w\" sizes=\"(max-width: 700px) 100vw, 700px\" \/><\/a><\/p>\n<p><span style=\"font-size: 10pt;\">ESPA\u00c7O EMPRESARIAL<\/span><a href=\"https:\/\/www.facebook.com\/redecasasdastintas\/?__xts__[0]=68.ARBvBkEV-xf0LmeoVmLkmSNYi2fkJzyH_VdImjnJBqA-OJQ8WAGhfxFzuODZeXT97StHLCU2lui2hNiBS9juZZIIH59sSIfo9vM1711g7hmVObiniGMIKpCnGYGx_YmAkGj8o0shglKSje-m1cISUC5fXmbbIDZHgBn9rbll8J1_u-sWBptuc70mqMQ5dXSVaEbLcv7md0y1MndLTPX1QVF6vv_p8UwvHEYJiMzOeJ27-SNULvH_Ia_jzPUIPLemEjFfBOB1GDY2bKOl-hHJ82NDCthVWvRTDkLv5Ac-BJxkK8AMjv3yPHiiz_fTfCghxAzXR4kngL0HN5fNO2PSBWMM9g&amp;__tn__=HHH-R\"><img loading=\"lazy\" class=\"alignnone size-full wp-image-45727\" src=\"http:\/\/www.portalmantena.com.br\/novo\/wp-content\/uploads\/2018\/05\/casatintas120419.jpg\" alt=\"\" width=\"700\" height=\"150\" srcset=\"http:\/\/www.portalmantena.com.br\/novo\/wp-content\/uploads\/2018\/05\/casatintas120419.jpg 700w, http:\/\/www.portalmantena.com.br\/novo\/wp-content\/uploads\/2018\/05\/casatintas120419-300x64.jpg 300w, http:\/\/www.portalmantena.com.br\/novo\/wp-content\/uploads\/2018\/05\/casatintas120419-696x150.jpg 696w\" sizes=\"(max-width: 700px) 100vw, 700px\" \/><\/a><\/p>\n","protected":false},"excerpt":{"rendered":"<p>A segunda Live Solid\u00e1ria, da Banda Arquivo 80, da cidade de Governador Valadares, que adotou o vocalista mantenense Bruno Herdy, acontecer\u00e1 no pr\u00f3ximo s\u00e1bado dia 22 de Junho \u00e0s 20 horas. A primeira Live, reuniu doa\u00e7\u00f5es para a Associa\u00e7\u00e3o Santa Luzia Agora o projeto \u00e9 conseguir o maior valor poss\u00edvel de doa\u00e7\u00f5es que ser\u00e3o destinadas [&hellip;]<\/p>\n","protected":false},"author":1,"featured_media":61380,"comment_status":"open","ping_status":"open","sticky":false,"template":"","format":"standard","meta":[],"categories":[60,11],"tags":[],"_links":{"self":[{"href":"http:\/\/www.portalmantena.com.br\/novo\/index.php?rest_route=\/wp\/v2\/posts\/61379"}],"collection":[{"href":"http:\/\/www.portalmantena.com.br\/novo\/index.php?rest_route=\/wp\/v2\/posts"}],"about":[{"href":"http:\/\/www.portalmantena.com.br\/novo\/index.php?rest_route=\/wp\/v2\/types\/post"}],"author":[{"embeddable":true,"href":"http:\/\/www.portalmantena.com.br\/novo\/index.php?rest_route=\/wp\/v2\/users\/1"}],"replies":[{"embeddable":true,"href":"http:\/\/www.portalmantena.com.br\/novo\/index.php?rest_route=%2Fwp%2Fv2%2Fcomments&post=61379"}],"version-history":[{"count":1,"href":"http:\/\/www.portalmantena.com.br\/novo\/index.php?rest_route=\/wp\/v2\/posts\/61379\/revisions"}],"predecessor-version":[{"id":61381,"href":"http:\/\/www.portalmantena.com.br\/novo\/index.php?rest_route=\/wp\/v2\/posts\/61379\/revisions\/61381"}],"wp:featuredmedia":[{"embeddable":true,"href":"http:\/\/www.portalmantena.com.br\/novo\/index.php?rest_route=\/wp\/v2\/media\/61380"}],"wp:attachment":[{"href":"http:\/\/www.portalmantena.com.br\/novo\/index.php?rest_route=%2Fwp%2Fv2%2Fmedia&parent=61379"}],"wp:term":[{"taxonomy":"category","embeddable":true,"href":"http:\/\/www.portalmantena.com.br\/novo\/index.php?rest_route=%2Fwp%2Fv2%2Fcategories&post=61379"},{"taxonomy":"post_tag","embeddable":true,"href":"http:\/\/www.portalmantena.com.br\/novo\/index.php?rest_route=%2Fwp%2Fv2%2Ftags&post=61379"}],"curies":[{"name":"wp","href":"https:\/\/api.w.org\/{rel}","templated":true}]}}