{"id":61370,"date":"2020-06-18T09:39:54","date_gmt":"2020-06-18T12:39:54","guid":{"rendered":"http:\/\/www.portalmantena.com.br\/novo\/?p=61370"},"modified":"2020-06-18T09:39:54","modified_gmt":"2020-06-18T12:39:54","slug":"sao-francisco-projeto-barraginhas-ja-e-uma-realidade","status":"publish","type":"post","link":"http:\/\/www.portalmantena.com.br\/novo\/?p=61370","title":{"rendered":"S\u00e3o Francisco: Projeto Barraginhas j\u00e1 \u00e9 uma realidade"},"content":{"rendered":"<p><a href=\"http:\/\/www.portalmantena.com.br\/novo\/wp-content\/uploads\/2020\/06\/no180620barragem3.jpg\"><img loading=\"lazy\" class=\"alignnone size-full wp-image-61373\" src=\"http:\/\/www.portalmantena.com.br\/novo\/wp-content\/uploads\/2020\/06\/no180620barragem3.jpg\" alt=\"\" width=\"700\" height=\"450\" srcset=\"http:\/\/www.portalmantena.com.br\/novo\/wp-content\/uploads\/2020\/06\/no180620barragem3.jpg 700w, http:\/\/www.portalmantena.com.br\/novo\/wp-content\/uploads\/2020\/06\/no180620barragem3-300x193.jpg 300w, http:\/\/www.portalmantena.com.br\/novo\/wp-content\/uploads\/2020\/06\/no180620barragem3-696x447.jpg 696w, http:\/\/www.portalmantena.com.br\/novo\/wp-content\/uploads\/2020\/06\/no180620barragem3-653x420.jpg 653w\" sizes=\"(max-width: 700px) 100vw, 700px\" \/><\/a><\/p>\n<p><span style=\"font-size: 14pt;\">A prefeitura de Barra de S\u00e3o Francisco, em parceria com o Instituto Terra, est\u00e1 realizando no c\u00f3rrego do It\u00e1, o Projeto Barraginhas. <\/span><\/p>\n<p><span style=\"font-size: 14pt;\">O t\u00e9cnico em agropecu\u00e1ria, Mateus Pastore revela os objetivos deste projeto, e um dos principais \u00e9 fortalecer o len\u00e7ol fre\u00e1tico e as \u00e1reas de v\u00e1rzea da regi\u00e3o. <\/span><\/p>\n<p><span style=\"font-size: 14pt;\">O projeto visa ainda fortalecer esta bacia hidrogr\u00e1fica uma vez que ela \u00e9 uma afluente do rio Cricar\u00e9. <\/span><\/p>\n<p><span style=\"font-size: 14pt;\">Segundo o t\u00e9cnico, esta tecnologia se baseia na constru\u00e7\u00e3o de uma \u00e1rea aberta em forma de c\u00edrculo, com um formato de bacia, onde \u00e9 feita a capta\u00e7\u00e3o tanto da \u00e1gua da chuva, como da \u00e1gua que escorre do terreno, propiciando que essa \u00e1gua fique acumulada no solo, abastecendo o len\u00e7ol fre\u00e1tico. <\/span><\/p>\n<p><span style=\"font-size: 14pt;\">Este local de armazenamento ainda possui uma parte mais baixa, uma \u00e1rea de sa\u00edda para a \u00e1gua, quando o armazenamento estiver completo, evitando assim o rompimento das bordas. <\/span><\/p>\n<p><span style=\"font-size: 14pt;\">Os produtores rurais da localidade est\u00e3o satisfeitos com a realiza\u00e7\u00e3o deste projeto, pois a \u00e1gua acumulada ir\u00e1 fortalecer a produ\u00e7\u00e3o agr\u00edcola nas propriedades pois beneficiar\u00e1 a produ\u00e7\u00e3o de \u00e1gua nas nascentes bem como o pr\u00f3prio solo, evitando at\u00e9 mesmo as eros\u00f5es provocadas pelas enxurradas. <\/span><\/p>\n<p><span style=\"font-size: 14pt;\">O t\u00e9cnico Mateus revelou ainda as medidas deste modelo de barragem que tem em seu raio de circunfer\u00eancia aproximadamente 14 metros e uma profundidade de 1,70 metros. <\/span><\/p>\n<p><span style=\"font-size: 14pt;\">Segundo ele, o c\u00e1lculo feito pelo instituto e pela prefeitura \u00e9 que em m\u00e9dia cada barraginha acumule de 400 a 600 mil litros de \u00e1gua. (fonte\/fotoreprodu\u00e7\u00e3o:PMBSF).<\/span><\/p>\n<p><a href=\"http:\/\/www.portalmantena.com.br\/novo\/wp-content\/uploads\/2020\/06\/no180620barragem1.jpg\"><img loading=\"lazy\" class=\"alignnone size-full wp-image-61371\" src=\"http:\/\/www.portalmantena.com.br\/novo\/wp-content\/uploads\/2020\/06\/no180620barragem1.jpg\" alt=\"\" width=\"700\" height=\"450\" srcset=\"http:\/\/www.portalmantena.com.br\/novo\/wp-content\/uploads\/2020\/06\/no180620barragem1.jpg 700w, http:\/\/www.portalmantena.com.br\/novo\/wp-content\/uploads\/2020\/06\/no180620barragem1-300x193.jpg 300w, http:\/\/www.portalmantena.com.br\/novo\/wp-content\/uploads\/2020\/06\/no180620barragem1-696x447.jpg 696w, http:\/\/www.portalmantena.com.br\/novo\/wp-content\/uploads\/2020\/06\/no180620barragem1-653x420.jpg 653w\" sizes=\"(max-width: 700px) 100vw, 700px\" \/><\/a> <a href=\"http:\/\/www.portalmantena.com.br\/novo\/wp-content\/uploads\/2020\/06\/no180620barragem2.jpg\"><img loading=\"lazy\" class=\"alignnone size-full wp-image-61372\" src=\"http:\/\/www.portalmantena.com.br\/novo\/wp-content\/uploads\/2020\/06\/no180620barragem2.jpg\" alt=\"\" width=\"700\" height=\"450\" srcset=\"http:\/\/www.portalmantena.com.br\/novo\/wp-content\/uploads\/2020\/06\/no180620barragem2.jpg 700w, http:\/\/www.portalmantena.com.br\/novo\/wp-content\/uploads\/2020\/06\/no180620barragem2-300x193.jpg 300w, http:\/\/www.portalmantena.com.br\/novo\/wp-content\/uploads\/2020\/06\/no180620barragem2-696x447.jpg 696w, http:\/\/www.portalmantena.com.br\/novo\/wp-content\/uploads\/2020\/06\/no180620barragem2-653x420.jpg 653w\" sizes=\"(max-width: 700px) 100vw, 700px\" \/><\/a><a href=\"http:\/\/www.portalmantena.com.br\/novo\/wp-content\/uploads\/2020\/06\/no180620barragem4.jpg\"><img loading=\"lazy\" class=\"alignnone size-full wp-image-61374\" src=\"http:\/\/www.portalmantena.com.br\/novo\/wp-content\/uploads\/2020\/06\/no180620barragem4.jpg\" alt=\"\" width=\"700\" height=\"450\" srcset=\"http:\/\/www.portalmantena.com.br\/novo\/wp-content\/uploads\/2020\/06\/no180620barragem4.jpg 700w, http:\/\/www.portalmantena.com.br\/novo\/wp-content\/uploads\/2020\/06\/no180620barragem4-300x193.jpg 300w, http:\/\/www.portalmantena.com.br\/novo\/wp-content\/uploads\/2020\/06\/no180620barragem4-696x447.jpg 696w, http:\/\/www.portalmantena.com.br\/novo\/wp-content\/uploads\/2020\/06\/no180620barragem4-653x420.jpg 653w\" sizes=\"(max-width: 700px) 100vw, 700px\" \/><\/a><a href=\"http:\/\/www.portalmantena.com.br\/novo\/\"><img loading=\"lazy\" class=\"alignnone size-full wp-image-37331\" src=\"http:\/\/www.portalmantena.com.br\/novo\/wp-content\/uploads\/2018\/05\/faixaportalnoticias5.jpg\" alt=\"\" width=\"700\" height=\"40\" srcset=\"http:\/\/www.portalmantena.com.br\/novo\/wp-content\/uploads\/2018\/05\/faixaportalnoticias5.jpg 700w, http:\/\/www.portalmantena.com.br\/novo\/wp-content\/uploads\/2018\/05\/faixaportalnoticias5-300x17.jpg 300w, http:\/\/www.portalmantena.com.br\/novo\/wp-content\/uploads\/2018\/05\/faixaportalnoticias5-696x40.jpg 696w\" sizes=\"(max-width: 700px) 100vw, 700px\" \/><\/a><\/p>\n<p><span style=\"font-size: 10pt;\">ESPA\u00c7O EMPRESARIAL<\/span><a href=\"http:\/\/www.portalmantena.com.br\/novo\/wp-content\/uploads\/2018\/05\/postoterraboa.jpg\"><img loading=\"lazy\" class=\"alignnone size-full wp-image-29172\" src=\"http:\/\/www.portalmantena.com.br\/novo\/wp-content\/uploads\/2018\/05\/postoterraboa.jpg\" alt=\"\" width=\"700\" height=\"150\" srcset=\"http:\/\/www.portalmantena.com.br\/novo\/wp-content\/uploads\/2018\/05\/postoterraboa.jpg 700w, http:\/\/www.portalmantena.com.br\/novo\/wp-content\/uploads\/2018\/05\/postoterraboa-300x64.jpg 300w, http:\/\/www.portalmantena.com.br\/novo\/wp-content\/uploads\/2018\/05\/postoterraboa-696x150.jpg 696w\" sizes=\"(max-width: 700px) 100vw, 700px\" \/><\/a><\/p>\n","protected":false},"excerpt":{"rendered":"<p>A prefeitura de Barra de S\u00e3o Francisco, em parceria com o Instituto Terra, est\u00e1 realizando no c\u00f3rrego do It\u00e1, o Projeto Barraginhas. O t\u00e9cnico em agropecu\u00e1ria, Mateus Pastore revela os objetivos deste projeto, e um dos principais \u00e9 fortalecer o len\u00e7ol fre\u00e1tico e as \u00e1reas de v\u00e1rzea da regi\u00e3o. O projeto visa ainda fortalecer esta [&hellip;]<\/p>\n","protected":false},"author":1,"featured_media":61373,"comment_status":"open","ping_status":"open","sticky":false,"template":"","format":"standard","meta":[],"categories":[12,39],"tags":[],"_links":{"self":[{"href":"http:\/\/www.portalmantena.com.br\/novo\/index.php?rest_route=\/wp\/v2\/posts\/61370"}],"collection":[{"href":"http:\/\/www.portalmantena.com.br\/novo\/index.php?rest_route=\/wp\/v2\/posts"}],"about":[{"href":"http:\/\/www.portalmantena.com.br\/novo\/index.php?rest_route=\/wp\/v2\/types\/post"}],"author":[{"embeddable":true,"href":"http:\/\/www.portalmantena.com.br\/novo\/index.php?rest_route=\/wp\/v2\/users\/1"}],"replies":[{"embeddable":true,"href":"http:\/\/www.portalmantena.com.br\/novo\/index.php?rest_route=%2Fwp%2Fv2%2Fcomments&post=61370"}],"version-history":[{"count":1,"href":"http:\/\/www.portalmantena.com.br\/novo\/index.php?rest_route=\/wp\/v2\/posts\/61370\/revisions"}],"predecessor-version":[{"id":61375,"href":"http:\/\/www.portalmantena.com.br\/novo\/index.php?rest_route=\/wp\/v2\/posts\/61370\/revisions\/61375"}],"wp:featuredmedia":[{"embeddable":true,"href":"http:\/\/www.portalmantena.com.br\/novo\/index.php?rest_route=\/wp\/v2\/media\/61373"}],"wp:attachment":[{"href":"http:\/\/www.portalmantena.com.br\/novo\/index.php?rest_route=%2Fwp%2Fv2%2Fmedia&parent=61370"}],"wp:term":[{"taxonomy":"category","embeddable":true,"href":"http:\/\/www.portalmantena.com.br\/novo\/index.php?rest_route=%2Fwp%2Fv2%2Fcategories&post=61370"},{"taxonomy":"post_tag","embeddable":true,"href":"http:\/\/www.portalmantena.com.br\/novo\/index.php?rest_route=%2Fwp%2Fv2%2Ftags&post=61370"}],"curies":[{"name":"wp","href":"https:\/\/api.w.org\/{rel}","templated":true}]}}