{"id":61360,"date":"2020-06-17T16:34:46","date_gmt":"2020-06-17T19:34:46","guid":{"rendered":"http:\/\/www.portalmantena.com.br\/novo\/?p=61360"},"modified":"2020-06-17T16:34:46","modified_gmt":"2020-06-17T19:34:46","slug":"pr-marcelo-recebendo-o-carinho-no-dia-do-pastor","status":"publish","type":"post","link":"http:\/\/www.portalmantena.com.br\/novo\/?p=61360","title":{"rendered":"Pr. Marcelo recebendo o carinho no dia do Pastor"},"content":{"rendered":"<p><a href=\"http:\/\/www.portalmantena.com.br\/novo\/wp-content\/uploads\/2020\/06\/vi170620pastor2.jpg\"><img loading=\"lazy\" class=\"alignnone size-full wp-image-61359\" src=\"http:\/\/www.portalmantena.com.br\/novo\/wp-content\/uploads\/2020\/06\/vi170620pastor2.jpg\" alt=\"\" width=\"700\" height=\"450\" srcset=\"http:\/\/www.portalmantena.com.br\/novo\/wp-content\/uploads\/2020\/06\/vi170620pastor2.jpg 700w, http:\/\/www.portalmantena.com.br\/novo\/wp-content\/uploads\/2020\/06\/vi170620pastor2-300x193.jpg 300w, http:\/\/www.portalmantena.com.br\/novo\/wp-content\/uploads\/2020\/06\/vi170620pastor2-696x447.jpg 696w, http:\/\/www.portalmantena.com.br\/novo\/wp-content\/uploads\/2020\/06\/vi170620pastor2-653x420.jpg 653w\" sizes=\"(max-width: 700px) 100vw, 700px\" \/><\/a><\/p>\n<p><span style=\"font-size: 14pt;\">Quem tamb\u00e9m foi homenageado com muito carinho, pela sua igreja amada, foi o Pastor Marcelo Petrucci, no \u00faltimo domingo (14), dia Nacional do Pastor Evang\u00e9lico. <\/span><\/p>\n<p><span style=\"font-size: 14pt;\">Pastor Marcelo, da Primeira Igreja Batista de Mantena, que fez quest\u00e3o de agradecer a lembran\u00e7a e o carinho de sua igreja neste dia especial <em><strong>\u201cSou grato a Deus pelo privil\u00e9gio de comemorar um dia t\u00e3o especial com uma igreja t\u00e3o especial quanto a PIB de Mantena! Uma igreja que mesmo em tempos de isolamento social deu um jeito de se fazer presente na minha hist\u00f3ria e na hist\u00f3ria da minha fam\u00edlia! Desde sexta tenho sido impactado pelas manifesta\u00e7\u00f5es de carinho!\u201d<\/strong><\/em>, finalizou com esta mensagem em sua rede social.<\/span><\/p>\n<p><a href=\"http:\/\/www.portalmantena.com.br\/novo\/wp-content\/uploads\/2020\/06\/vi170620pastor1.jpg\"><img loading=\"lazy\" class=\"alignnone size-full wp-image-61358\" src=\"http:\/\/www.portalmantena.com.br\/novo\/wp-content\/uploads\/2020\/06\/vi170620pastor1.jpg\" alt=\"\" width=\"700\" height=\"450\" srcset=\"http:\/\/www.portalmantena.com.br\/novo\/wp-content\/uploads\/2020\/06\/vi170620pastor1.jpg 700w, http:\/\/www.portalmantena.com.br\/novo\/wp-content\/uploads\/2020\/06\/vi170620pastor1-300x193.jpg 300w, http:\/\/www.portalmantena.com.br\/novo\/wp-content\/uploads\/2020\/06\/vi170620pastor1-696x447.jpg 696w, http:\/\/www.portalmantena.com.br\/novo\/wp-content\/uploads\/2020\/06\/vi170620pastor1-653x420.jpg 653w\" sizes=\"(max-width: 700px) 100vw, 700px\" \/><\/a><a href=\"http:\/\/www.portalmantena.com.br\/novo\/\"><img loading=\"lazy\" class=\"alignnone size-full wp-image-37296\" src=\"http:\/\/www.portalmantena.com.br\/novo\/wp-content\/uploads\/2018\/05\/faixavitrine2.jpg\" alt=\"\" width=\"700\" height=\"40\" srcset=\"http:\/\/www.portalmantena.com.br\/novo\/wp-content\/uploads\/2018\/05\/faixavitrine2.jpg 700w, http:\/\/www.portalmantena.com.br\/novo\/wp-content\/uploads\/2018\/05\/faixavitrine2-300x17.jpg 300w, http:\/\/www.portalmantena.com.br\/novo\/wp-content\/uploads\/2018\/05\/faixavitrine2-696x40.jpg 696w\" sizes=\"(max-width: 700px) 100vw, 700px\" \/><\/a><\/p>\n<p><span style=\"font-size: 10pt;\">ESPA\u00c7O EMPRESARIAL<\/span><a href=\"http:\/\/www.portalmantena.com.br\/novo\/wp-content\/uploads\/2018\/05\/cafebonzonfaixa.jpg\"><img loading=\"lazy\" class=\"alignnone size-full wp-image-29162\" src=\"http:\/\/www.portalmantena.com.br\/novo\/wp-content\/uploads\/2018\/05\/cafebonzonfaixa.jpg\" alt=\"\" width=\"700\" height=\"150\" srcset=\"http:\/\/www.portalmantena.com.br\/novo\/wp-content\/uploads\/2018\/05\/cafebonzonfaixa.jpg 700w, http:\/\/www.portalmantena.com.br\/novo\/wp-content\/uploads\/2018\/05\/cafebonzonfaixa-300x64.jpg 300w, http:\/\/www.portalmantena.com.br\/novo\/wp-content\/uploads\/2018\/05\/cafebonzonfaixa-696x150.jpg 696w\" sizes=\"(max-width: 700px) 100vw, 700px\" \/><\/a><\/p>\n","protected":false},"excerpt":{"rendered":"<p>Quem tamb\u00e9m foi homenageado com muito carinho, pela sua igreja amada, foi o Pastor Marcelo Petrucci, no \u00faltimo domingo (14), dia Nacional do Pastor Evang\u00e9lico. Pastor Marcelo, da Primeira Igreja Batista de Mantena, que fez quest\u00e3o de agradecer a lembran\u00e7a e o carinho de sua igreja neste dia especial \u201cSou grato a Deus pelo privil\u00e9gio [&hellip;]<\/p>\n","protected":false},"author":1,"featured_media":61359,"comment_status":"open","ping_status":"open","sticky":false,"template":"","format":"standard","meta":[],"categories":[7],"tags":[],"_links":{"self":[{"href":"http:\/\/www.portalmantena.com.br\/novo\/index.php?rest_route=\/wp\/v2\/posts\/61360"}],"collection":[{"href":"http:\/\/www.portalmantena.com.br\/novo\/index.php?rest_route=\/wp\/v2\/posts"}],"about":[{"href":"http:\/\/www.portalmantena.com.br\/novo\/index.php?rest_route=\/wp\/v2\/types\/post"}],"author":[{"embeddable":true,"href":"http:\/\/www.portalmantena.com.br\/novo\/index.php?rest_route=\/wp\/v2\/users\/1"}],"replies":[{"embeddable":true,"href":"http:\/\/www.portalmantena.com.br\/novo\/index.php?rest_route=%2Fwp%2Fv2%2Fcomments&post=61360"}],"version-history":[{"count":1,"href":"http:\/\/www.portalmantena.com.br\/novo\/index.php?rest_route=\/wp\/v2\/posts\/61360\/revisions"}],"predecessor-version":[{"id":61361,"href":"http:\/\/www.portalmantena.com.br\/novo\/index.php?rest_route=\/wp\/v2\/posts\/61360\/revisions\/61361"}],"wp:featuredmedia":[{"embeddable":true,"href":"http:\/\/www.portalmantena.com.br\/novo\/index.php?rest_route=\/wp\/v2\/media\/61359"}],"wp:attachment":[{"href":"http:\/\/www.portalmantena.com.br\/novo\/index.php?rest_route=%2Fwp%2Fv2%2Fmedia&parent=61360"}],"wp:term":[{"taxonomy":"category","embeddable":true,"href":"http:\/\/www.portalmantena.com.br\/novo\/index.php?rest_route=%2Fwp%2Fv2%2Fcategories&post=61360"},{"taxonomy":"post_tag","embeddable":true,"href":"http:\/\/www.portalmantena.com.br\/novo\/index.php?rest_route=%2Fwp%2Fv2%2Ftags&post=61360"}],"curies":[{"name":"wp","href":"https:\/\/api.w.org\/{rel}","templated":true}]}}