{"id":61341,"date":"2020-06-18T05:25:52","date_gmt":"2020-06-18T08:25:52","guid":{"rendered":"http:\/\/www.portalmantena.com.br\/novo\/?p=61341"},"modified":"2020-06-17T15:30:55","modified_gmt":"2020-06-17T18:30:55","slug":"mantena-vereadores-acompanham-distribuicao-de-kits-da-merenda-escolar","status":"publish","type":"post","link":"http:\/\/www.portalmantena.com.br\/novo\/?p=61341","title":{"rendered":"Mantena: Vereadores acompanham distribui\u00e7\u00e3o de Kits da Merenda Escolar"},"content":{"rendered":"<p><a href=\"http:\/\/www.portalmantena.com.br\/novo\/wp-content\/uploads\/2020\/06\/no170620camara2.jpg\"><img loading=\"lazy\" class=\"alignnone size-full wp-image-61343\" src=\"http:\/\/www.portalmantena.com.br\/novo\/wp-content\/uploads\/2020\/06\/no170620camara2.jpg\" alt=\"\" width=\"700\" height=\"450\" srcset=\"http:\/\/www.portalmantena.com.br\/novo\/wp-content\/uploads\/2020\/06\/no170620camara2.jpg 700w, http:\/\/www.portalmantena.com.br\/novo\/wp-content\/uploads\/2020\/06\/no170620camara2-300x193.jpg 300w, http:\/\/www.portalmantena.com.br\/novo\/wp-content\/uploads\/2020\/06\/no170620camara2-696x447.jpg 696w, http:\/\/www.portalmantena.com.br\/novo\/wp-content\/uploads\/2020\/06\/no170620camara2-653x420.jpg 653w\" sizes=\"(max-width: 700px) 100vw, 700px\" \/><\/a><\/p>\n<p><span style=\"font-size: 14pt;\">Representada por alguns vereadores, entre eles Rob\u00e9rio Francisco Costa, Sargento Ricardo e Jonas Emiliano, o legislativo mantenense esteve presente acompanhando o vice prefeito de Mantena, Sr. Luiz Garcia, em um momento muito especial e importante realizado esta semana, na Escola Municipal Frei Inoc\u00eancio. <\/span><\/p>\n<p><span style=\"font-size: 14pt;\">Na ocasi\u00e3o os vereadores viram de perto a distribui\u00e7\u00e3o dos Kits de merenda escolar adquiridos pela Secretaria Municipal de Educa\u00e7\u00e3o e puderam constatar que as mercadorias que est\u00e3o sendo entregues s\u00e3o de primeira qualidade. <\/span><\/p>\n<p><span style=\"font-size: 14pt;\">Eles relataram ainda que esta a\u00e7\u00e3o \u00e9 de muita import\u00e2ncia neste momento em que os alunos est\u00e3o dentro de casa e sem sua merenda di\u00e1ria, e muitos deles n\u00e3o tem condi\u00e7\u00f5es financeiras permitindo assim que tamb\u00e9m os pais e os irm\u00e3os (fam\u00edlia) recebam este cuidado e uma melhor alimenta\u00e7\u00e3o que segundo os vereadores s\u00e3o de fundamental import\u00e2ncia neste momento dif\u00edcil de pandemia do coronav\u00edrus.<\/span><\/p>\n<p><a href=\"http:\/\/www.portalmantena.com.br\/novo\/wp-content\/uploads\/2020\/06\/no170620camara3.jpg\"><img loading=\"lazy\" class=\"alignnone size-full wp-image-61344\" src=\"http:\/\/www.portalmantena.com.br\/novo\/wp-content\/uploads\/2020\/06\/no170620camara3.jpg\" alt=\"\" width=\"700\" height=\"450\" srcset=\"http:\/\/www.portalmantena.com.br\/novo\/wp-content\/uploads\/2020\/06\/no170620camara3.jpg 700w, http:\/\/www.portalmantena.com.br\/novo\/wp-content\/uploads\/2020\/06\/no170620camara3-300x193.jpg 300w, http:\/\/www.portalmantena.com.br\/novo\/wp-content\/uploads\/2020\/06\/no170620camara3-696x447.jpg 696w, http:\/\/www.portalmantena.com.br\/novo\/wp-content\/uploads\/2020\/06\/no170620camara3-653x420.jpg 653w\" sizes=\"(max-width: 700px) 100vw, 700px\" \/><\/a> <a href=\"http:\/\/www.portalmantena.com.br\/novo\/wp-content\/uploads\/2020\/06\/no170620camara4.jpg\"><img loading=\"lazy\" class=\"alignnone size-full wp-image-61345\" src=\"http:\/\/www.portalmantena.com.br\/novo\/wp-content\/uploads\/2020\/06\/no170620camara4.jpg\" alt=\"\" width=\"700\" height=\"450\" srcset=\"http:\/\/www.portalmantena.com.br\/novo\/wp-content\/uploads\/2020\/06\/no170620camara4.jpg 700w, http:\/\/www.portalmantena.com.br\/novo\/wp-content\/uploads\/2020\/06\/no170620camara4-300x193.jpg 300w, http:\/\/www.portalmantena.com.br\/novo\/wp-content\/uploads\/2020\/06\/no170620camara4-696x447.jpg 696w, http:\/\/www.portalmantena.com.br\/novo\/wp-content\/uploads\/2020\/06\/no170620camara4-653x420.jpg 653w\" sizes=\"(max-width: 700px) 100vw, 700px\" \/><\/a><a href=\"http:\/\/www.portalmantena.com.br\/novo\/wp-content\/uploads\/2020\/06\/no170620camara1.jpg\"><img loading=\"lazy\" class=\"alignnone size-full wp-image-61342\" src=\"http:\/\/www.portalmantena.com.br\/novo\/wp-content\/uploads\/2020\/06\/no170620camara1.jpg\" alt=\"\" width=\"700\" height=\"450\" srcset=\"http:\/\/www.portalmantena.com.br\/novo\/wp-content\/uploads\/2020\/06\/no170620camara1.jpg 700w, http:\/\/www.portalmantena.com.br\/novo\/wp-content\/uploads\/2020\/06\/no170620camara1-300x193.jpg 300w, http:\/\/www.portalmantena.com.br\/novo\/wp-content\/uploads\/2020\/06\/no170620camara1-696x447.jpg 696w, http:\/\/www.portalmantena.com.br\/novo\/wp-content\/uploads\/2020\/06\/no170620camara1-653x420.jpg 653w\" sizes=\"(max-width: 700px) 100vw, 700px\" \/><\/a><a href=\"http:\/\/www.portalmantena.com.br\/novo\/\"><img loading=\"lazy\" class=\"alignnone size-full wp-image-37331\" src=\"http:\/\/www.portalmantena.com.br\/novo\/wp-content\/uploads\/2018\/05\/faixaportalnoticias5.jpg\" alt=\"\" width=\"700\" height=\"40\" srcset=\"http:\/\/www.portalmantena.com.br\/novo\/wp-content\/uploads\/2018\/05\/faixaportalnoticias5.jpg 700w, http:\/\/www.portalmantena.com.br\/novo\/wp-content\/uploads\/2018\/05\/faixaportalnoticias5-300x17.jpg 300w, http:\/\/www.portalmantena.com.br\/novo\/wp-content\/uploads\/2018\/05\/faixaportalnoticias5-696x40.jpg 696w\" sizes=\"(max-width: 700px) 100vw, 700px\" \/><\/a><\/p>\n<p><span style=\"font-size: 10pt;\">ESPA\u00c7O EMPRESARIAL<\/span><a href=\"https:\/\/www.facebook.com\/redecasasdastintas\/?__xts__[0]=68.ARBvBkEV-xf0LmeoVmLkmSNYi2fkJzyH_VdImjnJBqA-OJQ8WAGhfxFzuODZeXT97StHLCU2lui2hNiBS9juZZIIH59sSIfo9vM1711g7hmVObiniGMIKpCnGYGx_YmAkGj8o0shglKSje-m1cISUC5fXmbbIDZHgBn9rbll8J1_u-sWBptuc70mqMQ5dXSVaEbLcv7md0y1MndLTPX1QVF6vv_p8UwvHEYJiMzOeJ27-SNULvH_Ia_jzPUIPLemEjFfBOB1GDY2bKOl-hHJ82NDCthVWvRTDkLv5Ac-BJxkK8AMjv3yPHiiz_fTfCghxAzXR4kngL0HN5fNO2PSBWMM9g&amp;__tn__=HHH-R\"><img loading=\"lazy\" class=\"alignnone size-full wp-image-45727\" src=\"http:\/\/www.portalmantena.com.br\/novo\/wp-content\/uploads\/2018\/05\/casatintas120419.jpg\" alt=\"\" width=\"700\" height=\"150\" srcset=\"http:\/\/www.portalmantena.com.br\/novo\/wp-content\/uploads\/2018\/05\/casatintas120419.jpg 700w, http:\/\/www.portalmantena.com.br\/novo\/wp-content\/uploads\/2018\/05\/casatintas120419-300x64.jpg 300w, http:\/\/www.portalmantena.com.br\/novo\/wp-content\/uploads\/2018\/05\/casatintas120419-696x150.jpg 696w\" sizes=\"(max-width: 700px) 100vw, 700px\" \/><\/a><\/p>\n","protected":false},"excerpt":{"rendered":"<p>Representada por alguns vereadores, entre eles Rob\u00e9rio Francisco Costa, Sargento Ricardo e Jonas Emiliano, o legislativo mantenense esteve presente acompanhando o vice prefeito de Mantena, Sr. Luiz Garcia, em um momento muito especial e importante realizado esta semana, na Escola Municipal Frei Inoc\u00eancio. Na ocasi\u00e3o os vereadores viram de perto a distribui\u00e7\u00e3o dos Kits de [&hellip;]<\/p>\n","protected":false},"author":1,"featured_media":61344,"comment_status":"open","ping_status":"open","sticky":false,"template":"","format":"standard","meta":[],"categories":[81,11],"tags":[],"_links":{"self":[{"href":"http:\/\/www.portalmantena.com.br\/novo\/index.php?rest_route=\/wp\/v2\/posts\/61341"}],"collection":[{"href":"http:\/\/www.portalmantena.com.br\/novo\/index.php?rest_route=\/wp\/v2\/posts"}],"about":[{"href":"http:\/\/www.portalmantena.com.br\/novo\/index.php?rest_route=\/wp\/v2\/types\/post"}],"author":[{"embeddable":true,"href":"http:\/\/www.portalmantena.com.br\/novo\/index.php?rest_route=\/wp\/v2\/users\/1"}],"replies":[{"embeddable":true,"href":"http:\/\/www.portalmantena.com.br\/novo\/index.php?rest_route=%2Fwp%2Fv2%2Fcomments&post=61341"}],"version-history":[{"count":1,"href":"http:\/\/www.portalmantena.com.br\/novo\/index.php?rest_route=\/wp\/v2\/posts\/61341\/revisions"}],"predecessor-version":[{"id":61346,"href":"http:\/\/www.portalmantena.com.br\/novo\/index.php?rest_route=\/wp\/v2\/posts\/61341\/revisions\/61346"}],"wp:featuredmedia":[{"embeddable":true,"href":"http:\/\/www.portalmantena.com.br\/novo\/index.php?rest_route=\/wp\/v2\/media\/61344"}],"wp:attachment":[{"href":"http:\/\/www.portalmantena.com.br\/novo\/index.php?rest_route=%2Fwp%2Fv2%2Fmedia&parent=61341"}],"wp:term":[{"taxonomy":"category","embeddable":true,"href":"http:\/\/www.portalmantena.com.br\/novo\/index.php?rest_route=%2Fwp%2Fv2%2Fcategories&post=61341"},{"taxonomy":"post_tag","embeddable":true,"href":"http:\/\/www.portalmantena.com.br\/novo\/index.php?rest_route=%2Fwp%2Fv2%2Ftags&post=61341"}],"curies":[{"name":"wp","href":"https:\/\/api.w.org\/{rel}","templated":true}]}}