{"id":61337,"date":"2020-06-17T14:19:48","date_gmt":"2020-06-17T17:19:48","guid":{"rendered":"http:\/\/www.portalmantena.com.br\/novo\/?p=61337"},"modified":"2020-06-17T14:19:48","modified_gmt":"2020-06-17T17:19:48","slug":"parabens-ao-advogado-mantenense-dr-gilson-vieira","status":"publish","type":"post","link":"http:\/\/www.portalmantena.com.br\/novo\/?p=61337","title":{"rendered":"Parab\u00e9ns ao advogado mantenense Dr. Gilson Vieira"},"content":{"rendered":"<p><a href=\"http:\/\/www.portalmantena.com.br\/novo\/wp-content\/uploads\/2020\/06\/vi170620gilson.jpg\"><img loading=\"lazy\" class=\"alignnone size-full wp-image-61338\" src=\"http:\/\/www.portalmantena.com.br\/novo\/wp-content\/uploads\/2020\/06\/vi170620gilson.jpg\" alt=\"\" width=\"700\" height=\"450\" srcset=\"http:\/\/www.portalmantena.com.br\/novo\/wp-content\/uploads\/2020\/06\/vi170620gilson.jpg 700w, http:\/\/www.portalmantena.com.br\/novo\/wp-content\/uploads\/2020\/06\/vi170620gilson-300x193.jpg 300w, http:\/\/www.portalmantena.com.br\/novo\/wp-content\/uploads\/2020\/06\/vi170620gilson-696x447.jpg 696w, http:\/\/www.portalmantena.com.br\/novo\/wp-content\/uploads\/2020\/06\/vi170620gilson-653x420.jpg 653w\" sizes=\"(max-width: 700px) 100vw, 700px\" \/><\/a><\/p>\n<p><span style=\"font-size: 14pt;\">Quem sopra velinhas nesta quarta-feira dia 17 de Junho \u00e9 o ilustre e conhecido advogado mantenense o nosso amigo Sr. Gilson Vieira. <\/span><\/p>\n<p><span style=\"font-size: 14pt;\">Um dos profissionais mais respeitados na cidade e regi\u00e3o e que sempre atende a todos com a mesma simpatia. <\/span><\/p>\n<p><span style=\"font-size: 14pt;\">Parab\u00e9ns Dr. Gilson por mais um ano de vida, aproveitamos para lhe desejar muitas e muitas felicidades, sa\u00fade, paz e que o nosso Deus continue lhe aben\u00e7oando e protegendo.<\/span><\/p>\n<p><a href=\"http:\/\/www.portalmantena.com.br\/novo\/\"><img loading=\"lazy\" class=\"alignnone size-full wp-image-37296\" src=\"http:\/\/www.portalmantena.com.br\/novo\/wp-content\/uploads\/2018\/05\/faixavitrine2.jpg\" alt=\"\" width=\"700\" height=\"40\" srcset=\"http:\/\/www.portalmantena.com.br\/novo\/wp-content\/uploads\/2018\/05\/faixavitrine2.jpg 700w, http:\/\/www.portalmantena.com.br\/novo\/wp-content\/uploads\/2018\/05\/faixavitrine2-300x17.jpg 300w, http:\/\/www.portalmantena.com.br\/novo\/wp-content\/uploads\/2018\/05\/faixavitrine2-696x40.jpg 696w\" sizes=\"(max-width: 700px) 100vw, 700px\" \/><\/a><\/p>\n<p><span style=\"font-size: 10pt;\">ESPA\u00c7O EMPRESARIAL<\/span><a href=\"http:\/\/www.temposolar.com.br\/\"><img loading=\"lazy\" class=\"alignnone size-full wp-image-44084\" src=\"http:\/\/www.portalmantena.com.br\/novo\/wp-content\/uploads\/2018\/05\/temposolarbb.jpg\" alt=\"\" width=\"700\" height=\"150\" srcset=\"http:\/\/www.portalmantena.com.br\/novo\/wp-content\/uploads\/2018\/05\/temposolarbb.jpg 700w, http:\/\/www.portalmantena.com.br\/novo\/wp-content\/uploads\/2018\/05\/temposolarbb-300x64.jpg 300w, http:\/\/www.portalmantena.com.br\/novo\/wp-content\/uploads\/2018\/05\/temposolarbb-696x150.jpg 696w\" sizes=\"(max-width: 700px) 100vw, 700px\" \/><\/a><\/p>\n<p>&nbsp;<\/p>\n","protected":false},"excerpt":{"rendered":"<p>Quem sopra velinhas nesta quarta-feira dia 17 de Junho \u00e9 o ilustre e conhecido advogado mantenense o nosso amigo Sr. Gilson Vieira. Um dos profissionais mais respeitados na cidade e regi\u00e3o e que sempre atende a todos com a mesma simpatia. Parab\u00e9ns Dr. Gilson por mais um ano de vida, aproveitamos para lhe desejar muitas [&hellip;]<\/p>\n","protected":false},"author":1,"featured_media":61338,"comment_status":"open","ping_status":"open","sticky":false,"template":"","format":"standard","meta":[],"categories":[7],"tags":[],"_links":{"self":[{"href":"http:\/\/www.portalmantena.com.br\/novo\/index.php?rest_route=\/wp\/v2\/posts\/61337"}],"collection":[{"href":"http:\/\/www.portalmantena.com.br\/novo\/index.php?rest_route=\/wp\/v2\/posts"}],"about":[{"href":"http:\/\/www.portalmantena.com.br\/novo\/index.php?rest_route=\/wp\/v2\/types\/post"}],"author":[{"embeddable":true,"href":"http:\/\/www.portalmantena.com.br\/novo\/index.php?rest_route=\/wp\/v2\/users\/1"}],"replies":[{"embeddable":true,"href":"http:\/\/www.portalmantena.com.br\/novo\/index.php?rest_route=%2Fwp%2Fv2%2Fcomments&post=61337"}],"version-history":[{"count":1,"href":"http:\/\/www.portalmantena.com.br\/novo\/index.php?rest_route=\/wp\/v2\/posts\/61337\/revisions"}],"predecessor-version":[{"id":61339,"href":"http:\/\/www.portalmantena.com.br\/novo\/index.php?rest_route=\/wp\/v2\/posts\/61337\/revisions\/61339"}],"wp:featuredmedia":[{"embeddable":true,"href":"http:\/\/www.portalmantena.com.br\/novo\/index.php?rest_route=\/wp\/v2\/media\/61338"}],"wp:attachment":[{"href":"http:\/\/www.portalmantena.com.br\/novo\/index.php?rest_route=%2Fwp%2Fv2%2Fmedia&parent=61337"}],"wp:term":[{"taxonomy":"category","embeddable":true,"href":"http:\/\/www.portalmantena.com.br\/novo\/index.php?rest_route=%2Fwp%2Fv2%2Fcategories&post=61337"},{"taxonomy":"post_tag","embeddable":true,"href":"http:\/\/www.portalmantena.com.br\/novo\/index.php?rest_route=%2Fwp%2Fv2%2Ftags&post=61337"}],"curies":[{"name":"wp","href":"https:\/\/api.w.org\/{rel}","templated":true}]}}