{"id":61332,"date":"2020-06-17T10:50:15","date_gmt":"2020-06-17T13:50:15","guid":{"rendered":"http:\/\/www.portalmantena.com.br\/novo\/?p=61332"},"modified":"2020-06-17T15:10:38","modified_gmt":"2020-06-17T18:10:38","slug":"mantena-chuva-totaliza-88-mm-antecedendo-o-inverno","status":"publish","type":"post","link":"http:\/\/www.portalmantena.com.br\/novo\/?p=61332","title":{"rendered":"Mantena: Chuva totaliza 8,8 mm antecedendo o Inverno"},"content":{"rendered":"<p><a href=\"http:\/\/www.portalmantena.com.br\/novo\/wp-content\/uploads\/2020\/06\/no170620chuva1.jpg\"><img loading=\"lazy\" class=\"alignnone size-full wp-image-61333\" src=\"http:\/\/www.portalmantena.com.br\/novo\/wp-content\/uploads\/2020\/06\/no170620chuva1.jpg\" alt=\"\" width=\"700\" height=\"450\" srcset=\"http:\/\/www.portalmantena.com.br\/novo\/wp-content\/uploads\/2020\/06\/no170620chuva1.jpg 700w, http:\/\/www.portalmantena.com.br\/novo\/wp-content\/uploads\/2020\/06\/no170620chuva1-300x193.jpg 300w, http:\/\/www.portalmantena.com.br\/novo\/wp-content\/uploads\/2020\/06\/no170620chuva1-696x447.jpg 696w, http:\/\/www.portalmantena.com.br\/novo\/wp-content\/uploads\/2020\/06\/no170620chuva1-653x420.jpg 653w\" sizes=\"(max-width: 700px) 100vw, 700px\" \/><\/a><\/p>\n<p><span style=\"font-size: 14pt;\">A semana come\u00e7ou em Mantena com o clima totalmente modificado em rela\u00e7\u00e3o aos \u00faltimos dias onde foram predominantes o sol, c\u00e9u azul e o clima seco. <\/span><\/p>\n<p><span style=\"font-size: 14pt;\">A segunda-feira j\u00e1 iniciou com o c\u00e9u carregado por nuvens e uma sens\u00edvel queda na temperatura. <\/span><\/p>\n<p><span style=\"font-size: 14pt;\">J\u00e1 na ter\u00e7a-feira, uma chuva fina veio sobre a cidade, totalizando 7 mil\u00edmetros com a m\u00ednima registrada de 19 graus, e a umidade relativa do ar em m\u00e9dia na casa dos 85%. <\/span><\/p>\n<p><span style=\"font-size: 14pt;\">As condi\u00e7\u00f5es seguiram favor\u00e1veis na madrugada desta quarta-feira, novamente com chuva fina que totalizou 1,8 mm at\u00e9 o in\u00edcio da manh\u00e3, com a temperatura m\u00ednima de 18 graus e a umidade relativa do ar em m\u00e9dia na casa dos 88%. <\/span><\/p>\n<p><span style=\"font-size: 18pt;\"><strong>Com o clima agrad\u00e1vel, estes dois dias de chuva sobre Mantena totalizaram 8,8 mil\u00edmetros, ou seja, quase 9 litros por metro quadrado. <\/strong><\/span><\/p>\n<p><span style=\"font-size: 14pt;\">Uma condi\u00e7\u00e3o clim\u00e1tica que antecede a chegada do inverno que chega no pr\u00f3ximo dia 20 de Junho. A partir de ent\u00e3o, j\u00e1 s\u00e3o esperados dias mais frios com a chegada de frentes frias sobre a regi\u00e3o. <\/span><\/p>\n<p><span style=\"font-size: 14pt;\">A previs\u00e3o para esta quarta-feira segue com o c\u00e9u com muitas nuvens durante o dia, com chuva a qualquer hora.<\/span><\/p>\n<p><a href=\"http:\/\/www.portalmantena.com.br\/novo\/wp-content\/uploads\/2020\/06\/no170620chuva2.jpg\"><img loading=\"lazy\" class=\"alignnone size-full wp-image-61334\" src=\"http:\/\/www.portalmantena.com.br\/novo\/wp-content\/uploads\/2020\/06\/no170620chuva2.jpg\" alt=\"\" width=\"700\" height=\"450\" srcset=\"http:\/\/www.portalmantena.com.br\/novo\/wp-content\/uploads\/2020\/06\/no170620chuva2.jpg 700w, http:\/\/www.portalmantena.com.br\/novo\/wp-content\/uploads\/2020\/06\/no170620chuva2-300x193.jpg 300w, http:\/\/www.portalmantena.com.br\/novo\/wp-content\/uploads\/2020\/06\/no170620chuva2-696x447.jpg 696w, http:\/\/www.portalmantena.com.br\/novo\/wp-content\/uploads\/2020\/06\/no170620chuva2-653x420.jpg 653w\" sizes=\"(max-width: 700px) 100vw, 700px\" \/><\/a><a href=\"http:\/\/www.portalmantena.com.br\/novo\/\"><img loading=\"lazy\" class=\"alignnone size-full wp-image-37331\" src=\"http:\/\/www.portalmantena.com.br\/novo\/wp-content\/uploads\/2018\/05\/faixaportalnoticias5.jpg\" alt=\"\" width=\"700\" height=\"40\" srcset=\"http:\/\/www.portalmantena.com.br\/novo\/wp-content\/uploads\/2018\/05\/faixaportalnoticias5.jpg 700w, http:\/\/www.portalmantena.com.br\/novo\/wp-content\/uploads\/2018\/05\/faixaportalnoticias5-300x17.jpg 300w, http:\/\/www.portalmantena.com.br\/novo\/wp-content\/uploads\/2018\/05\/faixaportalnoticias5-696x40.jpg 696w\" sizes=\"(max-width: 700px) 100vw, 700px\" \/><\/a><\/p>\n<p><span style=\"font-size: 10pt;\">ESPA\u00c7O EMPRESARIAL<\/span><a href=\"https:\/\/www.facebook.com\/rf.oliveira.9\"><img loading=\"lazy\" class=\"alignnone size-full wp-image-61041\" src=\"http:\/\/www.portalmantena.com.br\/novo\/wp-content\/uploads\/2018\/05\/avenida040620ab.jpg\" alt=\"\" width=\"700\" height=\"150\" srcset=\"http:\/\/www.portalmantena.com.br\/novo\/wp-content\/uploads\/2018\/05\/avenida040620ab.jpg 700w, http:\/\/www.portalmantena.com.br\/novo\/wp-content\/uploads\/2018\/05\/avenida040620ab-300x64.jpg 300w, http:\/\/www.portalmantena.com.br\/novo\/wp-content\/uploads\/2018\/05\/avenida040620ab-696x150.jpg 696w\" sizes=\"(max-width: 700px) 100vw, 700px\" \/><\/a><\/p>\n","protected":false},"excerpt":{"rendered":"<p>A semana come\u00e7ou em Mantena com o clima totalmente modificado em rela\u00e7\u00e3o aos \u00faltimos dias onde foram predominantes o sol, c\u00e9u azul e o clima seco. A segunda-feira j\u00e1 iniciou com o c\u00e9u carregado por nuvens e uma sens\u00edvel queda na temperatura. J\u00e1 na ter\u00e7a-feira, uma chuva fina veio sobre a cidade, totalizando 7 mil\u00edmetros [&hellip;]<\/p>\n","protected":false},"author":1,"featured_media":61333,"comment_status":"open","ping_status":"open","sticky":false,"template":"","format":"standard","meta":[],"categories":[36,12],"tags":[],"_links":{"self":[{"href":"http:\/\/www.portalmantena.com.br\/novo\/index.php?rest_route=\/wp\/v2\/posts\/61332"}],"collection":[{"href":"http:\/\/www.portalmantena.com.br\/novo\/index.php?rest_route=\/wp\/v2\/posts"}],"about":[{"href":"http:\/\/www.portalmantena.com.br\/novo\/index.php?rest_route=\/wp\/v2\/types\/post"}],"author":[{"embeddable":true,"href":"http:\/\/www.portalmantena.com.br\/novo\/index.php?rest_route=\/wp\/v2\/users\/1"}],"replies":[{"embeddable":true,"href":"http:\/\/www.portalmantena.com.br\/novo\/index.php?rest_route=%2Fwp%2Fv2%2Fcomments&post=61332"}],"version-history":[{"count":1,"href":"http:\/\/www.portalmantena.com.br\/novo\/index.php?rest_route=\/wp\/v2\/posts\/61332\/revisions"}],"predecessor-version":[{"id":61335,"href":"http:\/\/www.portalmantena.com.br\/novo\/index.php?rest_route=\/wp\/v2\/posts\/61332\/revisions\/61335"}],"wp:featuredmedia":[{"embeddable":true,"href":"http:\/\/www.portalmantena.com.br\/novo\/index.php?rest_route=\/wp\/v2\/media\/61333"}],"wp:attachment":[{"href":"http:\/\/www.portalmantena.com.br\/novo\/index.php?rest_route=%2Fwp%2Fv2%2Fmedia&parent=61332"}],"wp:term":[{"taxonomy":"category","embeddable":true,"href":"http:\/\/www.portalmantena.com.br\/novo\/index.php?rest_route=%2Fwp%2Fv2%2Fcategories&post=61332"},{"taxonomy":"post_tag","embeddable":true,"href":"http:\/\/www.portalmantena.com.br\/novo\/index.php?rest_route=%2Fwp%2Fv2%2Ftags&post=61332"}],"curies":[{"name":"wp","href":"https:\/\/api.w.org\/{rel}","templated":true}]}}