{"id":61282,"date":"2020-06-18T06:37:16","date_gmt":"2020-06-18T09:37:16","guid":{"rendered":"http:\/\/www.portalmantena.com.br\/novo\/?p=61282"},"modified":"2020-06-18T15:18:35","modified_gmt":"2020-06-18T18:18:35","slug":"mantena-vereador-agradece-inicio-do-posto-medico-em-lajinha","status":"publish","type":"post","link":"http:\/\/www.portalmantena.com.br\/novo\/?p=61282","title":{"rendered":"Mantena: Vereador agradece in\u00edcio do Posto M\u00e9dico em Lajinha"},"content":{"rendered":"<p><a href=\"http:\/\/www.portalmantena.com.br\/novo\/wp-content\/uploads\/2020\/06\/no150620roberio1.jpg\"><img loading=\"lazy\" class=\"alignnone size-full wp-image-61283\" src=\"http:\/\/www.portalmantena.com.br\/novo\/wp-content\/uploads\/2020\/06\/no150620roberio1.jpg\" alt=\"\" width=\"700\" height=\"450\" srcset=\"http:\/\/www.portalmantena.com.br\/novo\/wp-content\/uploads\/2020\/06\/no150620roberio1.jpg 700w, http:\/\/www.portalmantena.com.br\/novo\/wp-content\/uploads\/2020\/06\/no150620roberio1-300x193.jpg 300w, http:\/\/www.portalmantena.com.br\/novo\/wp-content\/uploads\/2020\/06\/no150620roberio1-696x447.jpg 696w, http:\/\/www.portalmantena.com.br\/novo\/wp-content\/uploads\/2020\/06\/no150620roberio1-653x420.jpg 653w\" sizes=\"(max-width: 700px) 100vw, 700px\" \/><\/a><\/p>\n<p><span style=\"font-size: 14pt;\">Com o objetivo de atender a demanda das fam\u00edlias que residem nos c\u00f3rregos da Lajinha, Celestrino, Arrudas e Adjac\u00eancias, pela instala\u00e7\u00e3o de um posto M\u00e9dico na localidade, o vereador mantenense Rob\u00e9rio Francisco Costa, fez a indica\u00e7\u00e3o 026\/18, que foi encaminhada ao executivo municipal e felizmente passa a ser atendida. <\/span><\/p>\n<p><span style=\"font-size: 14pt;\">De acordo com o vereador, o atendimento m\u00e9dico j\u00e1 \u00e9 feito na localidade, nas depend\u00eancias da Igreja Assembl\u00e9ia de Deus, no entanto a constru\u00e7\u00e3o deste posto em local determinado (com terreno j\u00e1 doado para este fim), ser\u00e1 um ganho enorme para as fam\u00edlias. <\/span><\/p>\n<p><span style=\"font-size: 14pt;\">Com um local apropriado, dentro das normas para este servi\u00e7o de atendimento padronizado e especializado, proporcionar\u00e1 qualidade tanto para os pacientes, m\u00e9dico e atendentes. <\/span><\/p>\n<p><span style=\"font-size: 14pt;\">A boa not\u00edcia \u00e9 que a constru\u00e7\u00e3o do Posto de Sa\u00fade j\u00e1 iniciou com a base praticamente pronta e as paredes sendo erguidas, e o vereador aproveita a oportunidade para agradecer ao executivo municipal pela indica\u00e7\u00e3o atendida, uma obra que representa muito para a popula\u00e7\u00e3o.<\/span><\/p>\n<p><a href=\"http:\/\/www.portalmantena.com.br\/novo\/wp-content\/uploads\/2020\/06\/no150620roberio2.jpg\"><img loading=\"lazy\" class=\"alignnone size-full wp-image-61284\" src=\"http:\/\/www.portalmantena.com.br\/novo\/wp-content\/uploads\/2020\/06\/no150620roberio2.jpg\" alt=\"\" width=\"700\" height=\"450\" srcset=\"http:\/\/www.portalmantena.com.br\/novo\/wp-content\/uploads\/2020\/06\/no150620roberio2.jpg 700w, http:\/\/www.portalmantena.com.br\/novo\/wp-content\/uploads\/2020\/06\/no150620roberio2-300x193.jpg 300w, http:\/\/www.portalmantena.com.br\/novo\/wp-content\/uploads\/2020\/06\/no150620roberio2-696x447.jpg 696w, http:\/\/www.portalmantena.com.br\/novo\/wp-content\/uploads\/2020\/06\/no150620roberio2-653x420.jpg 653w\" sizes=\"(max-width: 700px) 100vw, 700px\" \/><\/a> <a href=\"http:\/\/www.portalmantena.com.br\/novo\/wp-content\/uploads\/2020\/06\/no150620roberio3.jpg\"><img loading=\"lazy\" class=\"alignnone size-full wp-image-61285\" src=\"http:\/\/www.portalmantena.com.br\/novo\/wp-content\/uploads\/2020\/06\/no150620roberio3.jpg\" alt=\"\" width=\"700\" height=\"450\" srcset=\"http:\/\/www.portalmantena.com.br\/novo\/wp-content\/uploads\/2020\/06\/no150620roberio3.jpg 700w, http:\/\/www.portalmantena.com.br\/novo\/wp-content\/uploads\/2020\/06\/no150620roberio3-300x193.jpg 300w, http:\/\/www.portalmantena.com.br\/novo\/wp-content\/uploads\/2020\/06\/no150620roberio3-696x447.jpg 696w, http:\/\/www.portalmantena.com.br\/novo\/wp-content\/uploads\/2020\/06\/no150620roberio3-653x420.jpg 653w\" sizes=\"(max-width: 700px) 100vw, 700px\" \/><\/a> <a href=\"http:\/\/www.portalmantena.com.br\/novo\/wp-content\/uploads\/2020\/06\/no150620roberio4.jpg\"><img loading=\"lazy\" class=\"alignnone size-full wp-image-61286\" src=\"http:\/\/www.portalmantena.com.br\/novo\/wp-content\/uploads\/2020\/06\/no150620roberio4.jpg\" alt=\"\" width=\"700\" height=\"450\" srcset=\"http:\/\/www.portalmantena.com.br\/novo\/wp-content\/uploads\/2020\/06\/no150620roberio4.jpg 700w, http:\/\/www.portalmantena.com.br\/novo\/wp-content\/uploads\/2020\/06\/no150620roberio4-300x193.jpg 300w, http:\/\/www.portalmantena.com.br\/novo\/wp-content\/uploads\/2020\/06\/no150620roberio4-696x447.jpg 696w, http:\/\/www.portalmantena.com.br\/novo\/wp-content\/uploads\/2020\/06\/no150620roberio4-653x420.jpg 653w\" sizes=\"(max-width: 700px) 100vw, 700px\" \/><\/a><a href=\"http:\/\/www.portalmantena.com.br\/novo\/\"><img loading=\"lazy\" class=\"alignnone size-full wp-image-37331\" src=\"http:\/\/www.portalmantena.com.br\/novo\/wp-content\/uploads\/2018\/05\/faixaportalnoticias5.jpg\" alt=\"\" width=\"700\" height=\"40\" srcset=\"http:\/\/www.portalmantena.com.br\/novo\/wp-content\/uploads\/2018\/05\/faixaportalnoticias5.jpg 700w, http:\/\/www.portalmantena.com.br\/novo\/wp-content\/uploads\/2018\/05\/faixaportalnoticias5-300x17.jpg 300w, http:\/\/www.portalmantena.com.br\/novo\/wp-content\/uploads\/2018\/05\/faixaportalnoticias5-696x40.jpg 696w\" sizes=\"(max-width: 700px) 100vw, 700px\" \/><\/a><\/p>\n<p><span style=\"font-size: 10pt;\">ESPA\u00c7O EMPRESARIAL<\/span><a href=\"http:\/\/www.portalmantena.com.br\/novo\/wp-content\/uploads\/2018\/05\/postoterraboa.jpg\"><img loading=\"lazy\" class=\"alignnone size-full wp-image-29172\" src=\"http:\/\/www.portalmantena.com.br\/novo\/wp-content\/uploads\/2018\/05\/postoterraboa.jpg\" alt=\"\" width=\"700\" height=\"150\" srcset=\"http:\/\/www.portalmantena.com.br\/novo\/wp-content\/uploads\/2018\/05\/postoterraboa.jpg 700w, http:\/\/www.portalmantena.com.br\/novo\/wp-content\/uploads\/2018\/05\/postoterraboa-300x64.jpg 300w, http:\/\/www.portalmantena.com.br\/novo\/wp-content\/uploads\/2018\/05\/postoterraboa-696x150.jpg 696w\" sizes=\"(max-width: 700px) 100vw, 700px\" \/><\/a><\/p>\n","protected":false},"excerpt":{"rendered":"<p>Com o objetivo de atender a demanda das fam\u00edlias que residem nos c\u00f3rregos da Lajinha, Celestrino, Arrudas e Adjac\u00eancias, pela instala\u00e7\u00e3o de um posto M\u00e9dico na localidade, o vereador mantenense Rob\u00e9rio Francisco Costa, fez a indica\u00e7\u00e3o 026\/18, que foi encaminhada ao executivo municipal e felizmente passa a ser atendida. De acordo com o vereador, o [&hellip;]<\/p>\n","protected":false},"author":1,"featured_media":61285,"comment_status":"open","ping_status":"open","sticky":false,"template":"","format":"standard","meta":[],"categories":[69],"tags":[],"_links":{"self":[{"href":"http:\/\/www.portalmantena.com.br\/novo\/index.php?rest_route=\/wp\/v2\/posts\/61282"}],"collection":[{"href":"http:\/\/www.portalmantena.com.br\/novo\/index.php?rest_route=\/wp\/v2\/posts"}],"about":[{"href":"http:\/\/www.portalmantena.com.br\/novo\/index.php?rest_route=\/wp\/v2\/types\/post"}],"author":[{"embeddable":true,"href":"http:\/\/www.portalmantena.com.br\/novo\/index.php?rest_route=\/wp\/v2\/users\/1"}],"replies":[{"embeddable":true,"href":"http:\/\/www.portalmantena.com.br\/novo\/index.php?rest_route=%2Fwp%2Fv2%2Fcomments&post=61282"}],"version-history":[{"count":1,"href":"http:\/\/www.portalmantena.com.br\/novo\/index.php?rest_route=\/wp\/v2\/posts\/61282\/revisions"}],"predecessor-version":[{"id":61287,"href":"http:\/\/www.portalmantena.com.br\/novo\/index.php?rest_route=\/wp\/v2\/posts\/61282\/revisions\/61287"}],"wp:featuredmedia":[{"embeddable":true,"href":"http:\/\/www.portalmantena.com.br\/novo\/index.php?rest_route=\/wp\/v2\/media\/61285"}],"wp:attachment":[{"href":"http:\/\/www.portalmantena.com.br\/novo\/index.php?rest_route=%2Fwp%2Fv2%2Fmedia&parent=61282"}],"wp:term":[{"taxonomy":"category","embeddable":true,"href":"http:\/\/www.portalmantena.com.br\/novo\/index.php?rest_route=%2Fwp%2Fv2%2Fcategories&post=61282"},{"taxonomy":"post_tag","embeddable":true,"href":"http:\/\/www.portalmantena.com.br\/novo\/index.php?rest_route=%2Fwp%2Fv2%2Ftags&post=61282"}],"curies":[{"name":"wp","href":"https:\/\/api.w.org\/{rel}","templated":true}]}}