{"id":60810,"date":"2020-05-28T09:22:13","date_gmt":"2020-05-28T12:22:13","guid":{"rendered":"http:\/\/www.portalmantena.com.br\/novo\/?p=60810"},"modified":"2020-05-28T09:22:13","modified_gmt":"2020-05-28T12:22:13","slug":"central-de-minas-pm-combatendo-o-trafico-de-drogas","status":"publish","type":"post","link":"http:\/\/www.portalmantena.com.br\/novo\/?p=60810","title":{"rendered":"Central de Minas: PM combatendo o tr\u00e1fico de drogas"},"content":{"rendered":"<p><a href=\"http:\/\/www.portalmantena.com.br\/novo\/wp-content\/uploads\/2020\/05\/no280520droga2.jpg\"><img loading=\"lazy\" class=\"alignnone size-full wp-image-60811\" src=\"http:\/\/www.portalmantena.com.br\/novo\/wp-content\/uploads\/2020\/05\/no280520droga2.jpg\" alt=\"\" width=\"700\" height=\"450\" srcset=\"http:\/\/www.portalmantena.com.br\/novo\/wp-content\/uploads\/2020\/05\/no280520droga2.jpg 700w, http:\/\/www.portalmantena.com.br\/novo\/wp-content\/uploads\/2020\/05\/no280520droga2-300x193.jpg 300w, http:\/\/www.portalmantena.com.br\/novo\/wp-content\/uploads\/2020\/05\/no280520droga2-696x447.jpg 696w, http:\/\/www.portalmantena.com.br\/novo\/wp-content\/uploads\/2020\/05\/no280520droga2-653x420.jpg 653w\" sizes=\"(max-width: 700px) 100vw, 700px\" \/><\/a><\/p>\n<p><span style=\"font-size: 14pt;\">Os policiais militares da cidade de Central de Minas, Sargento Gean, Sargento Chaves, Cabo Silva Neto e Soldado Andr\u00e9, obtiveram na noite da \u00faltima segunda-feira dia 18 de Maio, uma den\u00fancia an\u00f4nima de tr\u00e1fico de drogas ocorrendo em uma resid\u00eancia da cidade. <\/span><\/p>\n<p><span style=\"font-size: 18pt;\"><strong>Foi ent\u00e3o que os militares monitoraram os denunciados, tendo \u00eaxito e prendendo tr\u00eas homens suspeitos. <\/strong><\/span><\/p>\n<p><span style=\"font-size: 14pt;\">Segundo informa\u00e7\u00f5es na opera\u00e7\u00e3o foram apreendidas drogas, celulares, dinheiro e uma motocicleta. (fonte\/foto:PMMG).<\/span><\/p>\n<p><a href=\"http:\/\/www.portalmantena.com.br\/novo\/\"><img loading=\"lazy\" class=\"alignnone size-full wp-image-37331\" src=\"http:\/\/www.portalmantena.com.br\/novo\/wp-content\/uploads\/2018\/05\/faixaportalnoticias5.jpg\" alt=\"\" width=\"700\" height=\"40\" srcset=\"http:\/\/www.portalmantena.com.br\/novo\/wp-content\/uploads\/2018\/05\/faixaportalnoticias5.jpg 700w, http:\/\/www.portalmantena.com.br\/novo\/wp-content\/uploads\/2018\/05\/faixaportalnoticias5-300x17.jpg 300w, http:\/\/www.portalmantena.com.br\/novo\/wp-content\/uploads\/2018\/05\/faixaportalnoticias5-696x40.jpg 696w\" sizes=\"(max-width: 700px) 100vw, 700px\" \/><\/a><\/p>\n<p><span style=\"font-size: 10pt;\">ESPA\u00c7O EMPRESARIAL<\/span><a href=\"http:\/\/www.portalmantena.com.br\/novo\/?p=60074\"><img loading=\"lazy\" class=\"alignnone size-full wp-image-60077\" src=\"http:\/\/www.portalmantena.com.br\/novo\/wp-content\/uploads\/2020\/05\/uni040520c.jpg\" alt=\"\" width=\"700\" height=\"150\" srcset=\"http:\/\/www.portalmantena.com.br\/novo\/wp-content\/uploads\/2020\/05\/uni040520c.jpg 700w, http:\/\/www.portalmantena.com.br\/novo\/wp-content\/uploads\/2020\/05\/uni040520c-300x64.jpg 300w, http:\/\/www.portalmantena.com.br\/novo\/wp-content\/uploads\/2020\/05\/uni040520c-696x150.jpg 696w\" sizes=\"(max-width: 700px) 100vw, 700px\" \/><\/a><\/p>\n","protected":false},"excerpt":{"rendered":"<p>Os policiais militares da cidade de Central de Minas, Sargento Gean, Sargento Chaves, Cabo Silva Neto e Soldado Andr\u00e9, obtiveram na noite da \u00faltima segunda-feira dia 18 de Maio, uma den\u00fancia an\u00f4nima de tr\u00e1fico de drogas ocorrendo em uma resid\u00eancia da cidade. Foi ent\u00e3o que os militares monitoraram os denunciados, tendo \u00eaxito e prendendo tr\u00eas [&hellip;]<\/p>\n","protected":false},"author":1,"featured_media":60811,"comment_status":"open","ping_status":"open","sticky":false,"template":"","format":"standard","meta":[],"categories":[11,34],"tags":[],"_links":{"self":[{"href":"http:\/\/www.portalmantena.com.br\/novo\/index.php?rest_route=\/wp\/v2\/posts\/60810"}],"collection":[{"href":"http:\/\/www.portalmantena.com.br\/novo\/index.php?rest_route=\/wp\/v2\/posts"}],"about":[{"href":"http:\/\/www.portalmantena.com.br\/novo\/index.php?rest_route=\/wp\/v2\/types\/post"}],"author":[{"embeddable":true,"href":"http:\/\/www.portalmantena.com.br\/novo\/index.php?rest_route=\/wp\/v2\/users\/1"}],"replies":[{"embeddable":true,"href":"http:\/\/www.portalmantena.com.br\/novo\/index.php?rest_route=%2Fwp%2Fv2%2Fcomments&post=60810"}],"version-history":[{"count":1,"href":"http:\/\/www.portalmantena.com.br\/novo\/index.php?rest_route=\/wp\/v2\/posts\/60810\/revisions"}],"predecessor-version":[{"id":60812,"href":"http:\/\/www.portalmantena.com.br\/novo\/index.php?rest_route=\/wp\/v2\/posts\/60810\/revisions\/60812"}],"wp:featuredmedia":[{"embeddable":true,"href":"http:\/\/www.portalmantena.com.br\/novo\/index.php?rest_route=\/wp\/v2\/media\/60811"}],"wp:attachment":[{"href":"http:\/\/www.portalmantena.com.br\/novo\/index.php?rest_route=%2Fwp%2Fv2%2Fmedia&parent=60810"}],"wp:term":[{"taxonomy":"category","embeddable":true,"href":"http:\/\/www.portalmantena.com.br\/novo\/index.php?rest_route=%2Fwp%2Fv2%2Fcategories&post=60810"},{"taxonomy":"post_tag","embeddable":true,"href":"http:\/\/www.portalmantena.com.br\/novo\/index.php?rest_route=%2Fwp%2Fv2%2Ftags&post=60810"}],"curies":[{"name":"wp","href":"https:\/\/api.w.org\/{rel}","templated":true}]}}