{"id":60728,"date":"2020-05-25T17:25:38","date_gmt":"2020-05-25T20:25:38","guid":{"rendered":"http:\/\/www.portalmantena.com.br\/novo\/?p=60728"},"modified":"2020-05-25T15:29:25","modified_gmt":"2020-05-25T18:29:25","slug":"mantena-tem-6-novos-casos-de-covid-19-chegando-a-25","status":"publish","type":"post","link":"http:\/\/www.portalmantena.com.br\/novo\/?p=60728","title":{"rendered":"Mantena tem 6 novos casos de Covid 19 chegando a 25"},"content":{"rendered":"<p><a href=\"http:\/\/www.portalmantena.com.br\/novo\/wp-content\/uploads\/2020\/05\/no250520covid.jpg\"><img loading=\"lazy\" class=\"alignnone size-full wp-image-60729\" src=\"http:\/\/www.portalmantena.com.br\/novo\/wp-content\/uploads\/2020\/05\/no250520covid.jpg\" alt=\"\" width=\"700\" height=\"450\" srcset=\"http:\/\/www.portalmantena.com.br\/novo\/wp-content\/uploads\/2020\/05\/no250520covid.jpg 700w, http:\/\/www.portalmantena.com.br\/novo\/wp-content\/uploads\/2020\/05\/no250520covid-300x193.jpg 300w, http:\/\/www.portalmantena.com.br\/novo\/wp-content\/uploads\/2020\/05\/no250520covid-696x447.jpg 696w, http:\/\/www.portalmantena.com.br\/novo\/wp-content\/uploads\/2020\/05\/no250520covid-653x420.jpg 653w\" sizes=\"(max-width: 700px) 100vw, 700px\" \/><\/a><\/p>\n<p><span style=\"font-size: 14pt;\">Em mais uma LIVE, informando sobre a situa\u00e7\u00e3o do novo coronav\u00edrus em Mantena, na tarde desta segunda-feira dia 25 de Maio, o secret\u00e1rio municipal de Sa\u00fade, Sr. Ocimar Rufino trouxe a atualiza\u00e7\u00e3o do Boletim Epidemiol\u00f3gico para conhecimento da popula\u00e7\u00e3o.<\/span><\/p>\n<p><span style=\"font-size: 14pt;\"> O secret\u00e1rio abriu sua participa\u00e7\u00e3o ao vivo informando que nesta data, existem em Mantena 25 casos confirmados de Covid 19, sendo que deste n\u00famero 04 pacientes est\u00e3o internados em observa\u00e7\u00e3o, 01 internado em UTI, 11 pacientes curados, 07 em isolamento domiciliar e infelizmente duas mortes. <\/span><\/p>\n<p><span style=\"font-size: 14pt;\">O secret\u00e1rio aproveitou a oportunidade para chamar a aten\u00e7\u00e3o da popula\u00e7\u00e3o mantenense <em><strong>\u201cn\u00f3s estamos relativamente controlados mas n\u00f3s precisamos melhorar ainda muito. Gra\u00e7as ao uso de m\u00e1scaras, hoje cerca de 90% da popula\u00e7\u00e3o est\u00e1 usando m\u00e1scara, ent\u00e3o isso \u00e9 muito importante. Esperamos que a popula\u00e7\u00e3o mantenense continua contribuindo\u201d<\/strong><\/em>, disse o secret\u00e1rio. <\/span><\/p>\n<p><span style=\"font-size: 14pt;\">Ocimar continuou fazendo observa\u00e7\u00f5es sobre o Boletim, informando sobre o aumento dos seis casos,<em><strong> \u201cjustamente pelo final de semana, as pessoas passaram mal e procuraram a unidade, testaram, j\u00e1 tinha mais de 7 dias, elas j\u00e1 estavam em isolamento domiciliar, agravou e procurou o pronto atendimento\u201d<\/strong><\/em>, disse. <\/span><\/p>\n<p><span style=\"font-size: 14pt;\">Quanto ao futuro dos casos em Mantena o secret\u00e1rio confirmou que a tend\u00eancia \u00e9 subir, <em><strong>\u201cMantena n\u00f3s estamos em crescente, a nossa tend\u00eancia \u00e9 subir. <\/strong><\/em><\/span><span style=\"font-size: 14pt;\"><em><strong>O que a gente quer com as nossas medidas de usar m\u00e1scara e o isolamento \u00e9 que n\u00e3o suba de uma vez.<\/strong><\/em><\/span><\/p>\n<p><span style=\"font-size: 14pt;\"><em><strong>Hoje n\u00f3s temos aqui leitos, ainda temos leitos de UTI desocupados hoje em Governador Valadares que \u00e9 a nossa refer\u00eancia, ent\u00e3o n\u00f3s n\u00e3o estamos diante de um caos na sa\u00fade.<\/strong><\/em><\/span><\/p>\n<p><span style=\"font-size: 14pt;\"><em><strong>\u00c9 justamente pra isso que a gente est\u00e1 tendo as medidas preventivas, pra que a gente n\u00e3o tenha uma explos\u00e3o de casos que o sistema de sa\u00fade n\u00e3o consiga absorver. <\/strong><\/em><\/span><\/p>\n<p><span style=\"font-size: 14pt;\"><em><strong>\u00c9 justamente para isso que as medidas de isolamento e distanciamento elas s\u00e3o necess\u00e1rias neste momento, uso de m\u00e1scara, \u00e1lcool em gel, precisa virar rotina agora no nosso cotidiano\u201d<\/strong><\/em>, concluiu.<\/span><\/p>\n<p><a href=\"http:\/\/www.portalmantena.com.br\/novo\/\"><img loading=\"lazy\" class=\"alignnone size-full wp-image-37331\" src=\"http:\/\/www.portalmantena.com.br\/novo\/wp-content\/uploads\/2018\/05\/faixaportalnoticias5.jpg\" alt=\"\" width=\"700\" height=\"40\" srcset=\"http:\/\/www.portalmantena.com.br\/novo\/wp-content\/uploads\/2018\/05\/faixaportalnoticias5.jpg 700w, http:\/\/www.portalmantena.com.br\/novo\/wp-content\/uploads\/2018\/05\/faixaportalnoticias5-300x17.jpg 300w, http:\/\/www.portalmantena.com.br\/novo\/wp-content\/uploads\/2018\/05\/faixaportalnoticias5-696x40.jpg 696w\" sizes=\"(max-width: 700px) 100vw, 700px\" \/><\/a><\/p>\n<p><span style=\"font-size: 10pt;\">ESPA\u00c7O EMPRESARIAL<\/span><a href=\"https:\/\/www.facebook.com\/profile.php?id=100004934627949&amp;fref=ts\"><img loading=\"lazy\" class=\"alignnone size-full wp-image-59752\" src=\"http:\/\/www.portalmantena.com.br\/novo\/wp-content\/uploads\/2018\/05\/print150420.jpg\" alt=\"\" width=\"700\" height=\"150\" srcset=\"http:\/\/www.portalmantena.com.br\/novo\/wp-content\/uploads\/2018\/05\/print150420.jpg 700w, http:\/\/www.portalmantena.com.br\/novo\/wp-content\/uploads\/2018\/05\/print150420-300x64.jpg 300w, http:\/\/www.portalmantena.com.br\/novo\/wp-content\/uploads\/2018\/05\/print150420-696x150.jpg 696w\" sizes=\"(max-width: 700px) 100vw, 700px\" \/><\/a><\/p>\n","protected":false},"excerpt":{"rendered":"<p>Em mais uma LIVE, informando sobre a situa\u00e7\u00e3o do novo coronav\u00edrus em Mantena, na tarde desta segunda-feira dia 25 de Maio, o secret\u00e1rio municipal de Sa\u00fade, Sr. Ocimar Rufino trouxe a atualiza\u00e7\u00e3o do Boletim Epidemiol\u00f3gico para conhecimento da popula\u00e7\u00e3o. O secret\u00e1rio abriu sua participa\u00e7\u00e3o ao vivo informando que nesta data, existem em Mantena 25 casos [&hellip;]<\/p>\n","protected":false},"author":1,"featured_media":60729,"comment_status":"open","ping_status":"open","sticky":false,"template":"","format":"standard","meta":[],"categories":[36,12],"tags":[],"_links":{"self":[{"href":"http:\/\/www.portalmantena.com.br\/novo\/index.php?rest_route=\/wp\/v2\/posts\/60728"}],"collection":[{"href":"http:\/\/www.portalmantena.com.br\/novo\/index.php?rest_route=\/wp\/v2\/posts"}],"about":[{"href":"http:\/\/www.portalmantena.com.br\/novo\/index.php?rest_route=\/wp\/v2\/types\/post"}],"author":[{"embeddable":true,"href":"http:\/\/www.portalmantena.com.br\/novo\/index.php?rest_route=\/wp\/v2\/users\/1"}],"replies":[{"embeddable":true,"href":"http:\/\/www.portalmantena.com.br\/novo\/index.php?rest_route=%2Fwp%2Fv2%2Fcomments&post=60728"}],"version-history":[{"count":1,"href":"http:\/\/www.portalmantena.com.br\/novo\/index.php?rest_route=\/wp\/v2\/posts\/60728\/revisions"}],"predecessor-version":[{"id":60730,"href":"http:\/\/www.portalmantena.com.br\/novo\/index.php?rest_route=\/wp\/v2\/posts\/60728\/revisions\/60730"}],"wp:featuredmedia":[{"embeddable":true,"href":"http:\/\/www.portalmantena.com.br\/novo\/index.php?rest_route=\/wp\/v2\/media\/60729"}],"wp:attachment":[{"href":"http:\/\/www.portalmantena.com.br\/novo\/index.php?rest_route=%2Fwp%2Fv2%2Fmedia&parent=60728"}],"wp:term":[{"taxonomy":"category","embeddable":true,"href":"http:\/\/www.portalmantena.com.br\/novo\/index.php?rest_route=%2Fwp%2Fv2%2Fcategories&post=60728"},{"taxonomy":"post_tag","embeddable":true,"href":"http:\/\/www.portalmantena.com.br\/novo\/index.php?rest_route=%2Fwp%2Fv2%2Ftags&post=60728"}],"curies":[{"name":"wp","href":"https:\/\/api.w.org\/{rel}","templated":true}]}}