{"id":60616,"date":"2020-05-21T01:52:47","date_gmt":"2020-05-21T04:52:47","guid":{"rendered":"http:\/\/www.portalmantena.com.br\/novo\/?p=60616"},"modified":"2020-05-21T08:32:44","modified_gmt":"2020-05-21T11:32:44","slug":"covid-19-chegou-em-vila-pavao-com-02-casos-confirmados","status":"publish","type":"post","link":"http:\/\/www.portalmantena.com.br\/novo\/?p=60616","title":{"rendered":"Covid 19 chegou em Vila Pav\u00e3o com 02 casos confirmados"},"content":{"rendered":"<p><a href=\"http:\/\/www.portalmantena.com.br\/novo\/wp-content\/uploads\/2020\/05\/no200520vila.jpg\"><img loading=\"lazy\" class=\"alignnone size-full wp-image-60617\" src=\"http:\/\/www.portalmantena.com.br\/novo\/wp-content\/uploads\/2020\/05\/no200520vila.jpg\" alt=\"\" width=\"700\" height=\"450\" srcset=\"http:\/\/www.portalmantena.com.br\/novo\/wp-content\/uploads\/2020\/05\/no200520vila.jpg 700w, http:\/\/www.portalmantena.com.br\/novo\/wp-content\/uploads\/2020\/05\/no200520vila-300x193.jpg 300w, http:\/\/www.portalmantena.com.br\/novo\/wp-content\/uploads\/2020\/05\/no200520vila-696x447.jpg 696w, http:\/\/www.portalmantena.com.br\/novo\/wp-content\/uploads\/2020\/05\/no200520vila-653x420.jpg 653w\" sizes=\"(max-width: 700px) 100vw, 700px\" \/><\/a><\/p>\n<p><span style=\"font-size: 14pt;\">Uma publica\u00e7\u00e3o foi feita na manh\u00e3 desta quarta-feira dia 20 de Maio, na p\u00e1gina oficial do Munic\u00edpio no facebook informando \u00e0 popula\u00e7\u00e3o da confirma\u00e7\u00e3o dos dois primeiros casos de covid 19 no munic\u00edpio.<\/span><\/p>\n<p><span style=\"font-size: 14pt;\"> A publica\u00e7\u00e3o tr\u00e1s a seguinte informa\u00e7\u00e3o: <\/span><\/p>\n<p><span style=\"font-size: 14pt;\"><strong>\u201dO munic\u00edpio de Vila Pav\u00e3o, confirmou no final da manh\u00e3 desta quarta-feira (20), o registro dos dois primeiros casos positivos do novo coronav\u00edrus, causador da Covid 19. <\/strong><\/span><\/p>\n<p><span style=\"font-size: 14pt;\"><strong>O an\u00fancio foi feito por meio um v\u00eddeo divulgado nas redes sociais pela secret\u00e1ria municipal de Sa\u00fade, Luciane alves Linause e pelo prefeito Irineu Wutke. Segundo a secret\u00e1ria, os infectados s\u00e3o marido e mulher, residentes no interior do munic\u00edpio que positivaram atrav\u00e9s de teste r\u00e1pido realizado no Centro de Sa\u00fade da cidade&#8230;. <\/strong><\/span><\/p>\n<p><span style=\"font-size: 14pt;\"><strong>\u201cAgora mais um motivo para que todos n\u00f3s redobremos os cuidados com a higieniza\u00e7\u00e3o, distanciamento social e uso de m\u00e1scaras para possamos manter sob controle a doen\u00e7a\u201d, disse o prefeito. <\/strong><\/span><\/p>\n<p><span style=\"font-size: 14pt;\"><strong>At\u00e9 o momento, o estado do Esp\u00edrito Santo tem 7.693 casos confirmados da Covid-19 e 325 mortes, de acordo com o boletim mais recente divulgado na noite de ontem\u201d, <\/strong>\u00e9 o conte\u00fado da publica\u00e7\u00e3o.<\/span><\/p>\n<p><a href=\"http:\/\/www.portalmantena.com.br\/novo\/\"><img loading=\"lazy\" class=\"alignnone size-full wp-image-37331\" src=\"http:\/\/www.portalmantena.com.br\/novo\/wp-content\/uploads\/2018\/05\/faixaportalnoticias5.jpg\" alt=\"\" width=\"700\" height=\"40\" srcset=\"http:\/\/www.portalmantena.com.br\/novo\/wp-content\/uploads\/2018\/05\/faixaportalnoticias5.jpg 700w, http:\/\/www.portalmantena.com.br\/novo\/wp-content\/uploads\/2018\/05\/faixaportalnoticias5-300x17.jpg 300w, http:\/\/www.portalmantena.com.br\/novo\/wp-content\/uploads\/2018\/05\/faixaportalnoticias5-696x40.jpg 696w\" sizes=\"(max-width: 700px) 100vw, 700px\" \/><\/a><\/p>\n<p><span style=\"font-size: 10pt;\">ESPA\u00c7O EMPRESARIAL<\/span><a href=\"http:\/\/www.portalmantena.com.br\/novo\/?p=34494\"><img src=\"http:\/\/www.portalmantena.com.br\/novo\/wp-content\/uploads\/2018\/10\/universal151018.jpg\" \/><\/a><\/p>\n","protected":false},"excerpt":{"rendered":"<p>Uma publica\u00e7\u00e3o foi feita na manh\u00e3 desta quarta-feira dia 20 de Maio, na p\u00e1gina oficial do Munic\u00edpio no facebook informando \u00e0 popula\u00e7\u00e3o da confirma\u00e7\u00e3o dos dois primeiros casos de covid 19 no munic\u00edpio. A publica\u00e7\u00e3o tr\u00e1s a seguinte informa\u00e7\u00e3o: \u201dO munic\u00edpio de Vila Pav\u00e3o, confirmou no final da manh\u00e3 desta quarta-feira (20), o registro dos [&hellip;]<\/p>\n","protected":false},"author":1,"featured_media":60617,"comment_status":"open","ping_status":"open","sticky":false,"template":"","format":"standard","meta":[],"categories":[11,39],"tags":[],"_links":{"self":[{"href":"http:\/\/www.portalmantena.com.br\/novo\/index.php?rest_route=\/wp\/v2\/posts\/60616"}],"collection":[{"href":"http:\/\/www.portalmantena.com.br\/novo\/index.php?rest_route=\/wp\/v2\/posts"}],"about":[{"href":"http:\/\/www.portalmantena.com.br\/novo\/index.php?rest_route=\/wp\/v2\/types\/post"}],"author":[{"embeddable":true,"href":"http:\/\/www.portalmantena.com.br\/novo\/index.php?rest_route=\/wp\/v2\/users\/1"}],"replies":[{"embeddable":true,"href":"http:\/\/www.portalmantena.com.br\/novo\/index.php?rest_route=%2Fwp%2Fv2%2Fcomments&post=60616"}],"version-history":[{"count":1,"href":"http:\/\/www.portalmantena.com.br\/novo\/index.php?rest_route=\/wp\/v2\/posts\/60616\/revisions"}],"predecessor-version":[{"id":60618,"href":"http:\/\/www.portalmantena.com.br\/novo\/index.php?rest_route=\/wp\/v2\/posts\/60616\/revisions\/60618"}],"wp:featuredmedia":[{"embeddable":true,"href":"http:\/\/www.portalmantena.com.br\/novo\/index.php?rest_route=\/wp\/v2\/media\/60617"}],"wp:attachment":[{"href":"http:\/\/www.portalmantena.com.br\/novo\/index.php?rest_route=%2Fwp%2Fv2%2Fmedia&parent=60616"}],"wp:term":[{"taxonomy":"category","embeddable":true,"href":"http:\/\/www.portalmantena.com.br\/novo\/index.php?rest_route=%2Fwp%2Fv2%2Fcategories&post=60616"},{"taxonomy":"post_tag","embeddable":true,"href":"http:\/\/www.portalmantena.com.br\/novo\/index.php?rest_route=%2Fwp%2Fv2%2Ftags&post=60616"}],"curies":[{"name":"wp","href":"https:\/\/api.w.org\/{rel}","templated":true}]}}