{"id":60515,"date":"2020-05-15T16:53:41","date_gmt":"2020-05-15T19:53:41","guid":{"rendered":"http:\/\/www.portalmantena.com.br\/novo\/?p=60515"},"modified":"2020-05-16T06:52:59","modified_gmt":"2020-05-16T09:52:59","slug":"mantena-agora-voce-tem-a-opcao-de-fazer-compras-aos-domingos","status":"publish","type":"post","link":"http:\/\/www.portalmantena.com.br\/novo\/?p=60515","title":{"rendered":"Mantena: Agora voc\u00ea tem a op\u00e7\u00e3o de fazer compras aos Domingos"},"content":{"rendered":"<p><a href=\"http:\/\/www.portalmantena.com.br\/novo\/wp-content\/uploads\/2020\/05\/no150520hiper1.jpg\"><img loading=\"lazy\" class=\"alignnone size-full wp-image-60516\" src=\"http:\/\/www.portalmantena.com.br\/novo\/wp-content\/uploads\/2020\/05\/no150520hiper1.jpg\" alt=\"\" width=\"700\" height=\"450\" srcset=\"http:\/\/www.portalmantena.com.br\/novo\/wp-content\/uploads\/2020\/05\/no150520hiper1.jpg 700w, http:\/\/www.portalmantena.com.br\/novo\/wp-content\/uploads\/2020\/05\/no150520hiper1-300x193.jpg 300w, http:\/\/www.portalmantena.com.br\/novo\/wp-content\/uploads\/2020\/05\/no150520hiper1-696x447.jpg 696w, http:\/\/www.portalmantena.com.br\/novo\/wp-content\/uploads\/2020\/05\/no150520hiper1-653x420.jpg 653w\" sizes=\"(max-width: 700px) 100vw, 700px\" \/><\/a><\/p>\n<p><span style=\"font-size: 14pt;\">Uma \u00f3tima op\u00e7\u00e3o para quem necessita fazer suas comprar e evitar aglomera\u00e7\u00f5es, neste momento atual da Pandemia do novo coronav\u00edrus (covid 19), estar\u00e1 sendo colocada \u00e0 disposi\u00e7\u00e3o das fam\u00edlias mantenenses atrav\u00e9s da dire\u00e7\u00e3o do Hipermercado Valente. <\/span><\/p>\n<p><span style=\"font-size: 14pt;\">A partir deste domingo (17), a loja mais completa da regi\u00e3o estar\u00e1 aberta em hor\u00e1rio especial, trazendo novas possibilidades de compra.<\/span><\/p>\n<p><span style=\"font-size: 18pt;\"><strong> A loja j\u00e1 funciona de segunda \u00e0 s\u00e1bado de 8h30&#8242; \u00e0s 20h30&#8242; e aos domingos abrir\u00e1 as portas de 8h30&#8242; \u00e0s 13h30&#8242;. <\/strong><\/span><\/p>\n<p><span style=\"font-size: 14pt;\">Lembrando tamb\u00e9m que o restaurante estar\u00e1 aberto todos os dias \u00e0 partir das 11 horas, no entanto, de acordo com o decreto municipal 058\/2020, \u00e9 vedado o consumo no local. <\/span><\/p>\n<p><span style=\"font-size: 14pt;\">Fa\u00e7a suas comprar com maior comodidade, tranquilidade e sem aglomera\u00e7\u00f5es, e com estacionamento facilitado, agora voc\u00ea tem esta op\u00e7\u00e3o ofertada pela rede Valente em Mantena.<\/span><\/p>\n<p><a href=\"http:\/\/www.portalmantena.com.br\/novo\/wp-content\/uploads\/2020\/05\/no150520hiper2.jpg\"><img loading=\"lazy\" class=\"alignnone size-full wp-image-60517\" src=\"http:\/\/www.portalmantena.com.br\/novo\/wp-content\/uploads\/2020\/05\/no150520hiper2.jpg\" alt=\"\" width=\"700\" height=\"450\" srcset=\"http:\/\/www.portalmantena.com.br\/novo\/wp-content\/uploads\/2020\/05\/no150520hiper2.jpg 700w, http:\/\/www.portalmantena.com.br\/novo\/wp-content\/uploads\/2020\/05\/no150520hiper2-300x193.jpg 300w, http:\/\/www.portalmantena.com.br\/novo\/wp-content\/uploads\/2020\/05\/no150520hiper2-696x447.jpg 696w, http:\/\/www.portalmantena.com.br\/novo\/wp-content\/uploads\/2020\/05\/no150520hiper2-653x420.jpg 653w\" sizes=\"(max-width: 700px) 100vw, 700px\" \/><\/a><a href=\"http:\/\/www.portalmantena.com.br\/novo\/wp-content\/uploads\/2020\/05\/no150520hiper3.jpg\"><img loading=\"lazy\" class=\"alignnone size-full wp-image-60520\" src=\"http:\/\/www.portalmantena.com.br\/novo\/wp-content\/uploads\/2020\/05\/no150520hiper3.jpg\" alt=\"\" width=\"700\" height=\"450\" srcset=\"http:\/\/www.portalmantena.com.br\/novo\/wp-content\/uploads\/2020\/05\/no150520hiper3.jpg 700w, http:\/\/www.portalmantena.com.br\/novo\/wp-content\/uploads\/2020\/05\/no150520hiper3-300x193.jpg 300w, http:\/\/www.portalmantena.com.br\/novo\/wp-content\/uploads\/2020\/05\/no150520hiper3-696x447.jpg 696w, http:\/\/www.portalmantena.com.br\/novo\/wp-content\/uploads\/2020\/05\/no150520hiper3-653x420.jpg 653w\" sizes=\"(max-width: 700px) 100vw, 700px\" \/><\/a><a href=\"http:\/\/www.portalmantena.com.br\/novo\/\"><img loading=\"lazy\" class=\"alignnone size-full wp-image-37331\" src=\"http:\/\/www.portalmantena.com.br\/novo\/wp-content\/uploads\/2018\/05\/faixaportalnoticias5.jpg\" alt=\"\" width=\"700\" height=\"40\" srcset=\"http:\/\/www.portalmantena.com.br\/novo\/wp-content\/uploads\/2018\/05\/faixaportalnoticias5.jpg 700w, http:\/\/www.portalmantena.com.br\/novo\/wp-content\/uploads\/2018\/05\/faixaportalnoticias5-300x17.jpg 300w, http:\/\/www.portalmantena.com.br\/novo\/wp-content\/uploads\/2018\/05\/faixaportalnoticias5-696x40.jpg 696w\" sizes=\"(max-width: 700px) 100vw, 700px\" \/><\/a><\/p>\n<p><span style=\"font-size: 10pt;\">ESPA\u00c7O EMPRESARIAL<\/span><a href=\"http:\/\/www.portalmantena.com.br\/novo\/?p=53568\"><img loading=\"lazy\" class=\"alignnone size-full wp-image-54066\" src=\"http:\/\/www.portalmantena.com.br\/novo\/wp-content\/uploads\/2018\/05\/valenteapp.jpg\" alt=\"\" width=\"700\" height=\"150\" srcset=\"http:\/\/www.portalmantena.com.br\/novo\/wp-content\/uploads\/2018\/05\/valenteapp.jpg 700w, http:\/\/www.portalmantena.com.br\/novo\/wp-content\/uploads\/2018\/05\/valenteapp-300x64.jpg 300w, http:\/\/www.portalmantena.com.br\/novo\/wp-content\/uploads\/2018\/05\/valenteapp-696x150.jpg 696w\" sizes=\"(max-width: 700px) 100vw, 700px\" \/><\/a><\/p>\n","protected":false},"excerpt":{"rendered":"<p>Uma \u00f3tima op\u00e7\u00e3o para quem necessita fazer suas comprar e evitar aglomera\u00e7\u00f5es, neste momento atual da Pandemia do novo coronav\u00edrus (covid 19), estar\u00e1 sendo colocada \u00e0 disposi\u00e7\u00e3o das fam\u00edlias mantenenses atrav\u00e9s da dire\u00e7\u00e3o do Hipermercado Valente. A partir deste domingo (17), a loja mais completa da regi\u00e3o estar\u00e1 aberta em hor\u00e1rio especial, trazendo novas possibilidades [&hellip;]<\/p>\n","protected":false},"author":1,"featured_media":60516,"comment_status":"open","ping_status":"open","sticky":false,"template":"","format":"standard","meta":[],"categories":[36,12],"tags":[],"_links":{"self":[{"href":"http:\/\/www.portalmantena.com.br\/novo\/index.php?rest_route=\/wp\/v2\/posts\/60515"}],"collection":[{"href":"http:\/\/www.portalmantena.com.br\/novo\/index.php?rest_route=\/wp\/v2\/posts"}],"about":[{"href":"http:\/\/www.portalmantena.com.br\/novo\/index.php?rest_route=\/wp\/v2\/types\/post"}],"author":[{"embeddable":true,"href":"http:\/\/www.portalmantena.com.br\/novo\/index.php?rest_route=\/wp\/v2\/users\/1"}],"replies":[{"embeddable":true,"href":"http:\/\/www.portalmantena.com.br\/novo\/index.php?rest_route=%2Fwp%2Fv2%2Fcomments&post=60515"}],"version-history":[{"count":3,"href":"http:\/\/www.portalmantena.com.br\/novo\/index.php?rest_route=\/wp\/v2\/posts\/60515\/revisions"}],"predecessor-version":[{"id":60521,"href":"http:\/\/www.portalmantena.com.br\/novo\/index.php?rest_route=\/wp\/v2\/posts\/60515\/revisions\/60521"}],"wp:featuredmedia":[{"embeddable":true,"href":"http:\/\/www.portalmantena.com.br\/novo\/index.php?rest_route=\/wp\/v2\/media\/60516"}],"wp:attachment":[{"href":"http:\/\/www.portalmantena.com.br\/novo\/index.php?rest_route=%2Fwp%2Fv2%2Fmedia&parent=60515"}],"wp:term":[{"taxonomy":"category","embeddable":true,"href":"http:\/\/www.portalmantena.com.br\/novo\/index.php?rest_route=%2Fwp%2Fv2%2Fcategories&post=60515"},{"taxonomy":"post_tag","embeddable":true,"href":"http:\/\/www.portalmantena.com.br\/novo\/index.php?rest_route=%2Fwp%2Fv2%2Ftags&post=60515"}],"curies":[{"name":"wp","href":"https:\/\/api.w.org\/{rel}","templated":true}]}}