{"id":60511,"date":"2020-05-15T15:20:02","date_gmt":"2020-05-15T18:20:02","guid":{"rendered":"http:\/\/www.portalmantena.com.br\/novo\/?p=60511"},"modified":"2020-05-15T15:29:36","modified_gmt":"2020-05-15T18:29:36","slug":"divino-das-laranjeiras-registra-seu-1o-caso-de-covid-19","status":"publish","type":"post","link":"http:\/\/www.portalmantena.com.br\/novo\/?p=60511","title":{"rendered":"Divino das Laranjeiras registra seu 1\u00ba caso de Covid 19"},"content":{"rendered":"<p><a href=\"http:\/\/www.portalmantena.com.br\/novo\/wp-content\/uploads\/2020\/05\/no150520divino.jpg\"><img loading=\"lazy\" class=\"alignnone size-full wp-image-60512\" src=\"http:\/\/www.portalmantena.com.br\/novo\/wp-content\/uploads\/2020\/05\/no150520divino.jpg\" alt=\"\" width=\"700\" height=\"450\" srcset=\"http:\/\/www.portalmantena.com.br\/novo\/wp-content\/uploads\/2020\/05\/no150520divino.jpg 700w, http:\/\/www.portalmantena.com.br\/novo\/wp-content\/uploads\/2020\/05\/no150520divino-300x193.jpg 300w, http:\/\/www.portalmantena.com.br\/novo\/wp-content\/uploads\/2020\/05\/no150520divino-696x447.jpg 696w, http:\/\/www.portalmantena.com.br\/novo\/wp-content\/uploads\/2020\/05\/no150520divino-653x420.jpg 653w\" sizes=\"(max-width: 700px) 100vw, 700px\" \/><\/a><\/p>\n<p><span style=\"font-size: 14pt;\">Foi divulgado na tarde desta sexta-feira dia 15 de maio, pela secretaria municipal de sa\u00fade, atrav\u00e9s de sua p\u00e1gina oficial no facebook, o primeiro caso confirmado de covid 19 (coronav\u00edrus) no munic\u00edpio de Divino das Laranjeiras. <\/span><\/p>\n<p><span style=\"font-size: 14pt;\">A publica\u00e7\u00e3o tr\u00e1s em seu conte\u00fado a seguinte informa\u00e7\u00e3o: <\/span><\/p>\n<p><span style=\"font-size: 14pt;\"><em><strong>\u201cInformamos que no munic\u00edpio de Divino das Laranjeiras foram NOTIFICADOS, desde o in\u00edcio da pandemia, 04 casos de Coronav\u00edrus (COVID-19). <\/strong><\/em><\/span><\/p>\n<p><span style=\"font-size: 14pt;\"><em><strong>Desses 04 casos, 02 j\u00e1 foram DESCARTADOS, 01 caso foi CONFIRMADO, e 01 caso est\u00e1 ainda SUSPEITO, AGUARDANDO OS RESULTADOS DE EXAMES. <\/strong><\/em><\/span><\/p>\n<p><span style=\"font-size: 14pt;\"><em><strong>Esclarecemos que a paciente que confirmou para o COVID-19 est\u00e1 em isolamento domiciliar desde ontem, quando recebeu o resultado positivo do teste. <\/strong><\/em><\/span><\/p>\n<p><span style=\"font-size: 14pt;\"><em><strong>Por enquanto ela n\u00e3o apresenta sintomas. Refor\u00e7amos o pedido para que a popula\u00e7\u00e3o FIQUE EM CASA e redobre os cuidados, seguindo as medidas de preven\u00e7\u00e3o estabelecidas pelo Minist\u00e9rio da Sa\u00fade. <\/strong><\/em><\/span><\/p>\n<p><span style=\"font-size: 14pt;\"><em><strong>Prefeitura de Divino das Laranjeiras<\/strong><\/em><\/span><br \/>\n<span style=\"font-size: 14pt;\"><em><strong> Nossa cidade, nosso orgulho. Admi. 2017-2020\u201d.<\/strong><\/em><\/span><\/p>\n<p><a href=\"http:\/\/www.portalmantena.com.br\/novo\/\"><img loading=\"lazy\" class=\"alignnone size-full wp-image-37331\" src=\"http:\/\/www.portalmantena.com.br\/novo\/wp-content\/uploads\/2018\/05\/faixaportalnoticias5.jpg\" alt=\"\" width=\"700\" height=\"40\" srcset=\"http:\/\/www.portalmantena.com.br\/novo\/wp-content\/uploads\/2018\/05\/faixaportalnoticias5.jpg 700w, http:\/\/www.portalmantena.com.br\/novo\/wp-content\/uploads\/2018\/05\/faixaportalnoticias5-300x17.jpg 300w, http:\/\/www.portalmantena.com.br\/novo\/wp-content\/uploads\/2018\/05\/faixaportalnoticias5-696x40.jpg 696w\" sizes=\"(max-width: 700px) 100vw, 700px\" \/><\/a><\/p>\n<p><span style=\"font-size: 10pt;\">ESPA\u00c7O EMPRESARIAL<\/span><a href=\"http:\/\/www.molvw.com.br\/\"><img loading=\"lazy\" class=\"alignnone size-full wp-image-29504\" src=\"http:\/\/www.portalmantena.com.br\/novo\/wp-content\/uploads\/2018\/05\/molvolkswagen.jpg\" alt=\"\" width=\"700\" height=\"150\" srcset=\"http:\/\/www.portalmantena.com.br\/novo\/wp-content\/uploads\/2018\/05\/molvolkswagen.jpg 700w, http:\/\/www.portalmantena.com.br\/novo\/wp-content\/uploads\/2018\/05\/molvolkswagen-300x64.jpg 300w, http:\/\/www.portalmantena.com.br\/novo\/wp-content\/uploads\/2018\/05\/molvolkswagen-696x150.jpg 696w\" sizes=\"(max-width: 700px) 100vw, 700px\" \/><\/a><\/p>\n<p><a href=\"http:\/\/www.portalmantena.com.br\/novo\/wp-content\/uploads\/2020\/05\/no150520divino2.jpg\"><img loading=\"lazy\" class=\"alignnone size-full wp-image-60513\" src=\"http:\/\/www.portalmantena.com.br\/novo\/wp-content\/uploads\/2020\/05\/no150520divino2.jpg\" alt=\"\" width=\"700\" height=\"450\" srcset=\"http:\/\/www.portalmantena.com.br\/novo\/wp-content\/uploads\/2020\/05\/no150520divino2.jpg 700w, http:\/\/www.portalmantena.com.br\/novo\/wp-content\/uploads\/2020\/05\/no150520divino2-300x193.jpg 300w, http:\/\/www.portalmantena.com.br\/novo\/wp-content\/uploads\/2020\/05\/no150520divino2-696x447.jpg 696w, http:\/\/www.portalmantena.com.br\/novo\/wp-content\/uploads\/2020\/05\/no150520divino2-653x420.jpg 653w\" sizes=\"(max-width: 700px) 100vw, 700px\" \/><\/a><\/p>\n","protected":false},"excerpt":{"rendered":"<p>Foi divulgado na tarde desta sexta-feira dia 15 de maio, pela secretaria municipal de sa\u00fade, atrav\u00e9s de sua p\u00e1gina oficial no facebook, o primeiro caso confirmado de covid 19 (coronav\u00edrus) no munic\u00edpio de Divino das Laranjeiras. A publica\u00e7\u00e3o tr\u00e1s em seu conte\u00fado a seguinte informa\u00e7\u00e3o: \u201cInformamos que no munic\u00edpio de Divino das Laranjeiras foram NOTIFICADOS, [&hellip;]<\/p>\n","protected":false},"author":1,"featured_media":60513,"comment_status":"open","ping_status":"open","sticky":false,"template":"","format":"standard","meta":[],"categories":[11,39],"tags":[],"_links":{"self":[{"href":"http:\/\/www.portalmantena.com.br\/novo\/index.php?rest_route=\/wp\/v2\/posts\/60511"}],"collection":[{"href":"http:\/\/www.portalmantena.com.br\/novo\/index.php?rest_route=\/wp\/v2\/posts"}],"about":[{"href":"http:\/\/www.portalmantena.com.br\/novo\/index.php?rest_route=\/wp\/v2\/types\/post"}],"author":[{"embeddable":true,"href":"http:\/\/www.portalmantena.com.br\/novo\/index.php?rest_route=\/wp\/v2\/users\/1"}],"replies":[{"embeddable":true,"href":"http:\/\/www.portalmantena.com.br\/novo\/index.php?rest_route=%2Fwp%2Fv2%2Fcomments&post=60511"}],"version-history":[{"count":1,"href":"http:\/\/www.portalmantena.com.br\/novo\/index.php?rest_route=\/wp\/v2\/posts\/60511\/revisions"}],"predecessor-version":[{"id":60514,"href":"http:\/\/www.portalmantena.com.br\/novo\/index.php?rest_route=\/wp\/v2\/posts\/60511\/revisions\/60514"}],"wp:featuredmedia":[{"embeddable":true,"href":"http:\/\/www.portalmantena.com.br\/novo\/index.php?rest_route=\/wp\/v2\/media\/60513"}],"wp:attachment":[{"href":"http:\/\/www.portalmantena.com.br\/novo\/index.php?rest_route=%2Fwp%2Fv2%2Fmedia&parent=60511"}],"wp:term":[{"taxonomy":"category","embeddable":true,"href":"http:\/\/www.portalmantena.com.br\/novo\/index.php?rest_route=%2Fwp%2Fv2%2Fcategories&post=60511"},{"taxonomy":"post_tag","embeddable":true,"href":"http:\/\/www.portalmantena.com.br\/novo\/index.php?rest_route=%2Fwp%2Fv2%2Ftags&post=60511"}],"curies":[{"name":"wp","href":"https:\/\/api.w.org\/{rel}","templated":true}]}}