{"id":60459,"date":"2020-05-13T16:08:14","date_gmt":"2020-05-13T19:08:14","guid":{"rendered":"http:\/\/www.portalmantena.com.br\/novo\/?p=60459"},"modified":"2020-05-13T16:08:14","modified_gmt":"2020-05-13T19:08:14","slug":"pancas-tem-9-casos-confirmados-de-covid-19","status":"publish","type":"post","link":"http:\/\/www.portalmantena.com.br\/novo\/?p=60459","title":{"rendered":"Pancas tem 9 casos confirmados de Covid 19"},"content":{"rendered":"<p><a href=\"http:\/\/www.portalmantena.com.br\/novo\/wp-content\/uploads\/2020\/05\/no130520pancas.jpg\"><img loading=\"lazy\" class=\"alignnone size-full wp-image-60460\" src=\"http:\/\/www.portalmantena.com.br\/novo\/wp-content\/uploads\/2020\/05\/no130520pancas.jpg\" alt=\"\" width=\"700\" height=\"450\" srcset=\"http:\/\/www.portalmantena.com.br\/novo\/wp-content\/uploads\/2020\/05\/no130520pancas.jpg 700w, http:\/\/www.portalmantena.com.br\/novo\/wp-content\/uploads\/2020\/05\/no130520pancas-300x193.jpg 300w, http:\/\/www.portalmantena.com.br\/novo\/wp-content\/uploads\/2020\/05\/no130520pancas-696x447.jpg 696w, http:\/\/www.portalmantena.com.br\/novo\/wp-content\/uploads\/2020\/05\/no130520pancas-653x420.jpg 653w\" sizes=\"(max-width: 700px) 100vw, 700px\" \/><\/a><\/p>\n<p><span style=\"font-size: 14pt;\">Os casos positivos de Covid 19 (novo coronav\u00edrus), vem crescendo na regi\u00e3o e atingindo praticamente todos os munic\u00edpios. <\/span><\/p>\n<p><span style=\"font-size: 14pt;\">A prefeitura de Pancas, no noroeste capixaba, atrav\u00e9s da secretaria municipal de sa\u00fade, divulgou na tarde desta segunda-feira (11), um boletim epidemiol\u00f3gico informando sobre os casos da doen\u00e7a no munic\u00edpio. <\/span><\/p>\n<p><span style=\"font-size: 14pt;\">De acordo com o demonstrativo divulgado na tarde de segunda-feira, na p\u00e1gina oficial da prefeitura no Facebook, o munic\u00edpio de Pancas registra 9 casos confirmados de covid 19, um paciente curado, sendo que existem ainda 10 casos em investiga\u00e7\u00e3o. <\/span><\/p>\n<p><span style=\"font-size: 18pt;\"><strong>A secretaria de sa\u00fade orienta que a popula\u00e7\u00e3o intensifique os cuidados como higieniza\u00e7\u00e3o, uso de m\u00e1scaras e distanciamento social.<\/strong><\/span><\/p>\n<p><span style=\"font-size: 14pt;\"> S\u00f3 sair de casa em caso de extrema necessidade e sempre use m\u00e1scaras. Se desejar acessar a p\u00e1gina da Prefeitura no Facebook, <strong><a href=\"https:\/\/www.facebook.com\/prefeituradepancas\/\">CLIQUE AQUI<\/a><\/strong>.<\/span><\/p>\n<p><a href=\"http:\/\/www.portalmantena.com.br\/novo\/\"><img loading=\"lazy\" class=\"alignnone size-full wp-image-37331\" src=\"http:\/\/www.portalmantena.com.br\/novo\/wp-content\/uploads\/2018\/05\/faixaportalnoticias5.jpg\" alt=\"\" width=\"700\" height=\"40\" srcset=\"http:\/\/www.portalmantena.com.br\/novo\/wp-content\/uploads\/2018\/05\/faixaportalnoticias5.jpg 700w, http:\/\/www.portalmantena.com.br\/novo\/wp-content\/uploads\/2018\/05\/faixaportalnoticias5-300x17.jpg 300w, http:\/\/www.portalmantena.com.br\/novo\/wp-content\/uploads\/2018\/05\/faixaportalnoticias5-696x40.jpg 696w\" sizes=\"(max-width: 700px) 100vw, 700px\" \/><\/a><\/p>\n<p><span style=\"font-size: 10pt;\">ESPA\u00c7O EMPRESARIAL<\/span><a href=\"https:\/\/www.facebook.com\/lojaeletrocellcelulares\/\"><img loading=\"lazy\" class=\"alignnone size-full wp-image-37660\" src=\"http:\/\/www.portalmantena.com.br\/novo\/wp-content\/uploads\/2018\/05\/eletrocel1.jpg\" alt=\"\" width=\"700\" height=\"150\" srcset=\"http:\/\/www.portalmantena.com.br\/novo\/wp-content\/uploads\/2018\/05\/eletrocel1.jpg 700w, http:\/\/www.portalmantena.com.br\/novo\/wp-content\/uploads\/2018\/05\/eletrocel1-300x64.jpg 300w, http:\/\/www.portalmantena.com.br\/novo\/wp-content\/uploads\/2018\/05\/eletrocel1-696x150.jpg 696w\" sizes=\"(max-width: 700px) 100vw, 700px\" \/><\/a><\/p>\n","protected":false},"excerpt":{"rendered":"<p>Os casos positivos de Covid 19 (novo coronav\u00edrus), vem crescendo na regi\u00e3o e atingindo praticamente todos os munic\u00edpios. A prefeitura de Pancas, no noroeste capixaba, atrav\u00e9s da secretaria municipal de sa\u00fade, divulgou na tarde desta segunda-feira (11), um boletim epidemiol\u00f3gico informando sobre os casos da doen\u00e7a no munic\u00edpio. De acordo com o demonstrativo divulgado na [&hellip;]<\/p>\n","protected":false},"author":1,"featured_media":60460,"comment_status":"open","ping_status":"open","sticky":false,"template":"","format":"standard","meta":[],"categories":[11],"tags":[],"_links":{"self":[{"href":"http:\/\/www.portalmantena.com.br\/novo\/index.php?rest_route=\/wp\/v2\/posts\/60459"}],"collection":[{"href":"http:\/\/www.portalmantena.com.br\/novo\/index.php?rest_route=\/wp\/v2\/posts"}],"about":[{"href":"http:\/\/www.portalmantena.com.br\/novo\/index.php?rest_route=\/wp\/v2\/types\/post"}],"author":[{"embeddable":true,"href":"http:\/\/www.portalmantena.com.br\/novo\/index.php?rest_route=\/wp\/v2\/users\/1"}],"replies":[{"embeddable":true,"href":"http:\/\/www.portalmantena.com.br\/novo\/index.php?rest_route=%2Fwp%2Fv2%2Fcomments&post=60459"}],"version-history":[{"count":1,"href":"http:\/\/www.portalmantena.com.br\/novo\/index.php?rest_route=\/wp\/v2\/posts\/60459\/revisions"}],"predecessor-version":[{"id":60461,"href":"http:\/\/www.portalmantena.com.br\/novo\/index.php?rest_route=\/wp\/v2\/posts\/60459\/revisions\/60461"}],"wp:featuredmedia":[{"embeddable":true,"href":"http:\/\/www.portalmantena.com.br\/novo\/index.php?rest_route=\/wp\/v2\/media\/60460"}],"wp:attachment":[{"href":"http:\/\/www.portalmantena.com.br\/novo\/index.php?rest_route=%2Fwp%2Fv2%2Fmedia&parent=60459"}],"wp:term":[{"taxonomy":"category","embeddable":true,"href":"http:\/\/www.portalmantena.com.br\/novo\/index.php?rest_route=%2Fwp%2Fv2%2Fcategories&post=60459"},{"taxonomy":"post_tag","embeddable":true,"href":"http:\/\/www.portalmantena.com.br\/novo\/index.php?rest_route=%2Fwp%2Fv2%2Ftags&post=60459"}],"curies":[{"name":"wp","href":"https:\/\/api.w.org\/{rel}","templated":true}]}}