{"id":59450,"date":"2020-03-23T15:51:13","date_gmt":"2020-03-23T18:51:13","guid":{"rendered":"http:\/\/www.portalmantena.com.br\/novo\/?p=59450"},"modified":"2020-03-23T15:51:13","modified_gmt":"2020-03-23T18:51:13","slug":"atencao-fique-em-casa-mas-nao-esqueca-da-dengue","status":"publish","type":"post","link":"http:\/\/www.portalmantena.com.br\/novo\/?p=59450","title":{"rendered":"Aten\u00e7\u00e3o: Fique em Casa, mas n\u00e3o esque\u00e7a da Dengue"},"content":{"rendered":"<p><a href=\"http:\/\/www.portalmantena.com.br\/novo\/wp-content\/uploads\/2020\/03\/no230320dengue.jpg\"><img loading=\"lazy\" class=\"alignnone size-full wp-image-59451\" src=\"http:\/\/www.portalmantena.com.br\/novo\/wp-content\/uploads\/2020\/03\/no230320dengue.jpg\" alt=\"\" width=\"700\" height=\"450\" srcset=\"http:\/\/www.portalmantena.com.br\/novo\/wp-content\/uploads\/2020\/03\/no230320dengue.jpg 700w, http:\/\/www.portalmantena.com.br\/novo\/wp-content\/uploads\/2020\/03\/no230320dengue-300x193.jpg 300w, http:\/\/www.portalmantena.com.br\/novo\/wp-content\/uploads\/2020\/03\/no230320dengue-696x447.jpg 696w, http:\/\/www.portalmantena.com.br\/novo\/wp-content\/uploads\/2020\/03\/no230320dengue-653x420.jpg 653w\" sizes=\"(max-width: 700px) 100vw, 700px\" \/><\/a><\/p>\n<p><span style=\"font-size: 14pt;\">Duas informa\u00e7\u00f5es muito importantes est\u00e3o sendo compartilhadas nas redes sociais, e agora passa tamb\u00e9m pela reda\u00e7\u00e3o do portalmantena, pedindo \u00e0 popula\u00e7\u00e3o que aproveite estes dias de Quarentena (Recolhimento Social) contra o Coronav\u00edrus, para averiguar uma outra situa\u00e7\u00e3o real e urgente em Mantena. <\/span><\/p>\n<p><span style=\"font-size: 14pt;\">Muitos casos de DENGUE est\u00e3o sendo registrados na cidade deste ano, e agora, com tempo suficiente para o mantenense observar sua pr\u00f3pria resid\u00eancia, \u00e9 hora de passar a rotina das fiscaliza\u00e7\u00f5es.<\/span><\/p>\n<p><span style=\"font-size: 18pt;\"><strong>FIQUE EM CASA e aproveite para COMBATER A DENGUE<\/strong><\/span><\/p>\n<p><span style=\"font-size: 14pt;\">N\u00e3o deixe de olhar os vasos de plantas, calhas, ralos, quintais sujos e n\u00e3o deixar passar desapercebido os objetos que possam acumular \u00e1gua. <\/span><\/p>\n<p><span style=\"font-size: 14pt;\">Gra\u00e7as a Deus as chuvas vem caindo em nossa regi\u00e3o, e o mosquito transmissor da dengue aproveita a \u00e1gua acumulada para colocar seus ovos. Ent\u00e3o, relembrando, dois pedidos fundamentais neste momento: 1\u00ba) FICAR EM CASA e 2\u00ba) COMBATER A DENGUE.\u00a0<\/span><\/p>\n<p><a href=\"http:\/\/www.portalmantena.com.br\/novo\/\"><img loading=\"lazy\" class=\"alignnone size-full wp-image-37331\" src=\"http:\/\/www.portalmantena.com.br\/novo\/wp-content\/uploads\/2018\/05\/faixaportalnoticias5.jpg\" alt=\"\" width=\"700\" height=\"40\" srcset=\"http:\/\/www.portalmantena.com.br\/novo\/wp-content\/uploads\/2018\/05\/faixaportalnoticias5.jpg 700w, http:\/\/www.portalmantena.com.br\/novo\/wp-content\/uploads\/2018\/05\/faixaportalnoticias5-300x17.jpg 300w, http:\/\/www.portalmantena.com.br\/novo\/wp-content\/uploads\/2018\/05\/faixaportalnoticias5-696x40.jpg 696w\" sizes=\"(max-width: 700px) 100vw, 700px\" \/><\/a><\/p>\n<p><span style=\"font-size: 10pt;\">ESPA\u00c7O EMPRESARIAL<\/span><a href=\"http:\/\/www.brsite.com.br\/\"><img loading=\"lazy\" class=\"alignnone size-full wp-image-43333\" src=\"http:\/\/www.portalmantena.com.br\/novo\/wp-content\/uploads\/2018\/05\/brsitebanner.jpg\" alt=\"\" width=\"700\" height=\"150\" srcset=\"http:\/\/www.portalmantena.com.br\/novo\/wp-content\/uploads\/2018\/05\/brsitebanner.jpg 700w, http:\/\/www.portalmantena.com.br\/novo\/wp-content\/uploads\/2018\/05\/brsitebanner-300x64.jpg 300w, http:\/\/www.portalmantena.com.br\/novo\/wp-content\/uploads\/2018\/05\/brsitebanner-696x150.jpg 696w\" sizes=\"(max-width: 700px) 100vw, 700px\" \/><\/a><\/p>\n","protected":false},"excerpt":{"rendered":"<p>Duas informa\u00e7\u00f5es muito importantes est\u00e3o sendo compartilhadas nas redes sociais, e agora passa tamb\u00e9m pela reda\u00e7\u00e3o do portalmantena, pedindo \u00e0 popula\u00e7\u00e3o que aproveite estes dias de Quarentena (Recolhimento Social) contra o Coronav\u00edrus, para averiguar uma outra situa\u00e7\u00e3o real e urgente em Mantena. Muitos casos de DENGUE est\u00e3o sendo registrados na cidade deste ano, e agora, [&hellip;]<\/p>\n","protected":false},"author":1,"featured_media":59451,"comment_status":"open","ping_status":"open","sticky":false,"template":"","format":"standard","meta":[],"categories":[36,11],"tags":[],"_links":{"self":[{"href":"http:\/\/www.portalmantena.com.br\/novo\/index.php?rest_route=\/wp\/v2\/posts\/59450"}],"collection":[{"href":"http:\/\/www.portalmantena.com.br\/novo\/index.php?rest_route=\/wp\/v2\/posts"}],"about":[{"href":"http:\/\/www.portalmantena.com.br\/novo\/index.php?rest_route=\/wp\/v2\/types\/post"}],"author":[{"embeddable":true,"href":"http:\/\/www.portalmantena.com.br\/novo\/index.php?rest_route=\/wp\/v2\/users\/1"}],"replies":[{"embeddable":true,"href":"http:\/\/www.portalmantena.com.br\/novo\/index.php?rest_route=%2Fwp%2Fv2%2Fcomments&post=59450"}],"version-history":[{"count":1,"href":"http:\/\/www.portalmantena.com.br\/novo\/index.php?rest_route=\/wp\/v2\/posts\/59450\/revisions"}],"predecessor-version":[{"id":59452,"href":"http:\/\/www.portalmantena.com.br\/novo\/index.php?rest_route=\/wp\/v2\/posts\/59450\/revisions\/59452"}],"wp:featuredmedia":[{"embeddable":true,"href":"http:\/\/www.portalmantena.com.br\/novo\/index.php?rest_route=\/wp\/v2\/media\/59451"}],"wp:attachment":[{"href":"http:\/\/www.portalmantena.com.br\/novo\/index.php?rest_route=%2Fwp%2Fv2%2Fmedia&parent=59450"}],"wp:term":[{"taxonomy":"category","embeddable":true,"href":"http:\/\/www.portalmantena.com.br\/novo\/index.php?rest_route=%2Fwp%2Fv2%2Fcategories&post=59450"},{"taxonomy":"post_tag","embeddable":true,"href":"http:\/\/www.portalmantena.com.br\/novo\/index.php?rest_route=%2Fwp%2Fv2%2Ftags&post=59450"}],"curies":[{"name":"wp","href":"https:\/\/api.w.org\/{rel}","templated":true}]}}