{"id":59245,"date":"2020-03-13T15:25:42","date_gmt":"2020-03-13T18:25:42","guid":{"rendered":"http:\/\/www.portalmantena.com.br\/novo\/?p=59245"},"modified":"2020-03-13T15:25:42","modified_gmt":"2020-03-13T18:25:42","slug":"nazario-final-de-semana-tem-2o-torneio-de-futebol-do-coco","status":"publish","type":"post","link":"http:\/\/www.portalmantena.com.br\/novo\/?p=59245","title":{"rendered":"Naz\u00e1rio: Final de semana tem 2\u00ba Torneio de Futebol do Coco"},"content":{"rendered":"<p><a href=\"http:\/\/www.portalmantena.com.br\/novo\/wp-content\/uploads\/2020\/03\/no130320futebol1.jpg\"><img loading=\"lazy\" class=\"alignnone size-full wp-image-59246\" src=\"http:\/\/www.portalmantena.com.br\/novo\/wp-content\/uploads\/2020\/03\/no130320futebol1.jpg\" alt=\"\" width=\"700\" height=\"450\" srcset=\"http:\/\/www.portalmantena.com.br\/novo\/wp-content\/uploads\/2020\/03\/no130320futebol1.jpg 700w, http:\/\/www.portalmantena.com.br\/novo\/wp-content\/uploads\/2020\/03\/no130320futebol1-300x193.jpg 300w, http:\/\/www.portalmantena.com.br\/novo\/wp-content\/uploads\/2020\/03\/no130320futebol1-696x447.jpg 696w, http:\/\/www.portalmantena.com.br\/novo\/wp-content\/uploads\/2020\/03\/no130320futebol1-653x420.jpg 653w\" sizes=\"(max-width: 700px) 100vw, 700px\" \/><\/a><\/p>\n<p><span style=\"font-size: 14pt;\">Neste s\u00e1bado dia 14 de mar\u00e7o e domingo dia 15, acontecer\u00e1 no povoado do Naz\u00e1rio, munic\u00edpio de Mantena, o 2\u00ba Torneio de Futebol do Coco. <\/span><\/p>\n<p><span style=\"font-size: 14pt;\">O evento que aconteceria na \u00faltima semana e havia sido adiado pelas fortes chuvas, agora est\u00e1 prontinho para acontecer no campo de futebol do Naz\u00e1rio. <\/span><\/p>\n<p><span style=\"font-size: 14pt;\">V\u00e1rias equipes j\u00e1 confirmaram presen\u00e7a, lembrando que neste s\u00e1bado e domingo acontecer\u00e3o jogos por\u00e9m no outro s\u00e1bado, dia 28 de mar\u00e7o \u00e9 que ser\u00e1 realizada a grande final, e na ocasi\u00e3o, logo ap\u00f3s o torneio acontecer\u00e1 um belo e agitado show com Elias Pedra. <\/span><\/p>\n<p><span style=\"font-size: 14pt;\">Participe de mais este momento do esporte mantenense, contatos para inscri\u00e7\u00f5es com: F\u00e1bio Bolber (33) 9 8829-9849, Fernando (33) 9 9825-5444 ou Rafael do coco: (33) 9 9971-8476.<\/span><\/p>\n<p><a href=\"http:\/\/www.portalmantena.com.br\/novo\/\"><img loading=\"lazy\" class=\"alignnone size-full wp-image-37331\" src=\"http:\/\/www.portalmantena.com.br\/novo\/wp-content\/uploads\/2018\/05\/faixaportalnoticias5.jpg\" alt=\"\" width=\"700\" height=\"40\" srcset=\"http:\/\/www.portalmantena.com.br\/novo\/wp-content\/uploads\/2018\/05\/faixaportalnoticias5.jpg 700w, http:\/\/www.portalmantena.com.br\/novo\/wp-content\/uploads\/2018\/05\/faixaportalnoticias5-300x17.jpg 300w, http:\/\/www.portalmantena.com.br\/novo\/wp-content\/uploads\/2018\/05\/faixaportalnoticias5-696x40.jpg 696w\" sizes=\"(max-width: 700px) 100vw, 700px\" \/><\/a><\/p>\n<p><span style=\"font-size: 10pt;\">ESPA\u00c7O EMPRESARIAL<\/span><a href=\"https:\/\/www.facebook.com\/pg\/casadasbicicletas\/photos\/?ref=page_internal\"><img loading=\"lazy\" class=\"alignnone size-full wp-image-56381\" src=\"http:\/\/www.portalmantena.com.br\/novo\/wp-content\/uploads\/2018\/05\/bifao4.jpg\" alt=\"\" width=\"700\" height=\"150\" srcset=\"http:\/\/www.portalmantena.com.br\/novo\/wp-content\/uploads\/2018\/05\/bifao4.jpg 700w, http:\/\/www.portalmantena.com.br\/novo\/wp-content\/uploads\/2018\/05\/bifao4-300x64.jpg 300w, http:\/\/www.portalmantena.com.br\/novo\/wp-content\/uploads\/2018\/05\/bifao4-696x150.jpg 696w\" sizes=\"(max-width: 700px) 100vw, 700px\" \/><\/a><\/p>\n","protected":false},"excerpt":{"rendered":"<p>Neste s\u00e1bado dia 14 de mar\u00e7o e domingo dia 15, acontecer\u00e1 no povoado do Naz\u00e1rio, munic\u00edpio de Mantena, o 2\u00ba Torneio de Futebol do Coco. O evento que aconteceria na \u00faltima semana e havia sido adiado pelas fortes chuvas, agora est\u00e1 prontinho para acontecer no campo de futebol do Naz\u00e1rio. V\u00e1rias equipes j\u00e1 confirmaram presen\u00e7a, [&hellip;]<\/p>\n","protected":false},"author":1,"featured_media":59246,"comment_status":"open","ping_status":"open","sticky":false,"template":"","format":"standard","meta":[],"categories":[11,22],"tags":[],"_links":{"self":[{"href":"http:\/\/www.portalmantena.com.br\/novo\/index.php?rest_route=\/wp\/v2\/posts\/59245"}],"collection":[{"href":"http:\/\/www.portalmantena.com.br\/novo\/index.php?rest_route=\/wp\/v2\/posts"}],"about":[{"href":"http:\/\/www.portalmantena.com.br\/novo\/index.php?rest_route=\/wp\/v2\/types\/post"}],"author":[{"embeddable":true,"href":"http:\/\/www.portalmantena.com.br\/novo\/index.php?rest_route=\/wp\/v2\/users\/1"}],"replies":[{"embeddable":true,"href":"http:\/\/www.portalmantena.com.br\/novo\/index.php?rest_route=%2Fwp%2Fv2%2Fcomments&post=59245"}],"version-history":[{"count":1,"href":"http:\/\/www.portalmantena.com.br\/novo\/index.php?rest_route=\/wp\/v2\/posts\/59245\/revisions"}],"predecessor-version":[{"id":59247,"href":"http:\/\/www.portalmantena.com.br\/novo\/index.php?rest_route=\/wp\/v2\/posts\/59245\/revisions\/59247"}],"wp:featuredmedia":[{"embeddable":true,"href":"http:\/\/www.portalmantena.com.br\/novo\/index.php?rest_route=\/wp\/v2\/media\/59246"}],"wp:attachment":[{"href":"http:\/\/www.portalmantena.com.br\/novo\/index.php?rest_route=%2Fwp%2Fv2%2Fmedia&parent=59245"}],"wp:term":[{"taxonomy":"category","embeddable":true,"href":"http:\/\/www.portalmantena.com.br\/novo\/index.php?rest_route=%2Fwp%2Fv2%2Fcategories&post=59245"},{"taxonomy":"post_tag","embeddable":true,"href":"http:\/\/www.portalmantena.com.br\/novo\/index.php?rest_route=%2Fwp%2Fv2%2Ftags&post=59245"}],"curies":[{"name":"wp","href":"https:\/\/api.w.org\/{rel}","templated":true}]}}